{"id":76710,"date":"2020-02-19T18:46:18","date_gmt":"2020-02-19T23:46:18","guid":{"rendered":"https:\/\/linitiative.ca\/International\/region-du-centre-vers-un-referentiel-damenagement-du-territoire\/"},"modified":"2020-02-19T18:46:18","modified_gmt":"2020-02-19T23:46:18","slug":"region-du-centre-vers-un-referentiel-damenagement-du-territoire","status":"publish","type":"post","link":"https:\/\/linitiative.ca\/International\/region-du-centre-vers-un-referentiel-damenagement-du-territoire\/","title":{"rendered":"R\u00e9gion du Centre : Vers un r\u00e9f\u00e9rentiel d\u2019am\u00e9nagement du territoire"},"content":{"rendered":"<div class=\"td-post-featured-image\" readability=\"36\"><a href=\"https:\/\/i2.wp.com\/www.sidwaya.info\/wp-content\/uploads\/2020\/02\/amenagement.gif?fit=787%2C525&#038;ssl=1\" data-caption=\"\u00ab L\u2019\u00e9laboration du sch\u00e9ma r\u00e9gional d\u2019am\u00e9nagement du territoire nous donne l\u2019opportunit\u00e9 de dessiner ensemble l\u2019am\u00e9nagement de l\u2019espace r\u00e9gional \u00bb, a soulign\u00e9 le gouverneur du Centre, Sibiri de Issa Ou\u00e9draogo.\"><img loading=\"lazy\" decoding=\"async\" width=\"696\" height=\"464\" class=\"entry-thumb td-modal-image\" src=\"https:\/\/i2.wp.com\/www.sidwaya.info\/wp-content\/uploads\/2020\/02\/amenagement.gif?resize=696%2C464&#038;ssl=1\" alt=\"\" title=\"amenagement\"\/><\/a>\u00ab L\u2019\u00e9laboration du sch\u00e9ma r\u00e9gional d\u2019am\u00e9nagement du territoire nous donne l\u2019opportunit\u00e9 de dessiner ensemble l\u2019am\u00e9nagement de l\u2019espace r\u00e9gional \u00bb, a soulign\u00e9 le gouverneur du Centre, Sibiri de Issa Ou\u00e9draogo.<\/div>\n<p><strong>Le Conseil r\u00e9gional du Centre organise les 19 et 20 f\u00e9vrier 2020 \u00e0 Ouagadougou, un atelier de validation du rapport diagnostic du Sch\u00e9ma r\u00e9gional d\u2019am\u00e9nagement et de d\u00e9veloppement durable du territoire(SRADDT).<\/strong><\/p>\n<p>Le gouvernement veut mettre en place un Sch\u00e9ma national d\u2019am\u00e9nagement et de d\u00e9veloppement durable du territoire(SNADDT) d\u2019ici \u00e0 l\u2019horizon 2040. Pour y arriver, il faut que chaque r\u00e9gion ait son sch\u00e9ma r\u00e9gional d\u2019am\u00e9nagement du territoire. A cet effet, trois r\u00e9gions pilotes (Centre, l\u2019Est et le Sahel) ont \u00e9t\u00e9 s\u00e9lectionn\u00e9es pour l\u2019\u00e9laboration de leurs sch\u00e9mas. Les 19 et 20 f\u00e9vrier 2020 \u00e0 Ouagadougou, les acteurs de la r\u00e9gion du Centre passent en revue le rapport diagnostic du Sch\u00e9ma r\u00e9gional d\u2019am\u00e9nagement et de d\u00e9veloppement durable du territoire (SRADDT).<\/p>\n<p>En effet, dans ce rapport, selon le consultant, Roger Nama, il est question de l\u2019\u00e9tat des lieux de l\u2019organisation du territoire de la r\u00e9gion du Centre dans tous les domaines que sont les ressources naturelles, les administrations, la soci\u00e9t\u00e9, l\u2019\u00e9conomie. \u00ab On a constat\u00e9 que c\u2019est le secteur tertiaire, notamment l\u2019artisanat qui n\u00e9cessite une organisation. Celui-ci occupe une place importante dans la r\u00e9gion, mais n\u2019est pas consid\u00e9r\u00e9. Les acteurs travaillent dans les p\u00e9riph\u00e9ries de la ville.<\/p>\n<p>Except\u00e9 le village artisanal, il n\u2019existe pas d\u2019espace d\u2019exposition d\u00e9di\u00e9 \u00e0 l\u2019artisanat \u00bb, a d\u00e9plor\u00e9 le consultant. Ce constat va amener les autorit\u00e9s \u00e0 revoir leur politique et \u00e0 mettre en place des strat\u00e9gies pour tirer profit du potentiel qui existe. Ainsi, \u00abcet atelier va permettre aux diff\u00e9rents acteurs d\u2019apporter des contributions au contenu des diff\u00e9rents diagnostics qui seront prises en compte pour finaliser le document afin qu\u2019aux termes de l\u2019\u00e9tude, pr\u00e9vue pour s\u2019achever en juin 2020, la r\u00e9gion puisse disposer d\u2019un instrument d\u2019am\u00e9nagement consensuel\u00bb, a indiqu\u00e9 le gouverneur du Centre, Sibiri de Issa Ou\u00e9draogo.<\/p>\n<p>A l\u2019entendre, ce document doit permettre de s\u2019accorder sur une situation de r\u00e9f\u00e9rence sur les questions d\u2019am\u00e9nagement. C\u2019est le 5 janvier 2017 en Conseil des ministres que la d\u00e9cision a \u00e9t\u00e9 act\u00e9e pour l\u2019\u00e9laboration d\u2019un sch\u00e9ma national d\u2019am\u00e9nagement et de d\u00e9veloppement durable du territoire. Le processus se poursuit avec le transfert des ressources financi\u00e8res.<\/p>\n<p class=\"c1\"><strong>Fleur BIRBA<\/strong><br \/>fleurbirba@gmail.com<\/p>\n<div class=\"td-a-rec td-a-rec-id-content_bottom tdi_30_15b td_block_template_1\"><img loading=\"lazy\" decoding=\"async\" class=\"aligncenter size-full wp-image-9623\" src=\"https:\/\/www.sidwaya.info\/wp-content\/uploads\/2019\/06\/Projet-bannie%CC%80re-Orange-mobile.jpg\" alt=\"\" width=\"728\" height=\"81\"\/><\/div>\n<p>Auteur: JK. Sidwaya<br \/>\n<a href=\"https:\/\/www.sidwaya.info\/blog\/2020\/02\/19\/region-du-centre-vers-un-referentiel-damenagement-du-territoire\/\">Cliquez ici pour lire l&rsquo;article depuis sa source.<\/a><\/p>\n","protected":false},"excerpt":{"rendered":"<p>\u00ab L\u2019\u00e9laboration du sch\u00e9ma r\u00e9gional d\u2019am\u00e9nagement du territoire nous donne l\u2019opportunit\u00e9 de dessiner ensemble l\u2019am\u00e9nagement de l\u2019espace r\u00e9gional \u00bb, a soulign\u00e9 le gouverneur du Centre, Sibiri de Issa Ou\u00e9draogo. Le Conseil r\u00e9gional du Centre organise les 19 et 20 f\u00e9vrier 2020 \u00e0 Ouagadougou, un atelier de validation du rapport diagnostic du Sch\u00e9ma r\u00e9gional d\u2019am\u00e9nagement et [&hellip;]<\/p>\n","protected":false},"author":1816,"featured_media":0,"comment_status":"closed","ping_status":"closed","sticky":false,"template":"","format":"standard","meta":{"fifu_image_url":"","fifu_image_alt":"","footnotes":""},"categories":[73,81],"tags":[],"class_list":["post-76710","post","type-post","status-publish","format-standard","hentry","category-actualite","category-burkina-faso"],"_links":{"self":[{"href":"https:\/\/linitiative.ca\/International\/wp-json\/wp\/v2\/posts\/76710","targetHints":{"allow":["GET"]}}],"collection":[{"href":"https:\/\/linitiative.ca\/International\/wp-json\/wp\/v2\/posts"}],"about":[{"href":"https:\/\/linitiative.ca\/International\/wp-json\/wp\/v2\/types\/post"}],"author":[{"embeddable":true,"href":"https:\/\/linitiative.ca\/International\/wp-json\/wp\/v2\/users\/1816"}],"replies":[{"embeddable":true,"href":"https:\/\/linitiative.ca\/International\/wp-json\/wp\/v2\/comments?post=76710"}],"version-history":[{"count":0,"href":"https:\/\/linitiative.ca\/International\/wp-json\/wp\/v2\/posts\/76710\/revisions"}],"wp:attachment":[{"href":"https:\/\/linitiative.ca\/International\/wp-json\/wp\/v2\/media?parent=76710"}],"wp:term":[{"taxonomy":"category","embeddable":true,"href":"https:\/\/linitiative.ca\/International\/wp-json\/wp\/v2\/categories?post=76710"},{"taxonomy":"post_tag","embeddable":true,"href":"https:\/\/linitiative.ca\/International\/wp-json\/wp\/v2\/tags?post=76710"}],"curies":[{"name":"wp","href":"https:\/\/api.w.org\/{rel}","templated":true}]}}