{"id":76712,"date":"2020-02-19T18:54:03","date_gmt":"2020-02-19T23:54:03","guid":{"rendered":"https:\/\/linitiative.ca\/International\/dedicace-doeuvre-mgr-anselme-titianma-sanon-presente-presence-au-present-a-bobo-dioulasso\/"},"modified":"2020-02-19T18:54:03","modified_gmt":"2020-02-19T23:54:03","slug":"dedicace-doeuvre-mgr-anselme-titianma-sanon-presente-presence-au-present-a-bobo-dioulasso","status":"publish","type":"post","link":"https:\/\/linitiative.ca\/International\/dedicace-doeuvre-mgr-anselme-titianma-sanon-presente-presence-au-present-a-bobo-dioulasso\/","title":{"rendered":"D\u00e9dicace d\u2019\u0153uvre : Mgr Anselme Titianma Sanon pr\u00e9sente \u00ab Pr\u00e9sence au pr\u00e9sent \u00bb \u00e0 Bobo-Dioulasso"},"content":{"rendered":"<div class=\"td-post-featured-image\" readability=\"33\"><a href=\"https:\/\/i1.wp.com\/www.sidwaya.info\/wp-content\/uploads\/2020\/02\/oeuvre.gif?fit=787%2C686&#038;ssl=1\" data-caption=\"Mgr Anselme Titianma Sanon a invit\u00e9 tout le monde \u00e0 \u00ab penser et agir en femmes et hommes qui croient \u00bb.\"><img loading=\"lazy\" decoding=\"async\" width=\"696\" height=\"607\" class=\"entry-thumb td-modal-image\" src=\"https:\/\/i1.wp.com\/www.sidwaya.info\/wp-content\/uploads\/2020\/02\/oeuvre.gif?resize=696%2C607&#038;ssl=1\" alt=\"\" title=\"oeuvre\"\/><\/a>Mgr Anselme Titianma Sanon a invit\u00e9 tout le monde \u00e0 \u00ab penser et agir en femmes et hommes qui croient \u00bb.<\/div>\n<p><strong>L\u2019archev\u00eaque \u00e9m\u00e9rite de Bobo-Dioulasso, Mgr Anselme Titianma Sanon, a proc\u00e9d\u00e9, le vendredi 14 f\u00e9vrier 2020 \u00e0 Bobo-Dioulasso, \u00e0 la d\u00e9dicace de son ouvrage intitul\u00e9 \u00ab Pr\u00e9sence au pr\u00e9sent \u00bb. La pr\u00e9sentation de l\u2019\u0153uvre a \u00e9t\u00e9 faite en pr\u00e9sence du ministre en charge de la culture et des autorit\u00e9s r\u00e9gionales.<\/strong><\/p>\n<p>Homme de Dieu, l\u2019archev\u00eaque \u00e9m\u00e9rite de Bobo-Dioulasso, Mgr Anselme Titianma Sanou, est aussi un homme de lettre. Il vient, en effet, de mettre sur le march\u00e9, une nouvelle \u0153uvre intitul\u00e9e \u00ab Pr\u00e9sence au pr\u00e9sent \u00bb. La d\u00e9dicace de l\u2019\u0153uvre a eu lieu dans la soir\u00e9e du vendredi 14 f\u00e9vrier 2020, \u00e0 Bobo-Dioulasso, en pr\u00e9sence de nombreuses personnalit\u00e9s dont le ministre en charge de la culture, Abdoul Karim Sango.<\/p>\n<p>Cette d\u00e9dicace porte \u00e0 deux les d\u00e9dicaces de l\u2019ouvrage, puisqu\u2019une premi\u00e8re a d\u00e9j\u00e0 eu lieu \u00e0 Ouagadougou, \u00e0 l\u2019occasion de la 15e \u00e9dition de la Foire internationale du livre de Ouagadougou (FILO) qui s\u2019est d\u00e9roul\u00e9e du 21 au 24 novembre 2019. La pr\u00e9sentation du livre a \u00e9t\u00e9 faite par L\u00e9on Sanon. Il a fait savoir que l\u2019\u0153uvre porte sur ses premi\u00e8re et quatri\u00e8me pages un troph\u00e9e de la paix et se referme \u00e9galement sur ce troph\u00e9e de la paix. Un troph\u00e9e de la paix qui, selon lui, traduit toute l\u2019importance de la pens\u00e9e sur le message v\u00e9hicul\u00e9 d\u2019une part et d\u2019autre part, met en exergue la simplicit\u00e9 et la profonde humilit\u00e9 qui caract\u00e9risent l\u2019auteur.<\/p>\n<p>Le pr\u00e9sentateur a \u00e9galement laiss\u00e9 entendre que les sources d\u2019inspiration de l\u2019auteur \u00e9taient, entre autres, le coran, la bible, les rites jud\u00e9o-indiens. Un tel \u00ab syncr\u00e9tisme \u00bb documentaire pour L\u00e9on Sanon, \u00ab brise tout clivage dress\u00e9 entre les religions et pr\u00f4ne le dialogue interreligieux \u00bb. En r\u00e9sum\u00e9, Mgr Sanon, \u00e0 travers \u00ab Pr\u00e9sence au pr\u00e9sent\u00bb, met en avant la culture de la v\u00e9rit\u00e9, un vecteur de la paix.<\/p>\n<p>Aux dires de l\u2019auteur lui-m\u00eame, c\u2019est la recherche effr\u00e9n\u00e9e de l\u2019absolue par les hommes, qui l\u2019a pouss\u00e9 \u00e0 produire \u00ab Pr\u00e9sence au pr\u00e9sent \u00bb, pour apporter une certaine dose de spiritualit\u00e9. Mgr Sanon a, par la m\u00eame occasion, remerci\u00e9 le ministre Abdoul Karim Sango pour avoir pris l\u2019initiative de la publication de l\u2019ouvrage et le Dr Dramane Konat\u00e9, pour la mise en forme. Pour Abdoul Karim Sango, \u00ab ce livre vient combler la crise d\u2019humanisme que le monde conna\u00eet aujourd\u2019hui \u00bb.<\/p>\n<p class=\"c1\"><strong>Michel Ki\u00e9rou KI<\/strong><br \/>(Stagiaire)<\/p>\n<div class=\"td-a-rec td-a-rec-id-content_bottom tdi_30_af0 td_block_template_1\"><img loading=\"lazy\" decoding=\"async\" class=\"aligncenter size-full wp-image-9623\" src=\"https:\/\/www.sidwaya.info\/wp-content\/uploads\/2019\/06\/Projet-bannie%CC%80re-Orange-mobile.jpg\" alt=\"\" width=\"728\" height=\"81\"\/><\/div>\n<p>Auteur: JK. Sidwaya<br \/>\n<a href=\"https:\/\/www.sidwaya.info\/blog\/2020\/02\/19\/dedicace-doeuvre-mgr-anselme-titianma-sanon-presente-presence-au-present-a-bobo-dioulasso\/\">Cliquez ici pour lire l&rsquo;article depuis sa source.<\/a><\/p>\n","protected":false},"excerpt":{"rendered":"<p>Mgr Anselme Titianma Sanon a invit\u00e9 tout le monde \u00e0 \u00ab penser et agir en femmes et hommes qui croient \u00bb. L\u2019archev\u00eaque \u00e9m\u00e9rite de Bobo-Dioulasso, Mgr Anselme Titianma Sanon, a proc\u00e9d\u00e9, le vendredi 14 f\u00e9vrier 2020 \u00e0 Bobo-Dioulasso, \u00e0 la d\u00e9dicace de son ouvrage intitul\u00e9 \u00ab Pr\u00e9sence au pr\u00e9sent \u00bb. La pr\u00e9sentation de l\u2019\u0153uvre a [&hellip;]<\/p>\n","protected":false},"author":1816,"featured_media":0,"comment_status":"closed","ping_status":"closed","sticky":false,"template":"","format":"standard","meta":{"fifu_image_url":"","fifu_image_alt":"","footnotes":""},"categories":[73,81],"tags":[],"class_list":["post-76712","post","type-post","status-publish","format-standard","hentry","category-actualite","category-burkina-faso"],"_links":{"self":[{"href":"https:\/\/linitiative.ca\/International\/wp-json\/wp\/v2\/posts\/76712","targetHints":{"allow":["GET"]}}],"collection":[{"href":"https:\/\/linitiative.ca\/International\/wp-json\/wp\/v2\/posts"}],"about":[{"href":"https:\/\/linitiative.ca\/International\/wp-json\/wp\/v2\/types\/post"}],"author":[{"embeddable":true,"href":"https:\/\/linitiative.ca\/International\/wp-json\/wp\/v2\/users\/1816"}],"replies":[{"embeddable":true,"href":"https:\/\/linitiative.ca\/International\/wp-json\/wp\/v2\/comments?post=76712"}],"version-history":[{"count":0,"href":"https:\/\/linitiative.ca\/International\/wp-json\/wp\/v2\/posts\/76712\/revisions"}],"wp:attachment":[{"href":"https:\/\/linitiative.ca\/International\/wp-json\/wp\/v2\/media?parent=76712"}],"wp:term":[{"taxonomy":"category","embeddable":true,"href":"https:\/\/linitiative.ca\/International\/wp-json\/wp\/v2\/categories?post=76712"},{"taxonomy":"post_tag","embeddable":true,"href":"https:\/\/linitiative.ca\/International\/wp-json\/wp\/v2\/tags?post=76712"}],"curies":[{"name":"wp","href":"https:\/\/api.w.org\/{rel}","templated":true}]}}