{"id":76713,"date":"2020-02-20T16:18:12","date_gmt":"2020-02-20T21:18:12","guid":{"rendered":"https:\/\/linitiative.ca\/International\/lancement-des-travaux-du-stade-du-senegal-de-156-milliards-f-cfa\/"},"modified":"2020-02-20T16:18:12","modified_gmt":"2020-02-20T21:18:12","slug":"lancement-des-travaux-du-stade-du-senegal-de-156-milliards-f-cfa","status":"publish","type":"post","link":"https:\/\/linitiative.ca\/International\/lancement-des-travaux-du-stade-du-senegal-de-156-milliards-f-cfa\/","title":{"rendered":"Lancement des travaux du Stade du S\u00e9n\u00e9gal de 156 milliards F CFA"},"content":{"rendered":"<div readability=\"32\">\n<p>Publi\u00e9 le 20.02.2020 \u00e0 22h18 par APA News<\/p>\n<\/div>\n<div readability=\"102\">\n<p>Le pr\u00e9sident de la R\u00e9publique Macky Sall a effectu\u00e9, jeudi soir \u00e0 Diamniadio (p\u00e9riph\u00e9rie de Dakar), le lancement officiel des travaux du Stade du S\u00e9n\u00e9gal dont l\u2019inauguration est pr\u00e9vue le 20 ao\u00fbt 2021.\u00ab J\u2019ai eu l\u2019ambition de r\u00e9aliser ce stade au lendemain du match Pologne-S\u00e9n\u00e9gal (1-2) \u00e0 la Coupe du monde Russie 2018. Lors d\u2019un d\u00e9jeuner avec Gianni Infantino, pr\u00e9sident de la F\u00e9d\u00e9ration internationale de football association (Fifa), je lui ai demand\u00e9 \u00e0 combien il estime la construction du Spartak Stadium de Moscou (o\u00f9 se disputait la rencontre). Il m\u2019a donn\u00e9 une indication. C\u2019\u00e9tait un prix important. Mais j\u2019ai consid\u00e9r\u00e9 que la jeunesse s\u00e9n\u00e9galaise et le sport s\u00e9n\u00e9galais n\u2019avaient pas de prix \u00bb, a d\u00e9clar\u00e9 Macky Sall.<\/p>\n<p>Dans son allocution, le chef de l\u2019Etat a fait savoir que cette \u00ab\u00a0infrastructure sportive, r\u00e9pondant aux normes internationales les plus exigeantes, comprend un stade de football de 50.000 places assorti d\u2019un syst\u00e8me autonome d\u2019approvisionnement en eau et en \u00e9lectricit\u00e9 parce qu\u2019il y a une centrale photovolta\u00efque de 2 m\u00e9gawatts pour ma\u00eetriser les co\u00fbts futurs de l\u2019exploitation\u00a0\u00bb.<\/p>\n<p>Poursuivant, M. Sall a indiqu\u00e9 que \u00ab\u00a0ce complexe in\u00e9dit dans la sous-r\u00e9gion sera r\u00e9alis\u00e9 par l\u2019entreprise (turque)\u00a0Summa \u00bb, non sans pr\u00e9ciser qu\u2019il sera compos\u00e9, en outre, d\u2019\u00ab\u00a0un terrain d\u2019entra\u00eenement, d\u2019un stade (annexe) de 2000 places dot\u00e9 d\u2019une piste d\u2019athl\u00e9tisme et de toutes les facilit\u00e9s li\u00e9es \u00e0 l\u2019olympisme mais aussi d\u2019un troisi\u00e8me terrain de football avec tous les \u00e9quipements n\u00e9cessaires \u00bb.<\/p>\n<p>La soci\u00e9t\u00e9 turque Summa a d\u00e9j\u00e0 construit \u00e0 Diamniadio, la nouvelle ville voulue par le chef de l\u2019Etat, la Dakar Arena, l\u2019h\u00f4tel Radisson et le Centre des expositions. A en croire le pr\u00e9sident de la R\u00e9publique, la pose de la premi\u00e8re pierre du Stade du S\u00e9n\u00e9gal participe de sa volont\u00e9 de faire de Diamniadio \u00ab\u00a0une cit\u00e9 int\u00e9gr\u00e9e et multifonctionnelle\u00a0\u00bb.<\/p>\n<p>De son c\u00f4t\u00e9, Me Augustin Senghor, le pr\u00e9sident de la F\u00e9d\u00e9ration S\u00e9n\u00e9galaise de Football (FSF) s\u2019est dit \u00a0\u00ab habit\u00e9 par une \u00e9motion difficile \u00e0 contenir pour un sportif. Un sentiment que, tr\u00e8s certainement, des S\u00e9n\u00e9galais ont pu \u00e9prouver peut-\u00eatre dans le lointain d\u00e9but des ann\u00e9es d\u2019ind\u00e9pendance avec la construction du stade Demba Diop ou au d\u00e9but des ann\u00e9es 80 avec l\u2019\u00e9rection du stade L\u00e9opold S\u00e9dar Senghor \u00bb.<\/p>\n<p>Le futur Stade du S\u00e9n\u00e9gal, dont le co\u00fbt est estim\u00e9 \u00e0 238 millions d\u2019euros (156 milliards F CFA), sera aussi dot\u00e9 de loges pr\u00e9sidentielle et VIP, d\u2019une tribune de presse de plus de 1500 si\u00e8ges, de 40 postes de commentateurs, d\u2019un syst\u00e8me de climatisation performant et d\u2019\u00e9quipements audiovisuels en vogue.<\/p>\n<p>C\u2019est en janvier dernier, en marge du Sommet Royaume-Uni-Afrique, que Macky Sall a obtenu un accord de financement de la Standard Chartered Bank. Pour Mamadou Diagna Ndiaye, le pr\u00e9sident du Comit\u00e9 national olympique et sportif s\u00e9n\u00e9galais (Cnoss), \u00ab\u00a0ce stade, tant attendu, ne sera plus un r\u00eave dans 17 mois\u00a0\u00bb.<\/p>\n<p>S\u2019activant dans la pr\u00e9paration des Jeux Olympiques de la Jeunesse (JOJ) que le S\u00e9n\u00e9gal va abriter en 2022, il a affirm\u00e9 qu\u2019 \u00ab il appartient \u00e0 la jeunesse du S\u00e9n\u00e9gal et de l\u2019Afrique de s\u2019approprier cette r\u00e9alisation et d\u2019en assurer la p\u00e9rennit\u00e9 \u00bb.<\/p>\n<\/div>\n<p>Auteur: APA News<br \/>\n<a href=\"https:\/\/www.journalducameroun.com\/lancement-des-travaux-du-stade-du-senegal-de-156-milliards-f-cfa\/\">Cliquez ici pour lire l&rsquo;article depuis sa source.<\/a><\/p>\n","protected":false},"excerpt":{"rendered":"<p>Publi\u00e9 le 20.02.2020 \u00e0 22h18 par APA News Le pr\u00e9sident de la R\u00e9publique Macky Sall a effectu\u00e9, jeudi soir \u00e0 Diamniadio (p\u00e9riph\u00e9rie de Dakar), le lancement officiel des travaux du Stade du S\u00e9n\u00e9gal dont l\u2019inauguration est pr\u00e9vue le 20 ao\u00fbt 2021.\u00ab J\u2019ai eu l\u2019ambition de r\u00e9aliser ce stade au lendemain du match Pologne-S\u00e9n\u00e9gal (1-2) \u00e0 [&hellip;]<\/p>\n","protected":false},"author":1965,"featured_media":0,"comment_status":"closed","ping_status":"closed","sticky":false,"template":"","format":"standard","meta":{"fifu_image_url":"","fifu_image_alt":"","footnotes":""},"categories":[73,82],"tags":[],"class_list":["post-76713","post","type-post","status-publish","format-standard","hentry","category-actualite","category-cameroun"],"_links":{"self":[{"href":"https:\/\/linitiative.ca\/International\/wp-json\/wp\/v2\/posts\/76713","targetHints":{"allow":["GET"]}}],"collection":[{"href":"https:\/\/linitiative.ca\/International\/wp-json\/wp\/v2\/posts"}],"about":[{"href":"https:\/\/linitiative.ca\/International\/wp-json\/wp\/v2\/types\/post"}],"author":[{"embeddable":true,"href":"https:\/\/linitiative.ca\/International\/wp-json\/wp\/v2\/users\/1965"}],"replies":[{"embeddable":true,"href":"https:\/\/linitiative.ca\/International\/wp-json\/wp\/v2\/comments?post=76713"}],"version-history":[{"count":0,"href":"https:\/\/linitiative.ca\/International\/wp-json\/wp\/v2\/posts\/76713\/revisions"}],"wp:attachment":[{"href":"https:\/\/linitiative.ca\/International\/wp-json\/wp\/v2\/media?parent=76713"}],"wp:term":[{"taxonomy":"category","embeddable":true,"href":"https:\/\/linitiative.ca\/International\/wp-json\/wp\/v2\/categories?post=76713"},{"taxonomy":"post_tag","embeddable":true,"href":"https:\/\/linitiative.ca\/International\/wp-json\/wp\/v2\/tags?post=76713"}],"curies":[{"name":"wp","href":"https:\/\/api.w.org\/{rel}","templated":true}]}}