{"id":76725,"date":"2020-02-21T07:56:44","date_gmt":"2020-02-21T12:56:44","guid":{"rendered":"https:\/\/linitiative.ca\/International\/management-humain-une-approche-renouvelee-de-la-grh-et-du-comportement-organisationnel-de-laurent-taskin\/"},"modified":"2020-02-21T07:56:44","modified_gmt":"2020-02-21T12:56:44","slug":"management-humain-une-approche-renouvelee-de-la-grh-et-du-comportement-organisationnel-de-laurent-taskin","status":"publish","type":"post","link":"https:\/\/linitiative.ca\/International\/management-humain-une-approche-renouvelee-de-la-grh-et-du-comportement-organisationnel-de-laurent-taskin\/","title":{"rendered":"Management humain, une approche renouvel\u00e9e de la GRH et du comportement organisationnel,  de Laurent Taskin"},"content":{"rendered":"<header>\n<div class=\"entry-post-meta\">\n<div class=\"author-link\">Publi\u00e9 par <a itemprop=\"author\" itemscope=\"\" itemtype=\"https:\/\/schema.org\/Person\" href=\"http:\/\/aujourdhui.ma\/profile\/kaid\" rel=\"author\"><span itemprop=\"name\">ALM<\/span><\/a><\/div>\n<p>Date\u00a0:<time content=\"2020-02-21T13:56:44+00:00\" class=\"entry-date updated\" datetime=\"2020-02-21T13:56:44+00:00\">f\u00e9vrier 21, 2020<\/time><\/p>\n<div class=\"entry-cat\">dans:<a href=\"http:\/\/aujourdhui.ma\/category\/emploi\" rel=\"category tag\">Emploi<\/a><\/div>\n<p>0Vues<\/p>\n<\/div>\n<\/header>\n<div class=\"entry-content clearfix\" readability=\"59\"><img decoding=\"async\" class=\"post_layout_5_img\" src=\"http:\/\/aujourdhui.ma\/wp-content\/uploads\/2020\/02\/Management-humain.jpg?x29840\" alt=\"Management humain, une approche renouvel\u00e9e de la GRH et du comportement organisationnel, de Laurent Taskin\"\/><\/p>\n<p class=\"p1\"><span class=\"s1\"><span class=\"c4\"><strong>Cette seconde \u00e9dition, fortement remani\u00e9e, actualise les donn\u00e9es mobilis\u00e9es et int\u00e8gre les analyses et r\u00e9flexions de travaux de recherche r\u00e9cents, notamment dans l\u2019\u00e9tude du rapport au travail et \u00e0 l\u2019entreprise et des enjeux d\u00e9ontologiques associ\u00e9s \u00e0 l\u2019exercice du management humain.<\/strong><\/span><\/span><span id=\"more-333736\"\/><\/p>\n<p class=\"p1\"><span class=\"s1\">Concr\u00e8tement, elle positionne cette forme de gouvernance par rapport aux politiques et pratiques traditionnelles de GRH ainsi qu\u2019aux finalit\u00e9s des th\u00e9ories du comportement organisationnel. Laurent Taskin est Docteur en sciences \u00e9conomiques et de gestion, Professeur \u00e0 la Louvain School of Management, Universit\u00e9 catholique de Louvain o\u00f9 il dirige le lab4Hum du LouRIM, \u00e9quipe de recherche d\u00e9di\u00e9e aux \u00e9tudes critiques et humanistes du management.<\/span><\/p>\n<p class=\"p1\"><span class=\"s1\">Il est l\u2019auteur de nombreuses publications sur les nouvelles formes d\u2019organisation et de management, la GRH et le travail. Anne Dietrich est Docteur en sciences de gestion, Professeure en sciences de gestion \u00e0 l\u2019IAE Lille Ecole Universitaire de Management-Universit\u00e9 de Lille 1 o\u00f9 elle a cr\u00e9\u00e9 le Master GRH. Elle a \u00e9crit de nombreux articles et ouvrages sur les comp\u00e9tences, l\u2019employabilit\u00e9, le management de proximit\u00e9, la GRH et le travail.<\/span><\/p>\n<p class=\"p2\"><strong><span class=\"s1\"><em>Ed. De Boeck Ssp(21\/01\/2020)<\/em><\/span><\/strong><\/p>\n<\/div>\n<p>Auteur: ALM<br \/>\n<a href=\"http:\/\/aujourdhui.ma\/emploi\/management-humain-une-approche-renouvelee-de-la-grh-et-du-comportement-organisationnel-de-laurent-taskin\">Cliquez ici pour lire l&rsquo;article depuis sa source.<\/a><\/p>\n","protected":false},"excerpt":{"rendered":"<p>Publi\u00e9 par ALM Date\u00a0:f\u00e9vrier 21, 2020 dans:Emploi 0Vues Cette seconde \u00e9dition, fortement remani\u00e9e, actualise les donn\u00e9es mobilis\u00e9es et int\u00e8gre les analyses et r\u00e9flexions de travaux de recherche r\u00e9cents, notamment dans l\u2019\u00e9tude du rapport au travail et \u00e0 l\u2019entreprise et des enjeux d\u00e9ontologiques associ\u00e9s \u00e0 l\u2019exercice du management humain. Concr\u00e8tement, elle positionne cette forme de gouvernance [&hellip;]<\/p>\n","protected":false},"author":1759,"featured_media":0,"comment_status":"closed","ping_status":"closed","sticky":false,"template":"","format":"standard","meta":{"fifu_image_url":"","fifu_image_alt":"","footnotes":""},"categories":[73,54],"tags":[],"class_list":["post-76725","post","type-post","status-publish","format-standard","hentry","category-actualite","category-maroc"],"_links":{"self":[{"href":"https:\/\/linitiative.ca\/International\/wp-json\/wp\/v2\/posts\/76725","targetHints":{"allow":["GET"]}}],"collection":[{"href":"https:\/\/linitiative.ca\/International\/wp-json\/wp\/v2\/posts"}],"about":[{"href":"https:\/\/linitiative.ca\/International\/wp-json\/wp\/v2\/types\/post"}],"author":[{"embeddable":true,"href":"https:\/\/linitiative.ca\/International\/wp-json\/wp\/v2\/users\/1759"}],"replies":[{"embeddable":true,"href":"https:\/\/linitiative.ca\/International\/wp-json\/wp\/v2\/comments?post=76725"}],"version-history":[{"count":0,"href":"https:\/\/linitiative.ca\/International\/wp-json\/wp\/v2\/posts\/76725\/revisions"}],"wp:attachment":[{"href":"https:\/\/linitiative.ca\/International\/wp-json\/wp\/v2\/media?parent=76725"}],"wp:term":[{"taxonomy":"category","embeddable":true,"href":"https:\/\/linitiative.ca\/International\/wp-json\/wp\/v2\/categories?post=76725"},{"taxonomy":"post_tag","embeddable":true,"href":"https:\/\/linitiative.ca\/International\/wp-json\/wp\/v2\/tags?post=76725"}],"curies":[{"name":"wp","href":"https:\/\/api.w.org\/{rel}","templated":true}]}}