{"id":76726,"date":"2020-02-21T08:45:47","date_gmt":"2020-02-21T13:45:47","guid":{"rendered":"https:\/\/linitiative.ca\/International\/touria-el-glaoui-notre-objectif-est-de-soutenir-les-artistes-dafrique-et-de-sa-diaspora\/"},"modified":"2020-02-21T08:45:47","modified_gmt":"2020-02-21T13:45:47","slug":"touria-el-glaoui-notre-objectif-est-de-soutenir-les-artistes-dafrique-et-de-sa-diaspora","status":"publish","type":"post","link":"https:\/\/linitiative.ca\/International\/touria-el-glaoui-notre-objectif-est-de-soutenir-les-artistes-dafrique-et-de-sa-diaspora\/","title":{"rendered":"Touria El Glaoui : \u00abNotre objectif est de soutenir les artistes d\u2019Afrique et de sa diaspora\u00bb"},"content":{"rendered":"<p><img decoding=\"async\" class=\"post_layout_5_img\" src=\"http:\/\/aujourdhui.ma\/wp-content\/uploads\/2020\/02\/Touria-el-glaoui-Foire-d%E2%80%99art-contemporain-de-Marrakech.jpg?x29840\" alt=\"Touria El Glaoui : \u00abNotre objectif est de soutenir les artistes d\u2019Afrique et de sa diaspora\u00bb\"\/><\/p>\n<p class=\"p1\"><span class=\"c5\"><strong><span class=\"c4\"><em>Entretien avec<\/em> Touria El Glaoui<em>, fondatrice de la Foire d\u2019art contemporain de Marrakech<\/em><\/span><\/strong><\/span> <span id=\"more-334107\"\/><\/p>\n<div class=\"base-box mom_box_sc_custom mom_box_sc clear c7\" readability=\"13\">\n<p class=\"p1\"><span class=\"c6\"><strong><em>Le Contemporary African Art Fair (1-54 Marrakech), la Foire d\u2019art contemporain africain, plus grande foire internationale d\u00e9di\u00e9e \u00e0 la promotion de l\u2019art contemporain, revient pour une troisi\u00e8me \u00e9dition \u00e0 Marrakech du 20 au\u00a0<\/em><em>23 f\u00e9vrier 2020.\u00a0<\/em><em>Sa fondatrice Touria\u00a0<\/em><\/strong><em><strong>El Galoui se confie \u00e0 ALM en abordant les nouveaut\u00e9s de cette \u00e9dition et l\u2019\u00e9volution de cet \u00e9v\u00e9nement in\u00e9dit.<\/strong><\/em><\/span><\/p>\n<\/div>\n<p class=\"p1\"><span class=\"s1\"><strong>ALM : Vous venez d\u2019\u00eatre d\u00e9cor\u00e9e Chevalier des arts et lettres \u00e0 Marrakech. Que repr\u00e9sente pour vous cette distinction ?<\/strong><\/span><\/p>\n<p class=\"p1\"><span class=\"s1\"><strong>Touria El Glaoui :<\/strong> C\u2019est un honneur d\u2019\u00eatre reconnue de cette mani\u00e8re. Lorsque j\u2019ai lanc\u00e9 la foire pour la premi\u00e8re fois en 2013, je n\u2019aurais jamais imagin\u00e9 qu\u2019elle grandirait pour avoir son importance.<\/span><\/p>\n<p class=\"p1\"><span class=\"s1\">Je suis reconnaissante au nombre innombrable de personnes qui m\u2019ont soutenue et la foire dans son ensemble. Ce n\u2019\u00e9tait en aucun cas une entreprise individuelle, mais une r\u00e9ussite collective de tous, artistes, galeries, collectionneurs, sponsors et visiteurs.<\/span><\/p>\n<p class=\"p1\"><span class=\"s1\"><strong>La Foire de l\u2019art contemporain africain revient \u00e0 Marrakech du 20 au 23 f\u00e9vrier, quelle est la particularit\u00e9 de cette \u00e9dition par rapport \u00e0 la pr\u00e9c\u00e9dente ?<\/strong><\/span><\/p>\n<p class=\"p1\"><span class=\"s1\">Pour la premi\u00e8re fois, plus de la moiti\u00e9 des vingt galeries participantes sont bas\u00e9es sur le continent. C\u2019est une \u00e9tape que nous esp\u00e9rions atteindre depuis longtemps, et qui rend cette \u00e9dition particuli\u00e8rement sp\u00e9ciale.<\/span><\/p>\n<p class=\"p1\"><span class=\"s1\"><strong>Quel sera le th\u00e8me du Forum cette ann\u00e9e et pourquoi ce choix ?<\/strong><\/span><\/p>\n<p class=\"p1\"><span class=\"s1\">1-54 Forum est organis\u00e9 cette ann\u00e9e par The Showroom, Londres, avec Elvira Dyangani Ose.<\/span><\/p>\n<p class=\"p1\"><span class=\"s1\">Il explore les multiples modalit\u00e9s de pratique d\u2019un art socialement engag\u00e9. Intitul\u00e9 \u00abOn Focus : Communal Knowledge at Large\u00bb, le th\u00e8me du Forum 1-54 a \u00e9t\u00e9 inspir\u00e9 par le programme de longue date du Showroom Communal Knowledge. Leur programme organise des projets collaboratifs qui traitent des questions sociales et politiques affectant le contexte du nord-ouest de Londres, o\u00f9 est bas\u00e9 The Showroom.<\/span><\/p>\n<p class=\"p1\"><span class=\"s1\"><strong>Combien de visiteurs attendus pour cette \u00e9dition ?<\/strong><\/span><\/p>\n<p class=\"p1\"><span class=\"s1\">L\u2019ann\u00e9e derni\u00e8re, l\u2019\u00e9dition de Marrakech a accueilli 6.000 visiteurs et nous esp\u00e9rons avoir des chiffres similaires, voire plus \u00e9lev\u00e9s cette ann\u00e9e.<br \/><\/span><\/p>\n<p class=\"p1\"><span class=\"s1\"><strong>Vous avez lanc\u00e9 la foire en 2013 \u00e0 Londres puis en 2015 \u00e0 New York. En f\u00e9vrier, 2018, la foire a \u00e9t\u00e9 cr\u00e9\u00e9e \u00e0 Marrakech, quel bilan faites-vous ?<\/strong><\/span><\/p>\n<p class=\"p1\"><span class=\"s1\">Le voyage a \u00e9t\u00e9 incroyable, bien que nous ayons grandi et inclus deux autres \u00e9ditions depuis la premi\u00e8re foire de Londres, nos valeurs demeurent les m\u00eames : soutenir les artistes d\u2019Afrique et de sa diaspora et devenir une partie valoris\u00e9e et durable des sc\u00e8nes artistiques dans lesquelles nous travaillons. Notre mod\u00e8le est flexible et r\u00e9agit aux besoins des artistes africains et diasporiques ainsi qu\u2019aux contextes culturels et sociopolitiques dans lesquels nous sommes bas\u00e9s.<\/span><\/p>\n<p class=\"p1\"><span class=\"s1\"><strong>Quel regard portez-vous sur le march\u00e9 de l\u2019art contemporain marocain ?<\/strong><\/span><\/p>\n<p class=\"p1\"><span class=\"s1\">Le march\u00e9 de l\u2019art contemporain conna\u00eet tr\u00e8s certainement une croissance et nous voyons de plus en plus de collectionneurs locaux s\u2019int\u00e9resser aux arts dans leur localit\u00e9 plut\u00f4t qu\u2019\u00e0 l\u2019international en Europe et aux \u00c9tats-Unis, ce qui est tr\u00e8s prometteur.<\/span><\/p>\n<p>Auteur: Siham Jadraoui<br \/>\n<a href=\"http:\/\/aujourdhui.ma\/culture\/touria-el-glaoui-notre-objectif-est-de-soutenir-les-artistes-dafrique-et-de-sa-diaspora\">Cliquez ici pour lire l&rsquo;article depuis sa source.<\/a><\/p>\n","protected":false},"excerpt":{"rendered":"<p>Entretien avec Touria El Glaoui, fondatrice de la Foire d\u2019art contemporain de Marrakech Le Contemporary African Art Fair (1-54 Marrakech), la Foire d\u2019art contemporain africain, plus grande foire internationale d\u00e9di\u00e9e \u00e0 la promotion de l\u2019art contemporain, revient pour une troisi\u00e8me \u00e9dition \u00e0 Marrakech du 20 au\u00a023 f\u00e9vrier 2020.\u00a0Sa fondatrice Touria\u00a0El Galoui se confie \u00e0 ALM [&hellip;]<\/p>\n","protected":false},"author":1759,"featured_media":0,"comment_status":"closed","ping_status":"closed","sticky":false,"template":"","format":"standard","meta":{"fifu_image_url":"","fifu_image_alt":"","footnotes":""},"categories":[73,54],"tags":[],"class_list":["post-76726","post","type-post","status-publish","format-standard","hentry","category-actualite","category-maroc"],"_links":{"self":[{"href":"https:\/\/linitiative.ca\/International\/wp-json\/wp\/v2\/posts\/76726","targetHints":{"allow":["GET"]}}],"collection":[{"href":"https:\/\/linitiative.ca\/International\/wp-json\/wp\/v2\/posts"}],"about":[{"href":"https:\/\/linitiative.ca\/International\/wp-json\/wp\/v2\/types\/post"}],"author":[{"embeddable":true,"href":"https:\/\/linitiative.ca\/International\/wp-json\/wp\/v2\/users\/1759"}],"replies":[{"embeddable":true,"href":"https:\/\/linitiative.ca\/International\/wp-json\/wp\/v2\/comments?post=76726"}],"version-history":[{"count":0,"href":"https:\/\/linitiative.ca\/International\/wp-json\/wp\/v2\/posts\/76726\/revisions"}],"wp:attachment":[{"href":"https:\/\/linitiative.ca\/International\/wp-json\/wp\/v2\/media?parent=76726"}],"wp:term":[{"taxonomy":"category","embeddable":true,"href":"https:\/\/linitiative.ca\/International\/wp-json\/wp\/v2\/categories?post=76726"},{"taxonomy":"post_tag","embeddable":true,"href":"https:\/\/linitiative.ca\/International\/wp-json\/wp\/v2\/tags?post=76726"}],"curies":[{"name":"wp","href":"https:\/\/api.w.org\/{rel}","templated":true}]}}