{"id":76727,"date":"2020-02-21T08:50:26","date_gmt":"2020-02-21T13:50:26","guid":{"rendered":"https:\/\/linitiative.ca\/International\/tout-comme-le-patrimoine-marocain-en-general-la-judaica-marocaine-a-souffert-du-pillage-a-travers-le-temps\/"},"modified":"2020-02-21T08:50:26","modified_gmt":"2020-02-21T13:50:26","slug":"tout-comme-le-patrimoine-marocain-en-general-la-judaica-marocaine-a-souffert-du-pillage-a-travers-le-temps","status":"publish","type":"post","link":"https:\/\/linitiative.ca\/International\/tout-comme-le-patrimoine-marocain-en-general-la-judaica-marocaine-a-souffert-du-pillage-a-travers-le-temps\/","title":{"rendered":"Tout comme le patrimoine marocain en g\u00e9n\u00e9ral : La judaica marocaine a souffert du pillage  \u00e0 travers le temps"},"content":{"rendered":"<p><img decoding=\"async\" class=\"post_layout_5_img\" src=\"http:\/\/aujourdhui.ma\/wp-content\/uploads\/2020\/02\/Zhor-Rehihel-Conservatrice-du-Muse%CC%81e-du-judai%CC%88sme-marocain.jpg?x29840\" alt=\"Tout comme le patrimoine marocain en g\u00e9n\u00e9ral : La judaica marocaine a souffert du pillage \u00e0 travers le temps\"\/><\/p>\n<p class=\"p1\"><span class=\"s1\"><span class=\"c4\"><strong>T\u00e9moin de l\u2019histoire du Maroc, le Mus\u00e9e du juda\u00efsme marocain est un lieu unique de par les pi\u00e8ces et expositions qu\u2019il d\u00e9voile \u00e0 ses visiteurs.<\/strong><\/span><\/span><span id=\"more-334160\"\/><\/p>\n<p class=\"p1\"><span class=\"s1\">Son r\u00f4le dans la protection du patrimoine juif marocain est central dans la mesure o\u00f9 il rappelle une partie int\u00e9grante de l\u2019identit\u00e9 plurielle du Maroc. Depuis sa cr\u00e9ation en 1997, le mus\u00e9e fait revivre certaines f\u00eates juives marocaines comme la Mimouna qui est c\u00e9l\u00e9br\u00e9e aujourd\u2019hui dans le monde entier.<\/span><\/p>\n<p class=\"p1\"><span class=\"s1\">Dans son exposition permanente, ce lieu rend un v\u00e9ritable hommage \u00e0 la judaica marocaine et son \u00e9volution \u00e0 travers les \u00e2ges.<\/span><\/p>\n<p class=\"p1\"><span class=\"s1\"><em>\u00abCe mus\u00e9e est unique dans le monde arabo-musulman. Son r\u00f4le est surtout de collecter et de constituer une collection de la judaica marocaine. C\u2019est-\u00e0-dire les objets qui ont un lien avec la pratique religieuse juive marocaine. En visitant le mus\u00e9e vous allez d\u00e9couvrir les caract\u00e9ristiques ou les sp\u00e9cificit\u00e9s de cette judaica. Et qui dit judaica dit un ensemble d\u2019\u0153uvres d\u2019outils d\u2019artefact qui expliquent la tradition religieuse juive marocaine, le culte juif, les c\u00e9r\u00e9monies religieuses juifs ainsi que les f\u00eates juives\u00bb<\/em>, nous confie Zhor Rehihel, conservatrice du Mus\u00e9e du juda\u00efsme marocain.<\/span><\/p>\n<p class=\"p3\"><span class=\"s1\"><strong>Les tr\u00e9sors du mus\u00e9e<\/strong><\/span><\/p>\n<p class=\"p1\"><span class=\"s1\">Ce mus\u00e9e compte dans ses expositions plusieurs pi\u00e8ces qui proviennent de toutes les parties du Royaume dont les rouleaux de torah, les ornements de la torah, les lampes de synagogues, les mentaux de torah. Il expose \u00e9galement des outils essentiels dans certaines c\u00e9r\u00e9monies de f\u00eates ou de traditions par exemple: la bar mitzvah, la c\u00e9r\u00e9monie de circoncision, la f\u00eate de \u00abpourim\u00bb, ou encore la Hanoucca (la f\u00eate des lumi\u00e8res). On y trouve aussi des meubles de synagogues marocaines comme les pupitres. Le pupitre de la synagogue de Mekn\u00e8s ou celui de Larache y sont expos\u00e9s.<\/span><\/p>\n<p class=\"p1\"><span class=\"s1\"><em>\u00abLes objets de la judaica marocaine sont diff\u00e9rents des objets de celle polonaise, ou am\u00e9ricaine. Il y a une sp\u00e9cificit\u00e9 marocaine\u00bb,<\/em> tient \u00e0 pr\u00e9ciser Zhor Rehihel ajoutant que le Mus\u00e9e met en valeur aussi les costumes comme le caftan de la mari\u00e9e juive et des bijoux amazighs.<\/span><\/p>\n<p class=\"p3\"><span class=\"s1\"><strong>Gardien du juda\u00efsme\u00a0<\/strong><\/span><span class=\"s1\"><strong>marocain s\u00e9farade<\/strong><\/span><\/p>\n<p class=\"p1\"><span class=\"s1\">Unique dans le monde arabe, ce mus\u00e9e est une initiative de la communaut\u00e9 juive du Maroc. Il a \u00e9t\u00e9 fond\u00e9 par quatre figures embl\u00e9matiques du juda\u00efsme marocain, \u00e0 savoir Serge Berdugo, secr\u00e9taire g\u00e9n\u00e9ral du Conseil de la communaut\u00e9 isra\u00e9lite du Maroc, Feu Simon Levy, penseur, militant politique et grand d\u00e9fenseur de la pluralit\u00e9 de l\u2019identit\u00e9 marocaine, Feu Jacques Toledano, ancien pr\u00e9sident ex\u00e9cutif de la Fondation du patrimoine culturel jud\u00e9o-marocain, et Feu Boris Toledano qui \u00e9tait l\u2019ancien pr\u00e9sident de la communaut\u00e9 juive de Casablanca.<\/span><\/p>\n<p class=\"p1\"><span class=\"s1\">Le mus\u00e9e du juda\u00efsme marocain est l\u2019institution juive marocaine qui a lanc\u00e9 ce d\u00e9bat que nous vivons aujourd\u2019hui sur le juda\u00efsme marocain comme partie int\u00e9grante de la culture, de la civilisation marocaine et de l\u2019identit\u00e9 culturelle plurielle du Maroc. Il se diff\u00e9rencie des autres mus\u00e9es juifs dans le monde par le fait qu\u2019il d\u00e9fend le juda\u00efsme marocain s\u00e9farade et amazigh, explique Zhor Rehihel.\u00a0<\/span><\/p>\n<div class=\"base-box mom_box_sc_custom mom_box_sc clear c6\" readability=\"28\">\n<p class=\"p1\"><strong><span class=\"c5\"><span class=\"s1\">Appel aux particuliers\u00a0<\/span><span class=\"s1\">d\u2019ouvrir leurs collections\u00a0<\/span><\/span><\/strong><\/p>\n<p class=\"p1\"><span class=\"s1\">Le pillage des biens historiques a fait des ravages sur le patrimoine marocain. C\u2019est ce que nous confirme la conservatrice du mus\u00e9e : <em>\u00abLe patrimoine marocain en g\u00e9n\u00e9ral a \u00e9t\u00e9 pill\u00e9 et la collection de la judaica marocaine a souffert de ce pillage. A chaque fois que je visite un mus\u00e9e juif en Europe ou aux Etats-Unis je retrouve une grande partie de la collection marocaine. D\u00e8s que je rentre dans un mus\u00e9e je rep\u00e8re nos objets comme le caftan de la mari\u00e9e ou encore les lampes de Hannoucca marocaine. \u00c7a n\u2019\u00e9chappe pas aux yeux d\u2019un sp\u00e9cialiste. Je retrouve les pi\u00e8ces marocaines juives parmi des centaines d\u2019autres objets expos\u00e9s\u00bb<\/em>, souligne Zhor Rehihel ajoutant que les mus\u00e9es dans le monde occidental gardent une grande majorit\u00e9 de notre patrimoine et notre culture.<\/span><\/p>\n<p class=\"p1\"><span class=\"s1\">Pour les r\u00e9cup\u00e9rer, cela reste difficile parce qu\u2019il faut mobiliser beaucoup de moyens, comme le souligne la conservatrice du mus\u00e9e du juda\u00efsme marocain. Outre cet \u00e9tat de fait, l\u2019experte en patrimoine rel\u00e8ve que les particuliers disposent des pi\u00e8ces et des objets qui m\u00e9ritent d\u2019\u00eatre d\u00e9voil\u00e9s au grand public. <em>\u00abJ\u2019appelle les collectionneurs priv\u00e9s \u00e0 ouvrir leurs collections, monter des expositions et partager cela avec les Marocains ou bien pr\u00eater ces pi\u00e8ces aux mus\u00e9es.<\/em><\/span><\/p>\n<p class=\"p1\"><span class=\"s1\"><em>Il y a beaucoup de Marocains qui ach\u00e8tent ces objets et les gardent dans leur maison\u00bb.<\/em> Par ailleurs, la conservatrice du Mus\u00e9e du juda\u00efsme marocain demande aussi \u00e0 ce que les festivals consacrent un espace d\u2019expositions pour que les jeunes puissent d\u00e9couvrir la richesse de notre patrimoine culturel et pour que le grand public ait la chance de mieux conna\u00eetre l\u2019histoire du Maroc.<\/span><\/p>\n<\/div>\n<p>Auteur: Ouchagour Leila<br \/>\n<a href=\"http:\/\/aujourdhui.ma\/societe\/tout-comme-le-patrimoine-marocain-en-general-la-judaica-marocaine-a-souffert-du-pillage-a-travers-le-temps\">Cliquez ici pour lire l&rsquo;article depuis sa source.<\/a><\/p>\n","protected":false},"excerpt":{"rendered":"<p>T\u00e9moin de l\u2019histoire du Maroc, le Mus\u00e9e du juda\u00efsme marocain est un lieu unique de par les pi\u00e8ces et expositions qu\u2019il d\u00e9voile \u00e0 ses visiteurs. Son r\u00f4le dans la protection du patrimoine juif marocain est central dans la mesure o\u00f9 il rappelle une partie int\u00e9grante de l\u2019identit\u00e9 plurielle du Maroc. Depuis sa cr\u00e9ation en 1997, [&hellip;]<\/p>\n","protected":false},"author":1759,"featured_media":0,"comment_status":"closed","ping_status":"closed","sticky":false,"template":"","format":"standard","meta":{"fifu_image_url":"","fifu_image_alt":"","footnotes":""},"categories":[73,54],"tags":[],"class_list":["post-76727","post","type-post","status-publish","format-standard","hentry","category-actualite","category-maroc"],"_links":{"self":[{"href":"https:\/\/linitiative.ca\/International\/wp-json\/wp\/v2\/posts\/76727","targetHints":{"allow":["GET"]}}],"collection":[{"href":"https:\/\/linitiative.ca\/International\/wp-json\/wp\/v2\/posts"}],"about":[{"href":"https:\/\/linitiative.ca\/International\/wp-json\/wp\/v2\/types\/post"}],"author":[{"embeddable":true,"href":"https:\/\/linitiative.ca\/International\/wp-json\/wp\/v2\/users\/1759"}],"replies":[{"embeddable":true,"href":"https:\/\/linitiative.ca\/International\/wp-json\/wp\/v2\/comments?post=76727"}],"version-history":[{"count":0,"href":"https:\/\/linitiative.ca\/International\/wp-json\/wp\/v2\/posts\/76727\/revisions"}],"wp:attachment":[{"href":"https:\/\/linitiative.ca\/International\/wp-json\/wp\/v2\/media?parent=76727"}],"wp:term":[{"taxonomy":"category","embeddable":true,"href":"https:\/\/linitiative.ca\/International\/wp-json\/wp\/v2\/categories?post=76727"},{"taxonomy":"post_tag","embeddable":true,"href":"https:\/\/linitiative.ca\/International\/wp-json\/wp\/v2\/tags?post=76727"}],"curies":[{"name":"wp","href":"https:\/\/api.w.org\/{rel}","templated":true}]}}