{"id":76728,"date":"2020-02-21T09:15:54","date_gmt":"2020-02-21T14:15:54","guid":{"rendered":"https:\/\/linitiative.ca\/International\/premiere-edition-du-festival-de-la-science-a-safi-mettre-la-science-a-la-portee-de-tous\/"},"modified":"2020-02-21T09:15:54","modified_gmt":"2020-02-21T14:15:54","slug":"premiere-edition-du-festival-de-la-science-a-safi-mettre-la-science-a-la-portee-de-tous","status":"publish","type":"post","link":"https:\/\/linitiative.ca\/International\/premiere-edition-du-festival-de-la-science-a-safi-mettre-la-science-a-la-portee-de-tous\/","title":{"rendered":"Premi\u00e8re \u00e9dition du Festival de la science \u00e0 Safi : Mettre la science \u00e0 la port\u00e9e de tous"},"content":{"rendered":"<p><img decoding=\"async\" class=\"post_layout_5_img\" src=\"http:\/\/aujourdhui.ma\/wp-content\/uploads\/2020\/02\/Festival-de-la-science-a%CC%80-Safi.jpg?x29840\" alt=\"Premi\u00e8re \u00e9dition du Festival de la science \u00e0 Safi : Mettre la science \u00e0 la port\u00e9e de tous\"\/><\/p>\n<p class=\"p1\"><span class=\"c5\"><strong><span class=\"c4\"><em>La d\u00e9cision de se lancer dans l\u2019aventure de la cr\u00e9ation de ce festival r\u00e9pond \u00e0 une conviction forte : celle que la soci\u00e9t\u00e9 a plus que jamais besoin de s\u2019approcher des sciences.<\/em><\/span><\/strong><\/span><span id=\"more-334178\"\/><\/p>\n<p class=\"p1\"><span class=\"s1\">Biodiversit\u00e9, corps, taxidermie, robotique\u2026 De l\u2019anthropologie \u00e0 l\u2019arch\u00e9ologie, en passant par l\u2019astronomie, la premi\u00e8re \u00e9dition du Festival des sciences propose d\u2019alimenter nos connaissances en faisant entrer le public, les amateurs, les \u00e9tudiants et les professionnels dans le jeu des sciences.<\/span><\/p>\n<p class=\"p1\"><span class=\"s1\">Ouvert \u00e0 tous, convivial et gratuit, cet \u00e9v\u00e9nement est organis\u00e9 en collaboration et en partenariat avec Act4Community. Organis\u00e9 du 18 au 22 f\u00e9vrier et pr\u00e9voyant d\u2019accueillir plus de 6.000 visiteurs, ce festival se d\u00e9cline en discussions libres, conf\u00e9rences, pl\u00e9ni\u00e8res, spectacles, expositions, projections et activit\u00e9s aussi ludiques que didactiques.<\/span><\/p>\n<p class=\"p1\"><span class=\"s1\">Il offre \u00e9galement l\u2019occasion de se projeter \u00e0 l\u2019int\u00e9rieur du corps humain,<span class=\"Apple-converted-space\">\u00a0<\/span> de s\u2019essayer \u00e0 des exp\u00e9riences et des manipulations quelquefois loufoques et m\u00eame d\u2019admirer les constellations dans un plan\u00e9tarium.<\/span><\/p>\n<p class=\"p1\"><span class=\"s1\">Durant ces cinq jours, le festival accueille des \u00e9l\u00e8ves mais \u00e9galement des \u00e9tudiants et le grand public afin de participer \u00e0 des ateliers scientifiques.<\/span><\/p>\n<p class=\"p1\"><span class=\"s1\">La d\u00e9cision de se lancer dans l\u2019aventure de la cr\u00e9ation de ce festival r\u00e9pond \u00e0 une conviction forte : celle que la soci\u00e9t\u00e9 a plus que jamais besoin de s\u2019approcher des sciences.<\/span><\/p>\n<p class=\"p1\"><span class=\"s1\"><em>\u00abL\u2019\u00e9v\u00e9nement a pour vocation de sensibiliser le grand public aux sciences et aux nouvelles technologies et de permettre aux jeunes de s\u2019ouvrir aux carri\u00e8res scientifiques\u00bb,<\/em> a d\u00e9clar\u00e9 Hicham Maataoui, directeur du festival.<\/span><\/p>\n<p class=\"p1\"><span class=\"s1\">Au travers de laboratoires, d\u2019animations et d\u2019expositions, l\u2019\u00e9v\u00e9nement met le monde de la science et des technologies \u00e0 la port\u00e9e de tous.<\/span><\/p>\n<p class=\"p1\"><span class=\"s1\"><em>\u00abGr\u00e2ce \u00e0 la technologie, on parvient \u00e0 rendre toute chose compliqu\u00e9e attractive et simple au grand public qui au d\u00e9part n\u2019est absolument pas conquis par le sujet. Car la technologie a bien souvent suscit\u00e9 des vocations\u00bb,<\/em> analyse un scientifique.<\/span><\/p>\n<p class=\"p1\"><span class=\"s1\">L\u2019engouement pour ce festival s\u2019est vite fait ressentir comme en t\u00e9moigne le nombre important des curieux de la science venus d\u00e9couvrir cet \u00e9v\u00e9nement.<\/span><\/p>\n<p class=\"p1\"><span class=\"s1\">Les organisateurs croient d\u2019ailleurs pouvoir dupliquer cette exp\u00e9rience, bien qu\u2019elle soit encore \u00e0 sa premi\u00e8re \u00e9dition, dans d\u2019autres villes du Royaume.<\/span><\/p>\n<p class=\"p1\"><span class=\"s1\">\u00abAujourd\u2019hui nous sommes convaincus que le Festival de la science sera organis\u00e9 dans d\u2019autres villes du Maroc, notamment Marrakech et Rabat, qui seraient programm\u00e9es au futur. Nous esp\u00e9rons que cette exp\u00e9rience profitera \u00e0 de nombreuses villes du Maroc car ces \u00e9v\u00e9nements permettent de d\u00e9mystifier la science per\u00e7ue souvent comme difficile et r\u00e9serv\u00e9e \u00e0 l\u2019\u00e9lite\u00bb, affirme M. Maataoui.<\/span><\/p>\n<p class=\"p1\"><span class=\"s1\">Pour joindre l\u2019utile \u00e0 l\u2019agr\u00e9able, le festival organise \u00e9galement une comp\u00e9tition intitul\u00e9e \u00abMa th\u00e8se en 180 secondes\u00bb qui aura lieu ce vendredi. L\u2019objectif est d\u2019aider les doctorants qui sont en cours de travaux de recherches de venir pr\u00e9senter leur sujet en trois minutes de fa\u00e7on simplifi\u00e9e pour le grand public<\/span><\/p>\n<p>Auteur: Hakim Bahechar<br \/>\n<a href=\"http:\/\/aujourdhui.ma\/societe\/premiere-edition-du-festival-de-la-science-a-safi-mettre-la-science-a-la-portee-de-tous\">Cliquez ici pour lire l&rsquo;article depuis sa source.<\/a><\/p>\n","protected":false},"excerpt":{"rendered":"<p>La d\u00e9cision de se lancer dans l\u2019aventure de la cr\u00e9ation de ce festival r\u00e9pond \u00e0 une conviction forte : celle que la soci\u00e9t\u00e9 a plus que jamais besoin de s\u2019approcher des sciences. Biodiversit\u00e9, corps, taxidermie, robotique\u2026 De l\u2019anthropologie \u00e0 l\u2019arch\u00e9ologie, en passant par l\u2019astronomie, la premi\u00e8re \u00e9dition du Festival des sciences propose d\u2019alimenter nos connaissances [&hellip;]<\/p>\n","protected":false},"author":1759,"featured_media":0,"comment_status":"closed","ping_status":"closed","sticky":false,"template":"","format":"standard","meta":{"fifu_image_url":"","fifu_image_alt":"","footnotes":""},"categories":[73,54],"tags":[],"class_list":["post-76728","post","type-post","status-publish","format-standard","hentry","category-actualite","category-maroc"],"_links":{"self":[{"href":"https:\/\/linitiative.ca\/International\/wp-json\/wp\/v2\/posts\/76728","targetHints":{"allow":["GET"]}}],"collection":[{"href":"https:\/\/linitiative.ca\/International\/wp-json\/wp\/v2\/posts"}],"about":[{"href":"https:\/\/linitiative.ca\/International\/wp-json\/wp\/v2\/types\/post"}],"author":[{"embeddable":true,"href":"https:\/\/linitiative.ca\/International\/wp-json\/wp\/v2\/users\/1759"}],"replies":[{"embeddable":true,"href":"https:\/\/linitiative.ca\/International\/wp-json\/wp\/v2\/comments?post=76728"}],"version-history":[{"count":0,"href":"https:\/\/linitiative.ca\/International\/wp-json\/wp\/v2\/posts\/76728\/revisions"}],"wp:attachment":[{"href":"https:\/\/linitiative.ca\/International\/wp-json\/wp\/v2\/media?parent=76728"}],"wp:term":[{"taxonomy":"category","embeddable":true,"href":"https:\/\/linitiative.ca\/International\/wp-json\/wp\/v2\/categories?post=76728"},{"taxonomy":"post_tag","embeddable":true,"href":"https:\/\/linitiative.ca\/International\/wp-json\/wp\/v2\/tags?post=76728"}],"curies":[{"name":"wp","href":"https:\/\/api.w.org\/{rel}","templated":true}]}}