{"id":76738,"date":"2020-02-21T07:14:19","date_gmt":"2020-02-21T12:14:19","guid":{"rendered":"https:\/\/linitiative.ca\/International\/le-gouvernement-fakhfakh-en-chiffres-15-portefeuilles-pour-des-independants-dont-6-femmes\/"},"modified":"2020-02-21T07:14:19","modified_gmt":"2020-02-21T12:14:19","slug":"le-gouvernement-fakhfakh-en-chiffres-15-portefeuilles-pour-des-independants-dont-6-femmes","status":"publish","type":"post","link":"https:\/\/linitiative.ca\/International\/le-gouvernement-fakhfakh-en-chiffres-15-portefeuilles-pour-des-independants-dont-6-femmes\/","title":{"rendered":"Le gouvernement Fakhfakh en chiffres : 15 portefeuilles pour des ind\u00e9pendants dont 6 femmes"},"content":{"rendered":"<p>Annonc\u00e9, mercredi 19 f\u00e9vrier, apr\u00e8s presque une semaine de tractations, le gouvernement d\u2019Ely\u00e8s Fakhfakh compte, d\u00e9sormais, 30 ministres et 2 secr\u00e9taires d\u2019Etat.<\/p>\n<p>Fakhfakh a attribu\u00e9 6 portefeuilles minist\u00e9riels au mouvement Ennahdha (54 \u00e9lus), 3 au Courant d\u00e9mocrate (22 \u00e9lus), 2 au mouvement Echa\u00e2b (15 d\u00e9put\u00e9s), 2 au mouvement Tahya Toun\u00e8s (14 d\u00e9put\u00e9s) et 2 autres postes au bloc de la R\u00e9forme nationale (16 \u00e9lus).<\/p>\n<p>De l\u2019avis de nombreux observateurs, le gouvernement propos\u00e9 peut s\u2019assurer d\u2019un soutien de 121 \u00e9lus.<\/p>\n<p>La moyenne d\u2019\u00e2ge des membres du gouvernement est de 53 ans, alors que le taux de la pr\u00e9sence f\u00e9minine ne d\u00e9passe pas les 19%.<\/p>\n<p>Il s\u2019agit de 4 femmes ministres et 2 secr\u00e9taires d\u2019Etat, toutes des \u00ab personnalit\u00e9s ind\u00e9pendantes \u00bb, selon Fakhfakh.<\/p>\n<p>Pour la premi\u00e8re fois, une femme est d\u00e9sign\u00e9e \u00e0 la t\u00eate du d\u00e9partement de la Justice, un minist\u00e8re de souverainet\u00e9 par excellence.<\/p>\n<p>Alors qu\u2019une sortie de crise \u00e9tait esp\u00e9r\u00e9e, samedi 15 f\u00e9vrier, avec l\u2019annonce d\u2019un gouvernement par Ely\u00e8s Fakhfakh, le retrait du mouvement Ennahdha avait rendu la confirmation de celui-ci incertain.<\/p>\n<p>Ennahdha a d\u00e9cid\u00e9 de ne participer ni au vote de confiance \u00e0 un gouvernement qui aurait \u00e9t\u00e9 \u00ab trop faible \u00bb (sans la participation de Qalb Toun\u00e8s), avait indiqu\u00e9 Abdelkrim Harouni, pr\u00e9sident du conseil de la Choura, organe consultatif du parti.<\/p>\n<p>Dans la nouvelle composition du gouvernement Fakhfakh, annonc\u00e9e, mercredi 19 f\u00e9vrier, Anouar Maarouf s\u2019est vu attribuer le portefeuille du Transport et des logistiques en remplacement d\u2019Imed Hammami.<\/p>\n<p>La modification apport\u00e9e au gouvernement Fakhfakh a concern\u00e9 notamment le minist\u00e8re de l\u2019Enseignement sup\u00e9rieur o\u00f9 Slim Choura est appel\u00e9 \u00e0 occuper ce poste.<\/p>\n<p>Dans cette composition modifi\u00e9e, un nouveau portefeuille a \u00e9t\u00e9 cr\u00e9\u00e9 et attribu\u00e9 \u00e0 Lobna J\u00e9ribi. Il s\u2019agit du ministre aupr\u00e8s du chef du gouvernement, charg\u00e9e des grands projets nationaux.<\/p>\n<div class=\"wp-post-author-wrap wp-post-author-shortcode left\">\n<h3 class=\"awpa-title\"\/>\n<div class=\"wp-post-author\">\n<div class=\"awpa-img awpa-author-block square\"><a href=\"http:\/\/lexpertjournal.net\/fr\/author\/expert\/\"><img loading=\"lazy\" decoding=\"async\" alt=\"\" src=\"http:\/\/0.gravatar.com\/avatar\/97f8e10a1c1125ba104a76514ee07b16?s=150&#038;d=mm&#038;r=g\" srcset=\"http:\/\/0.gravatar.com\/avatar\/97f8e10a1c1125ba104a76514ee07b16?s=300&#038;d=mm&#038;r=g 2x\" class=\"avatar avatar-150 photo\" height=\"150\" width=\"150\"\/><\/a><\/div>\n<\/div>\n<\/div>\n<div class=\"ssba-classic-2 ssba ssbp-wrap left ssbp--theme-1 c2\"><span class=\"ssba-share-text\">Share this&#8230;<\/span><br \/><a data-site=\"\" class=\"ssba_facebook_share\" href=\"http:\/\/www.facebook.com\/sharer.php?u=http:\/\/lexpertjournal.net\/fr\/2020\/02\/21\/le-gouvernement-fakhfakh-en-chiffres-15-portefeuilles-pour-des-independants-dont-6-femmes\/\" target=\"_blank\" rel=\"noopener noreferrer\"><img decoding=\"async\" src=\"http:\/\/lexpertjournal.net\/fr\/wp-content\/plugins\/simple-share-buttons-adder\/buttons\/somacro\/facebook.png\" title=\"Facebook\" class=\"ssba ssba-img c1\" alt=\"Share on Facebook\"\/><\/a><\/p>\n<p><a data-site=\"pinterest\" class=\"ssba_pinterest_share\" href=\"javascript:void((function()%7Bvar%20e=document.createElement('script');e.setAttribute('type','text\/javascript');e.setAttribute('charset','UTF-8');e.setAttribute('src','\/\/assets.pinterest.com\/js\/pinmarklet.js?r='+Math.random()*99999999);document.body.appendChild(e)%7D)());\"><img decoding=\"async\" src=\"http:\/\/lexpertjournal.net\/fr\/wp-content\/plugins\/simple-share-buttons-adder\/buttons\/somacro\/pinterest.png\" title=\"Pinterest\" class=\"ssba ssba-img c1\" alt=\"Pin on Pinterest\"\/><\/a><\/p>\n<p><a data-site=\"\" class=\"ssba_twitter_share\" href=\"http:\/\/twitter.com\/share?url=http:\/\/lexpertjournal.net\/fr\/2020\/02\/21\/le-gouvernement-fakhfakh-en-chiffres-15-portefeuilles-pour-des-independants-dont-6-femmes\/&#038;text=Le%20gouvernement%20Fakhfakh%20en%20chiffres%20%3A%2015%20portefeuilles%20pour%20des%20ind%C3%A9pendants%20dont%206%20femmes%20\" target=\"\"_blank\"\"><img decoding=\"async\" src=\"http:\/\/lexpertjournal.net\/fr\/wp-content\/plugins\/simple-share-buttons-adder\/buttons\/somacro\/twitter.png\" title=\"Twitter\" class=\"ssba ssba-img c1\" alt=\"Tweet about this on Twitter\"\/><\/a><\/p>\n<p><a data-site=\"linkedin\" class=\"ssba_linkedin_share ssba_share_link\" href=\"http:\/\/www.linkedin.com\/shareArticle?mini=true&#038;url=http:\/\/lexpertjournal.net\/fr\/2020\/02\/21\/le-gouvernement-fakhfakh-en-chiffres-15-portefeuilles-pour-des-independants-dont-6-femmes\/\" target=\"\"_blank\"\"><img decoding=\"async\" src=\"http:\/\/lexpertjournal.net\/fr\/wp-content\/plugins\/simple-share-buttons-adder\/buttons\/somacro\/linkedin.png\" title=\"LinkedIn\" class=\"ssba ssba-img c1\" alt=\"Share on LinkedIn\"\/><\/a><\/p>\n<\/div>\n<p>Auteur: L&rsquo;expert<br \/>\n<a href=\"http:\/\/lexpertjournal.net\/fr\/2020\/02\/21\/le-gouvernement-fakhfakh-en-chiffres-15-portefeuilles-pour-des-independants-dont-6-femmes\/\">Cliquez ici pour lire l&rsquo;article depuis sa source.<\/a><\/p>\n","protected":false},"excerpt":{"rendered":"<p>Annonc\u00e9, mercredi 19 f\u00e9vrier, apr\u00e8s presque une semaine de tractations, le gouvernement d\u2019Ely\u00e8s Fakhfakh compte, d\u00e9sormais, 30 ministres et 2 secr\u00e9taires d\u2019Etat. Fakhfakh a attribu\u00e9 6 portefeuilles minist\u00e9riels au mouvement Ennahdha (54 \u00e9lus), 3 au Courant d\u00e9mocrate (22 \u00e9lus), 2 au mouvement Echa\u00e2b (15 d\u00e9put\u00e9s), 2 au mouvement Tahya Toun\u00e8s (14 d\u00e9put\u00e9s) et 2 autres [&hellip;]<\/p>\n","protected":false},"author":1775,"featured_media":0,"comment_status":"closed","ping_status":"closed","sticky":false,"template":"","format":"standard","meta":{"fifu_image_url":"","fifu_image_alt":"","footnotes":""},"categories":[78,55],"tags":[],"class_list":["post-76738","post","type-post","status-publish","format-standard","hentry","category-economie","category-tunisie"],"_links":{"self":[{"href":"https:\/\/linitiative.ca\/International\/wp-json\/wp\/v2\/posts\/76738","targetHints":{"allow":["GET"]}}],"collection":[{"href":"https:\/\/linitiative.ca\/International\/wp-json\/wp\/v2\/posts"}],"about":[{"href":"https:\/\/linitiative.ca\/International\/wp-json\/wp\/v2\/types\/post"}],"author":[{"embeddable":true,"href":"https:\/\/linitiative.ca\/International\/wp-json\/wp\/v2\/users\/1775"}],"replies":[{"embeddable":true,"href":"https:\/\/linitiative.ca\/International\/wp-json\/wp\/v2\/comments?post=76738"}],"version-history":[{"count":0,"href":"https:\/\/linitiative.ca\/International\/wp-json\/wp\/v2\/posts\/76738\/revisions"}],"wp:attachment":[{"href":"https:\/\/linitiative.ca\/International\/wp-json\/wp\/v2\/media?parent=76738"}],"wp:term":[{"taxonomy":"category","embeddable":true,"href":"https:\/\/linitiative.ca\/International\/wp-json\/wp\/v2\/categories?post=76738"},{"taxonomy":"post_tag","embeddable":true,"href":"https:\/\/linitiative.ca\/International\/wp-json\/wp\/v2\/tags?post=76738"}],"curies":[{"name":"wp","href":"https:\/\/api.w.org\/{rel}","templated":true}]}}