{"id":76742,"date":"2020-02-21T13:04:17","date_gmt":"2020-02-21T18:04:17","guid":{"rendered":"https:\/\/linitiative.ca\/International\/le-pianiste-simon-ghraichy-anime-un-recital-a-alger\/"},"modified":"2020-02-21T13:04:17","modified_gmt":"2020-02-21T18:04:17","slug":"le-pianiste-simon-ghraichy-anime-un-recital-a-alger","status":"publish","type":"post","link":"https:\/\/linitiative.ca\/International\/le-pianiste-simon-ghraichy-anime-un-recital-a-alger\/","title":{"rendered":"Le pianiste Simon Ghraichy anime un r\u00e9cital \u00e0 Alger  \u00a0"},"content":{"rendered":"<div readability=\"36\">\n<p><strong>\u00a0ALGER &#8211; Un concert de musique classique a \u00e9t\u00e9 anim\u00e9 jeudi soir \u00e0 Alger, par le pianiste Simon Ghraichy, dans des atmosph\u00e8res solennelles, devant un public nombreux et recueilli.<\/strong><\/p>\n<\/div>\n<div readability=\"120\">\n<p>La grande caisse de r\u00e9sonance que constitue l\u2019espace imposant de la Basilique \u00ab\u00a0Notre Dame d`Afrique\u00a0\u00bb, a permis, au pianiste Simon Ghraichy de promener l\u2019assistance dans une randonn\u00e9e onirique \u00e0 travers une dizaine de pi\u00e8ces savamment choisies, de diff\u00e9rents grands compositeurs, de la p\u00e9riode du moyen \u00e2ge jusqu\u2019\u00e0 l\u2019\u00e9poque contemporaine.<\/p>\n<p>Durant pr\u00e8s de 65 mn, le g\u00e9nie cr\u00e9atif des compositeurs et la virtuosit\u00e9 de l\u2019artiste, \u00e9poustouflant de technique et de ma\u00eetrise de l\u2019instrument, ont \u00e9t\u00e9 mis en valeur dans le silence sacral des lieux et la puret\u00e9 des sonorit\u00e9s.<\/p>\n<blockquote readability=\"14\">\n<p><em><strong>\u00ab\u00a0Pr\u00e9lude et fugue en LA mineur\u00a0\u00bb de Jean S\u00e9bastien Bach (1685-1750) et Franz Liszt (1811-1886), \u00ab\u00a0Variations sur un th\u00e8me de Beethoven\u00a0\u00bb de Robert Schumann (1810-1856), \u00ab\u00a0Timelapse\u00a0\u00bb, de Michael Nyman n\u00e9 en 1944, ont figur\u00e9 parmi les pi\u00e8ces au programme du pianiste, tout de noir v\u00eatu, avec une veste et des chaussures orn\u00e9es de broderies.<\/strong><\/em><\/p>\n<\/blockquote>\n<p>Dans des variations modales et rythmiques, le pianiste, \u00e9galement investi dans la recherche et les \u00e9tudes comparatives sur des \u0153uvres d\u2019\u00e9poques diff\u00e9rentes, est pass\u00e9 de la rigueur acad\u00e9mique des grands classiques, \u00e0 la spontan\u00e9it\u00e9 caract\u00e9risant les musiques et chants populaires, con\u00e7us dans des cadences ternaires aux ambiances festives.<\/p>\n<p>L&rsquo;artiste a ensuite encha\u00een\u00e9 dans un tout autre registre musical avec, \u00ab\u00a0Recuerdos de la Alhambra\u00a0\u00bb de Francisco Tarrega (1852-1909), \u00ab\u00a0Asturias\u00a0\u00bb d\u2019Issac Albeniz (1860-1909), \u00ab\u00a02 danses Afro-cubaines\u00a0\u00bb de Ernesto Lucuona (1895-1963), \u00ab\u00a0Alfonsina y el mar\u00a0\u00bb d\u2019Ariel Ramirez (1921-2010) et \u00ab\u00a0Danzon No 2\u00a0\u00bb d\u2019Arturo Marquez n\u00e9 en 1950.<\/p>\n<blockquote readability=\"15\">\n<p><em><strong>\u00ab\u00a0Tr\u00e8s heureux\u00a0\u00bb de se produire devant le public alg\u00e9rois, \u00ab\u00a0chaleureux et accueillant\u00a0\u00bb, Simon Ghraichy, prenait du plaisir \u00e0 pr\u00e9senter chacune des musiques interpr\u00e9t\u00e9es, expliquant qu\u2019il a du adapter au piano, les pi\u00e8ces, \u00ab\u00a0Asturias\u00a0\u00bb et \u00ab\u00a0Recuerdos de la Alhambra\u00a0\u00bb, initialement \u00e9crites pour guitare.<\/strong><\/em><\/p>\n<\/blockquote>\n<p>Dans la solennit\u00e9 de l\u2019instant, le public a savour\u00e9 chaque moment du spectacle dans l\u2019all\u00e9gresse et la volupt\u00e9, appr\u00e9ciant le professionnalisme et le talent de l\u2019artiste, en Alg\u00e9rie pour la premi\u00e8re fois, et dont c\u2019est la deuxi\u00e8me prestation apr\u00e8s celle \u00e0 Tlemcen (la veille) et avant celles de Constantine et Annaba.<\/p>\n<p>En pr\u00e9sence de repr\u00e9sentants des missions diplomatiques fran\u00e7aises et mexicaines accr\u00e9dit\u00e9es \u00e0 Alger, le pianiste Simon Ghraichy, r\u00e9pondant au rappel de l&rsquo;assistance, est remont\u00e9 sur sc\u00e8ne pour clore son r\u00e9cital avec \u00ab\u00a0Les sauvages\u00a0\u00bb de Jean Philippe Rameau.<\/p>\n<blockquote readability=\"13\">\n<p><em><strong>N\u00e9 en 1985, Simon Ghraichy, fran\u00e7ais d&rsquo;origine libano-m\u00e9xicaine, est devenu une figure incontournable de la sc\u00e8ne classique, jouissant du respect de ses pairs pour sa virtuosit\u00e9 irr\u00e9prochable, son charisme et sa personnalit\u00e9 d\u00e9complex\u00e9e qui lui vaudra de conqu\u00e9rir tr\u00e8s vite de nouveaux publics.<\/strong><\/em><\/p>\n<\/blockquote>\n<p>El\u00e8ve de Michel B\u00e9roff et Daria Horova au conservatoire national sup\u00e9rieur de musique \u00e0 Paris, et de Tuija Hakkila au Sibelius Acad\u00e9my \u00e0 Helsenki (Finlande), sa carri\u00e8re prit un essor en 2010, pour voir ensuite, son talent d\u2019artiste accompli sollicit\u00e9 dans de grands \u00e9v\u00e9nements en France et ailleurs pour se produire sur les sc\u00e8nes les plus prestigieuses du monde.<\/p>\n<p>R\u00e9alisant plusieurs enregistrements en 2016 dans le cadre d\u2019un partenariat de trois ans avec Universal Music France, Simon Ghraichy a sorti quatre albums, \u00ab\u00a0Transcriptions et paraphrases d\u2019airs d\u2019op\u00e9ras faites au XIXe si\u00e8cle par Franz Liszt\u00a0\u00bb(2013), \u00ab\u00a0Sonate pour piano en SI mineur\u00a0\u00bb de Franz Liszt et \u00ab\u00a0Kreisleriana\u00a0\u00bb de Robert Schumann (2015), \u00ab\u00a0H\u00e9ritages\u00a0\u00bb (2017) et \u00ab\u00a033\u00a0\u00bb (2019).<\/p>\n<blockquote readability=\"12\">\n<p><em><strong>Organis\u00e9 par la Basilique \u00ab\u00a0Notre Dame d\u2019Afrique\u00a0\u00bb, le r\u00e9cital de piano de Simon Ghraichy a \u00e9t\u00e9 programm\u00e9, selon le recteur de la basilique Notre-Dame d&rsquo;Afrique, p\u00e8re Jos\u00e9 Maria Cantal Rivas, dans le cadre du \u00ab\u00a0programme r\u00e9gulier, initi\u00e9 par l&rsquo;\u00e9glise\u00a0\u00bb.<\/strong><\/em><\/p>\n<\/blockquote>\n<\/div>\n<p>Auteur:<br \/>\n<a href=\"http:\/\/www.aps.dz\/culture\/101982-le-pianiste-simon-ghraichy-anime-un-recital-a-alger\">Cliquez ici pour lire l&rsquo;article depuis sa source.<\/a><\/p>\n","protected":false},"excerpt":{"rendered":"<p>\u00a0ALGER &#8211; Un concert de musique classique a \u00e9t\u00e9 anim\u00e9 jeudi soir \u00e0 Alger, par le pianiste Simon Ghraichy, dans des atmosph\u00e8res solennelles, devant un public nombreux et recueilli. La grande caisse de r\u00e9sonance que constitue l\u2019espace imposant de la Basilique \u00ab\u00a0Notre Dame d`Afrique\u00a0\u00bb, a permis, au pianiste Simon Ghraichy de promener l\u2019assistance dans une [&hellip;]<\/p>\n","protected":false},"author":1790,"featured_media":0,"comment_status":"closed","ping_status":"closed","sticky":false,"template":"","format":"standard","meta":{"fifu_image_url":"","fifu_image_alt":"","footnotes":""},"categories":[53,79],"tags":[],"class_list":["post-76742","post","type-post","status-publish","format-standard","hentry","category-algerie","category-culture"],"_links":{"self":[{"href":"https:\/\/linitiative.ca\/International\/wp-json\/wp\/v2\/posts\/76742","targetHints":{"allow":["GET"]}}],"collection":[{"href":"https:\/\/linitiative.ca\/International\/wp-json\/wp\/v2\/posts"}],"about":[{"href":"https:\/\/linitiative.ca\/International\/wp-json\/wp\/v2\/types\/post"}],"author":[{"embeddable":true,"href":"https:\/\/linitiative.ca\/International\/wp-json\/wp\/v2\/users\/1790"}],"replies":[{"embeddable":true,"href":"https:\/\/linitiative.ca\/International\/wp-json\/wp\/v2\/comments?post=76742"}],"version-history":[{"count":0,"href":"https:\/\/linitiative.ca\/International\/wp-json\/wp\/v2\/posts\/76742\/revisions"}],"wp:attachment":[{"href":"https:\/\/linitiative.ca\/International\/wp-json\/wp\/v2\/media?parent=76742"}],"wp:term":[{"taxonomy":"category","embeddable":true,"href":"https:\/\/linitiative.ca\/International\/wp-json\/wp\/v2\/categories?post=76742"},{"taxonomy":"post_tag","embeddable":true,"href":"https:\/\/linitiative.ca\/International\/wp-json\/wp\/v2\/tags?post=76742"}],"curies":[{"name":"wp","href":"https:\/\/api.w.org\/{rel}","templated":true}]}}