{"id":76752,"date":"2020-02-21T12:40:58","date_gmt":"2020-02-21T17:40:58","guid":{"rendered":"https:\/\/linitiative.ca\/International\/session-de-formation-sur-le-reboisement-et-la-plantation\/"},"modified":"2020-02-21T12:40:58","modified_gmt":"2020-02-21T17:40:58","slug":"session-de-formation-sur-le-reboisement-et-la-plantation","status":"publish","type":"post","link":"https:\/\/linitiative.ca\/International\/session-de-formation-sur-le-reboisement-et-la-plantation\/","title":{"rendered":"Session de formation sur le reboisement et la plantation"},"content":{"rendered":"<div readability=\"37\">\n<p>Essaouira \u2013 Une session de formation sur l\u2019importance du reboisement et les techniques de plantation, a \u00e9t\u00e9 organis\u00e9e, vendredi \u00e0 Essaouira, au profit des coordinateurs et coordinatrices des Clubs \u00e9cologiques au sein des \u00e9tablissements scolaires relevant de la province.<\/p>\n<\/div>\n<div readability=\"157\">\n<p>Initi\u00e9e par l\u2019Association des Enseignants des Sciences de la Vie et de la Terre (AESVT-section d\u2019Essaouira), en partenariat avec la Direction provinciale du minist\u00e8re de l\u2019Education nationale, la Direction provinciale des Eaux et For\u00eats et de la Lutte contre la D\u00e9sertification et l\u2019Association de D\u00e9veloppement de la Coop\u00e9ration scolaire (section d\u2019Essaouira), cette session s\u2019inscrit dans le cadre des efforts men\u00e9s pour la protection de l\u2019environnement et la r\u00e9alisation du d\u00e9veloppement durable.<\/p>\n<p>Elle intervient aussi dans le sillage du programme concoct\u00e9 \u00e0 l\u2019occasion de la c\u00e9l\u00e9bration de la \u00ab\u00a0Semaine Verte 2020\u00a0\u00bb, pr\u00e9vue du 24 f\u00e9vrier au 1er mars prochain dans 25 villes marocaines.<\/p>\n<p>La \u00ab\u00a0Semaine Verte\u00a0\u00bb, rappelle-t-on, est un rendez-vous mobilisateur et festif, initi\u00e9 par l\u2019AESVT-Maroc, en vue de sensibiliser sur la r\u00e9alit\u00e9 des for\u00eats, des espaces verts et des cultures alimentaires du Royaume.<\/p>\n<p>Dans une d\u00e9claration \u00e0 la MAP \u00e0 cette occasion, M. Hicham Agourd, membre de l\u2019AESVT-section d\u2019Essaouira, a soulign\u00e9 que ladite section est fortement engag\u00e9e pour c\u00e9l\u00e9brer, \u00e0 l\u2019instar des autres sections de l\u2019Association \u00e0 travers le Royaume, la \u00ab\u00a0Semaine Verte\u00a0\u00bb qui se veut un \u00e9v\u00e9nement f\u00e9d\u00e9rateur, visant \u00e0 am\u00e9liorer la prise de conscience et la sensibilisation de la population quant \u00e0 l\u2019ampleur des d\u00e9fis environnementaux, et \u00e0 favoriser la canalisation des efforts et la mobilisation des \u00e9nergies pour une meilleure protection de l\u2019environnement et un d\u00e9veloppement durable et inclusif des territoires.<\/p>\n<p>Il a, en outre, expliqu\u00e9 que cette session de formation est marqu\u00e9e notamment par la pr\u00e9sence de cadres de la Direction provinciale des Eaux et For\u00eats et de la Lutte contre la D\u00e9sertification qui pr\u00e9senteront aux coordinateurs et coordinatrices des Clubs \u00e9cologiques des informations exhaustives sur le reboisement et les techniques de plantation au sein des \u00e9tablissements scolaires, le but \u00e9tant de garantir la r\u00e9ussite optimale de cette op\u00e9ration.<\/p>\n<p>M. Agourd, \u00e9galement coordinateur provincial pour l\u2019environnement \u00e0 la Direction provinciale de l\u2019\u00e9ducation nationale, a fait savoir que la \u00ab\u00a0Semaine Verte\u00a0\u00bb, au niveau de la province, sera notamment ponctu\u00e9e de campagnes de sensibilisation au sein des \u00e9tablissements scolaires pour renforcer la prise de conscience parmi les \u00e9l\u00e8ves de l\u2019importance de la pr\u00e9servation de l\u2019environnement, de conf\u00e9rences scientifiques d\u00e9di\u00e9es aux questions \u00e9cologiques, d\u2019op\u00e9rations de plantation dans les \u00e9tablissements scolaires et d\u2019un carnaval des \u00e9coliers qui sillonnera plusieurs espaces verts dans la ville d\u2019Essaouira.<\/p>\n<p>Pour sa part, le chef du service des affaires p\u00e9dagogiques \u00e0 la Direction provinciale du minist\u00e8re de l\u2019Education nationale, Larbi Akrouche, a indiqu\u00e9 que la \u00ab\u00a0Semaine Verte\u00a0\u00bb repr\u00e9sente un \u00e9v\u00e9nement majeur visant, entre autres, \u00e0 inculquer aux futures g\u00e9n\u00e9rations les principes de la culture environnementale et \u00e0 favoriser leur adh\u00e9sion aux projets et actions d\u00e9di\u00e9s \u00e0 la pr\u00e9servation des diff\u00e9rentes composantes des \u00e9cosyst\u00e8mes \u00e0 l\u2019\u00e9chelle locale.<\/p>\n<p>A cet \u00e9gard, il a soutenu que l\u2019\u00e9cole demeure l\u2019un des piliers de la r\u00e9ussite des efforts consentis pour la protection de l\u2019environnement, estimant que la forte pr\u00e9sence \u00e0 cette session des coordinateurs des Clubs \u00e9cologiques au sein des \u00e9tablissements scolaires traduit leur fort engagement \u00e0 consolider l\u2019\u00e9ducation \u00e0 l\u2019environnement chez les g\u00e9n\u00e9rations montantes, tout en insistant sur l\u2019ouverture de l\u2019\u00e9cole sur son environnement afin de contribuer \u00e0 l\u2019\u00e9mergence d\u2019une nouvelle g\u00e9n\u00e9ration tr\u00e8s consciente de l\u2019importance de la pr\u00e9servation de l\u2019environnement et de la recherche de solutions efficientes pour la protection des ressources naturelles dont regorge la province.<\/p>\n<p>M. Akrouche a, d\u2019autre part, pr\u00e9cis\u00e9 que la Direction provinciale de l\u2019\u00e9ducation nationale est fortement engag\u00e9e dans tous les programmes et projets nationaux inh\u00e9rents \u00e0 la protection de l\u2019environnement, ajoutant que la pr\u00e9servation de l\u2019environnement demeure une responsabilit\u00e9 collective.<\/p>\n<p>De son c\u00f4t\u00e9, le pr\u00e9sident de l\u2019Association de D\u00e9veloppement de la Coop\u00e9ration scolaire (section d\u2019Essaouira), M. Imad Redouane, s\u2019est f\u00e9licit\u00e9 de l\u2019organisation de cette session de formation pour la c\u00e9l\u00e9bration de l\u2019arbre et de la culture environnementale.<\/p>\n<p>Il a indiqu\u00e9 que cette session ainsi que les multiples actions pr\u00e9vues dans le cadre de la \u00ab\u00a0Semaine Verte 2020\u00a0\u00bb contribueront, sans nul doute, \u00e0 une large diffusion de cette culture environnementale et au renforcement de la prise de conscience quant \u00e0 l\u2019imp\u00e9ratif de la protection et de la pr\u00e9servation de l\u2019environnement sur les plans local, r\u00e9gional et national.<\/p>\n<p>Et M. Redouane de noter que ces actions et initiatives permettront d\u2019essaimer la culture d\u2019\u00e9co-citoyennet\u00e9, d\u2019adopter des comportements civiques en vue de la pr\u00e9servation des espaces verts, des ressources et des \u00e9cosyst\u00e8mes naturels et de mobiliser les citoyens et les diff\u00e9rents acteurs pour contribuer aux efforts soutenus men\u00e9s \u00e0 l\u2019\u00e9chelle locale en vue d\u2019assurer un d\u00e9veloppement \u00e9cologique, durable et inclusif.<\/p>\n<p>Cette session de formation a \u00e9t\u00e9 aussi marqu\u00e9e par un expos\u00e9 pr\u00e9sent\u00e9 par M. Mehdi El Medersaoui, ing\u00e9nieur et pr\u00e9sident du Centre de Conservation et de D\u00e9veloppement des ressources foresti\u00e8res d\u2019Essaouira, qui a mis en exergue la richesse de la diversit\u00e9 biologique et \u00e9cologique des syst\u00e8mes forestiers nationaux.<\/p>\n<p>M. El Medersaoui a \u00e9galement mis en avant les potentialit\u00e9s naturelles et \u00e9cologiques dont regorge la province d\u2019Essaouira o\u00f9 le taux du couvert forestier repr\u00e9sente pr\u00e8s de 43%, ce qui rend la province parmi les plus bois\u00e9es au niveau national, ainsi que l\u2019important \u00e9cosyst\u00e8me de l\u2019arganier, puisque cette partie du territoire national comprend la R\u00e9serve de Biosph\u00e8re des Arganeraies sur une superficie de 2,5 millions ha environ.<\/p>\n<p>Le responsable a, en outre, mis l\u2019accent sur l\u2019\u00e9cosyst\u00e8me du gen\u00e9vrier \u00e0 Essaouira et les dunes de Mogador, ainsi que sur les probl\u00e9matiques relatives \u00e0 la d\u00e9t\u00e9rioration du syst\u00e8me forestier et les contraintes li\u00e9es aux op\u00e9rations de r\u00e9g\u00e9n\u00e9ration, tout en soulignant le r\u00f4le primordial de l\u2019\u00e9ducation \u00e0 l\u2019environnement dans la sensibilisation \u00e0 l\u2019importance de la pr\u00e9servation de ce patrimoine naturel exceptionnel au profit des futures g\u00e9n\u00e9rations.<\/p>\n<\/div>\n<p>Auteur: Meriem IGASS<br \/>\n<a href=\"http:\/\/www.mapmarrakech.ma\/fr\/session-de-formation-sur-le-reboisement-de-plantation\/\">Cliquez ici pour lire l&rsquo;article depuis sa source.<\/a><\/p>\n","protected":false},"excerpt":{"rendered":"<p>Essaouira \u2013 Une session de formation sur l\u2019importance du reboisement et les techniques de plantation, a \u00e9t\u00e9 organis\u00e9e, vendredi \u00e0 Essaouira, au profit des coordinateurs et coordinatrices des Clubs \u00e9cologiques au sein des \u00e9tablissements scolaires relevant de la province. Initi\u00e9e par l\u2019Association des Enseignants des Sciences de la Vie et de la Terre (AESVT-section d\u2019Essaouira), [&hellip;]<\/p>\n","protected":false},"author":1788,"featured_media":0,"comment_status":"closed","ping_status":"closed","sticky":false,"template":"","format":"standard","meta":{"fifu_image_url":"","fifu_image_alt":"","footnotes":""},"categories":[54,76],"tags":[],"class_list":["post-76752","post","type-post","status-publish","format-standard","hentry","category-maroc","category-regions"],"_links":{"self":[{"href":"https:\/\/linitiative.ca\/International\/wp-json\/wp\/v2\/posts\/76752","targetHints":{"allow":["GET"]}}],"collection":[{"href":"https:\/\/linitiative.ca\/International\/wp-json\/wp\/v2\/posts"}],"about":[{"href":"https:\/\/linitiative.ca\/International\/wp-json\/wp\/v2\/types\/post"}],"author":[{"embeddable":true,"href":"https:\/\/linitiative.ca\/International\/wp-json\/wp\/v2\/users\/1788"}],"replies":[{"embeddable":true,"href":"https:\/\/linitiative.ca\/International\/wp-json\/wp\/v2\/comments?post=76752"}],"version-history":[{"count":0,"href":"https:\/\/linitiative.ca\/International\/wp-json\/wp\/v2\/posts\/76752\/revisions"}],"wp:attachment":[{"href":"https:\/\/linitiative.ca\/International\/wp-json\/wp\/v2\/media?parent=76752"}],"wp:term":[{"taxonomy":"category","embeddable":true,"href":"https:\/\/linitiative.ca\/International\/wp-json\/wp\/v2\/categories?post=76752"},{"taxonomy":"post_tag","embeddable":true,"href":"https:\/\/linitiative.ca\/International\/wp-json\/wp\/v2\/tags?post=76752"}],"curies":[{"name":"wp","href":"https:\/\/api.w.org\/{rel}","templated":true}]}}