{"id":76762,"date":"2020-02-21T15:14:23","date_gmt":"2020-02-21T20:14:23","guid":{"rendered":"https:\/\/linitiative.ca\/International\/international-las-roma-vise-un-jeune-buteur-bresilien\/"},"modified":"2020-02-21T15:14:23","modified_gmt":"2020-02-21T20:14:23","slug":"international-las-roma-vise-un-jeune-buteur-bresilien","status":"publish","type":"post","link":"https:\/\/linitiative.ca\/International\/international-las-roma-vise-un-jeune-buteur-bresilien\/","title":{"rendered":"International : L\u2019AS Roma vise un jeune buteur br\u00e9silien"},"content":{"rendered":"<div readability=\"32\">\n<p>Auteur : <span class=\"time\">vendredi 21 f\u00e9vrier 2020 19:15<\/span><\/p>\n<\/div>\n<div id=\"post_core\" readability=\"39\">\n<p>Il s\u2019agit de Talles Magno. \u00c2g\u00e9 de 17 ans, ce dernier \u00e9volue actuellement sous les couleurs de Vasco da Gama o\u00f9 il est sous contrat jusqu\u2019en juin 2021. Apparu \u00e0 deux reprises cette saison (1 passe d\u00e9cisive), l\u2019international U17 br\u00e9silien serait estim\u00e9 \u00e0 cinq millions d\u2019euros. La Juventus et Liverpool le surveilleraient \u00e9galement de pr\u00e8s.<\/p>\n<p><strong>Publi\u00e9 dans :<\/strong> <span>As Rome<\/span> <span>Talles Magno<\/span><\/p>\n<\/div>\n<p>Auteur:<br \/>\n<a href=\"http:\/\/www.lebuteur.com\/article\/detail?titre=las-roma-vise-un-jeune-buteur-bresilien&#038;id=94917&#038;utm_source=feedburner&#038;utm_medium=feed&#038;utm_campaign=Feed%3A+GalerieFArtciles+%28Les+derniers+articles++-+lebuteur.com%29\">Cliquez ici pour lire l&rsquo;article depuis sa source.<\/a><\/p>\n","protected":false},"excerpt":{"rendered":"<p>Auteur : vendredi 21 f\u00e9vrier 2020 19:15 Il s\u2019agit de Talles Magno. \u00c2g\u00e9 de 17 ans, ce dernier \u00e9volue actuellement sous les couleurs de Vasco da Gama o\u00f9 il est sous contrat jusqu\u2019en juin 2021. Apparu \u00e0 deux reprises cette saison (1 passe d\u00e9cisive), l\u2019international U17 br\u00e9silien serait estim\u00e9 \u00e0 cinq millions d\u2019euros. La Juventus [&hellip;]<\/p>\n","protected":false},"author":1738,"featured_media":76763,"comment_status":"closed","ping_status":"closed","sticky":false,"template":"","format":"standard","meta":{"fifu_image_url":"","fifu_image_alt":"","footnotes":""},"categories":[53,75],"tags":[],"class_list":["post-76762","post","type-post","status-publish","format-standard","has-post-thumbnail","hentry","category-algerie","category-sport"],"_links":{"self":[{"href":"https:\/\/linitiative.ca\/International\/wp-json\/wp\/v2\/posts\/76762","targetHints":{"allow":["GET"]}}],"collection":[{"href":"https:\/\/linitiative.ca\/International\/wp-json\/wp\/v2\/posts"}],"about":[{"href":"https:\/\/linitiative.ca\/International\/wp-json\/wp\/v2\/types\/post"}],"author":[{"embeddable":true,"href":"https:\/\/linitiative.ca\/International\/wp-json\/wp\/v2\/users\/1738"}],"replies":[{"embeddable":true,"href":"https:\/\/linitiative.ca\/International\/wp-json\/wp\/v2\/comments?post=76762"}],"version-history":[{"count":0,"href":"https:\/\/linitiative.ca\/International\/wp-json\/wp\/v2\/posts\/76762\/revisions"}],"wp:featuredmedia":[{"embeddable":true,"href":"https:\/\/linitiative.ca\/International\/wp-json\/"}],"wp:attachment":[{"href":"https:\/\/linitiative.ca\/International\/wp-json\/wp\/v2\/media?parent=76762"}],"wp:term":[{"taxonomy":"category","embeddable":true,"href":"https:\/\/linitiative.ca\/International\/wp-json\/wp\/v2\/categories?post=76762"},{"taxonomy":"post_tag","embeddable":true,"href":"https:\/\/linitiative.ca\/International\/wp-json\/wp\/v2\/tags?post=76762"}],"curies":[{"name":"wp","href":"https:\/\/api.w.org\/{rel}","templated":true}]}}