{"id":76766,"date":"2020-02-21T15:19:16","date_gmt":"2020-02-21T20:19:16","guid":{"rendered":"https:\/\/linitiative.ca\/International\/projets-de-realisation-des-nouvelles-cites-obligation-de-realisation-des-espaces-verts\/"},"modified":"2020-02-21T15:19:16","modified_gmt":"2020-02-21T20:19:16","slug":"projets-de-realisation-des-nouvelles-cites-obligation-de-realisation-des-espaces-verts","status":"publish","type":"post","link":"https:\/\/linitiative.ca\/International\/projets-de-realisation-des-nouvelles-cites-obligation-de-realisation-des-espaces-verts\/","title":{"rendered":"Projets de r\u00e9alisation des nouvelles cit\u00e9s: Obligation de r\u00e9alisation des espaces verts"},"content":{"rendered":"<p>La v\u00e9g\u00e9tation et autres espaces verts urbains occupent une place importante dans le tissu urbain des grandes villes. Le d\u00e9veloppement de ces espaces verts apportera une r\u00e9elle touche d\u2019embellissement dans les r\u00e9gions urbaines envahies par le b\u00e9ton des nouvelles constructions. Une bonne partie des ces derni\u00e8res ne disposent point d\u2019espaces d\u00e9di\u00e9s exclusivement \u00e0 la v\u00e9g\u00e9tation qui devaient normalement \u00eatre des lieux de d\u00e9tente, de relaxation et de loisir pour les grands et les petits.<\/p>\n<p>La ministre de l\u2019Environnement et des \u00e9nergies renouvelables, Nassira Benharrats, et le ministre de l\u2019Habitat, de l\u2019urbanisme et de la ville, Kamel Nasri, ont sign\u00e9 \u00e0 Alger une convention cadre dans le but de r\u00e9aliser des espaces verts dans tous les futurs projets de construction des villes et des cit\u00e9s.<\/p>\n<p>Les deux d\u00e9partements, tous les bureaux d\u2019\u00e9tude et les soci\u00e9t\u00e9s de construction seront dans l\u2019obligation de r\u00e9aliser des espaces verts pour apporter une touche de verdure dans les nouvelles cit\u00e9s. \u00ab\u00a0En Alg\u00e9rie, chaque habitant des nouvelles villes dispose uniquement de moins de 2 m\u00e8tres carr\u00e9s et ceux des anciennes villes de 4 m2. Nous travaillons d\u2019arrache-pied pour atteindre notre objectif, \u00e0 savoir se conformer aux normes internationales qui pr\u00e9voient 10 m\u00e8tres carr\u00e9s d\u2019espaces verts par habitant\u00a0\u00bb, a indiqu\u00e9 la ministre de l\u2019Environnement.<\/p>\n<p>Elle a \u00e9galement appel\u00e9 \u00e0 l\u2019implication des citoyens, des \u00e9coliers et des familles b\u00e9n\u00e9ficiaires des nouveaux logements pour prot\u00e9ger\u00a0l\u2019environnement \u00e0 travers l\u2019agrandissement de ces espaces verts en plantant par exemple des arbres et des mais aussi en les entretenant.<\/p>\n<p>De son c\u00f4t\u00e9, le ministre de l\u2019Habitat a pr\u00e9cis\u00e9 que son d\u00e9partement \u0153uvre continuellement et en \u00e9troite collaboration avec celui de l\u2019Environnement pour d\u00e9velopper la culture des espaces verts et la protection de l\u2019environnement.\u00a0\u00a0\u00ab\u00a0La convention renfoncera ce partenariat pour l\u2019int\u00e9gration de l\u2019aspect environnemental notamment dans les villes et les cit\u00e9s afin de lutter contre la pollution et le changement climatique\u00a0\u00bb, a expliqu\u00e9 Kamel Nasri.<\/p>\n<p>Pr\u00e9sent \u00e0 cette c\u00e9r\u00e9monie, le ministre de l\u2019Agriculture et du d\u00e9veloppement rural a insist\u00e9 sur la n\u00e9cessit\u00e9 d\u2019inscrire cette action dans le cadre de la campagne nationale de reboisement et de reverdissement, dont l&rsquo;objectif est de planter 43 millions de plants durant la p\u00e9riode 2019-2021. \u00ab\u00a0L\u2019op\u00e9ration a permis de planter depuis son lancement, en octobre dernier, quelque 8,2 millions d\u2019arbres dont 168.086 plantations au niveau de la capitale\u00a0\u00bb, a r\u00e9v\u00e9l\u00e9 Cherif Omari, en pr\u00e9sence \u00e9galement du ministre d\u00e9l\u00e9gu\u00e9 charg\u00e9 de l\u2019Environnement saharien, Hamza Al Sid Cheikh, assurant que ce plan qui s\u2019\u00e9talera jusqu\u2019\u00e0 2021 permettra de \u00ab\u00a0d\u00e9velopper\u00a0\u00bb les espaces verts dans les villes et les zones urbaines mais \u00e9galement au niveau des hauts plateaux et des zones sahariennes.<\/p>\n<p>La signature de l\u2019accord intervient \u00e0 l\u2019occasion du lancement d\u2019une campagne de plantation d\u2019arbres au niveau de la Cit\u00e9 des 10.000 logements de Sidi Abdallah, sous le slogan \u00abProt\u00e9geons notre environnement, verdissons nos villes\u00a0\u00bb.<\/p>\n<p><strong>Mohamed Mendaci<\/strong><\/p>\n<p>Auteur: elmoudjahid<br \/>\n<a href=\"http:\/\/www.elmoudjahid.com\/fr\/actualites\/148638\">Cliquez ici pour lire l&rsquo;article depuis sa source.<\/a><\/p>\n","protected":false},"excerpt":{"rendered":"<p>La v\u00e9g\u00e9tation et autres espaces verts urbains occupent une place importante dans le tissu urbain des grandes villes. Le d\u00e9veloppement de ces espaces verts apportera une r\u00e9elle touche d\u2019embellissement dans les r\u00e9gions urbaines envahies par le b\u00e9ton des nouvelles constructions. Une bonne partie des ces derni\u00e8res ne disposent point d\u2019espaces d\u00e9di\u00e9s exclusivement \u00e0 la v\u00e9g\u00e9tation [&hellip;]<\/p>\n","protected":false},"author":1744,"featured_media":0,"comment_status":"closed","ping_status":"closed","sticky":false,"template":"","format":"standard","meta":{"fifu_image_url":"","fifu_image_alt":"","footnotes":""},"categories":[73,53],"tags":[],"class_list":["post-76766","post","type-post","status-publish","format-standard","hentry","category-actualite","category-algerie"],"_links":{"self":[{"href":"https:\/\/linitiative.ca\/International\/wp-json\/wp\/v2\/posts\/76766","targetHints":{"allow":["GET"]}}],"collection":[{"href":"https:\/\/linitiative.ca\/International\/wp-json\/wp\/v2\/posts"}],"about":[{"href":"https:\/\/linitiative.ca\/International\/wp-json\/wp\/v2\/types\/post"}],"author":[{"embeddable":true,"href":"https:\/\/linitiative.ca\/International\/wp-json\/wp\/v2\/users\/1744"}],"replies":[{"embeddable":true,"href":"https:\/\/linitiative.ca\/International\/wp-json\/wp\/v2\/comments?post=76766"}],"version-history":[{"count":0,"href":"https:\/\/linitiative.ca\/International\/wp-json\/wp\/v2\/posts\/76766\/revisions"}],"wp:attachment":[{"href":"https:\/\/linitiative.ca\/International\/wp-json\/wp\/v2\/media?parent=76766"}],"wp:term":[{"taxonomy":"category","embeddable":true,"href":"https:\/\/linitiative.ca\/International\/wp-json\/wp\/v2\/categories?post=76766"},{"taxonomy":"post_tag","embeddable":true,"href":"https:\/\/linitiative.ca\/International\/wp-json\/wp\/v2\/tags?post=76766"}],"curies":[{"name":"wp","href":"https:\/\/api.w.org\/{rel}","templated":true}]}}