{"id":76771,"date":"2020-02-21T09:12:09","date_gmt":"2020-02-21T14:12:09","guid":{"rendered":"https:\/\/linitiative.ca\/International\/101986-tennis-tournoi-international-itf-juniors-matis-amier-en-finale\/"},"modified":"2020-02-21T09:12:09","modified_gmt":"2020-02-21T14:12:09","slug":"101986-tennis-tournoi-international-itf-juniors-matis-amier-en-finale","status":"publish","type":"post","link":"https:\/\/linitiative.ca\/International\/101986-tennis-tournoi-international-itf-juniors-matis-amier-en-finale\/","title":{"rendered":"Tennis\/Tournoi international ITF juniors: Matis Amier en finale"},"content":{"rendered":"<p><span class=\"sp-nh-title\">Le conteur Mahi Seddik au 3e Festival du conte de Larache (Maroc)<\/span> &#8211; <span class=\"sp-nh-date\">vendredi 21 f\u00e9vrier 2020 19:27<\/span><\/p>\n<p><span class=\"sp-nh-title\">Tournoi international ITF juniors-Tableau double: le Chypriote Chapides et l&rsquo;Espagnol Salmeron sacr\u00e9s<\/span> &#8211; <span class=\"sp-nh-date\">vendredi 21 f\u00e9vrier 2020 18:12<\/span><\/p>\n<p><span class=\"sp-nh-title\">Foot\/Coupe arabe des nations U20: l&rsquo;Alg\u00e9rie bat la Palestine 1-0<\/span> &#8211; <span class=\"sp-nh-date\">vendredi 21 f\u00e9vrier 2020 16:38<\/span><\/p>\n<p><span class=\"sp-nh-title\">M\u2019sila: inhumation du po\u00e8te et chercheur Ayache Yahiaoui \u00e0 Ain Khadra<\/span> &#8211; <span class=\"sp-nh-date\">vendredi 21 f\u00e9vrier 2020 16:14<\/span><\/p>\n<p><span class=\"sp-nh-title\">Affaires de corruption: la Cour d&rsquo;Alger retient des charges et met en \u00e9vidence d&rsquo;autres<\/span> &#8211; <span class=\"sp-nh-date\">vendredi 21 f\u00e9vrier 2020 16:06<\/span><\/p>\n<p><span class=\"sp-nh-title\">Togo-pr\u00e9sidentielle: les \u00e9lecteurs appel\u00e9s \u00e0 voter samedi<\/span> &#8211; <span class=\"sp-nh-date\">vendredi 21 f\u00e9vrier 2020 16:05<\/span><\/p>\n<p><span class=\"sp-nh-title\">Tennis\/Tournoi international ITF juniors: Matis Amier en finale<\/span> &#8211; <span class=\"sp-nh-date\">vendredi 21 f\u00e9vrier 2020 15:12<\/span><\/p>\n<p><span class=\"sp-nh-title\">Boxe\/Tournoi pr\u00e9-olympique: \u00e9limination de Sara Kali en 8es de finale<\/span> &#8211; <span class=\"sp-nh-date\">vendredi 21 f\u00e9vrier 2020 14:51<\/span><\/p>\n<p><span class=\"sp-nh-title\">Air Alg\u00e9rie: arr\u00eat de la gr\u00e8ve du PNC et reprise des vols<\/span> &#8211; <span class=\"sp-nh-date\">vendredi 21 f\u00e9vrier 2020 13:49<\/span><\/p>\n<p><span class=\"sp-nh-title\">Marketing touristique :\u00a0appel \u00e0 l&rsquo;am\u00e9lioration du niveau de la formation continue<\/span> &#8211; <span class=\"sp-nh-date\">vendredi 21 f\u00e9vrier 2020 11:08<\/span><\/p>\n<p><span class=\"sp-nh-title\">Le pianiste Simon Ghraichy anime un r\u00e9cital \u00e0 Alger \u00a0<\/span> &#8211; <span class=\"sp-nh-date\">vendredi 21 f\u00e9vrier 2020 10:38<\/span><\/p>\n<p><span class=\"sp-nh-title\">CRAAG: Secousse de magnitude 4.3 degr\u00e9s enregistr\u00e9e \u00e0 Jijel\u00a0<\/span> &#8211; <span class=\"sp-nh-date\">vendredi 21 f\u00e9vrier 2020 10:27<\/span><\/p>\n<p><span class=\"sp-nh-title\">Le Deal du si\u00e8cle sape toutes les initiatives visant une solution juste et globale \u00e0 la cause palestinienne \u00a0<\/span> &#8211; <span class=\"sp-nh-date\">vendredi 21 f\u00e9vrier 2020 10:24<\/span><\/p>\n<p><span class=\"sp-nh-title\">Bendouda s&rsquo;entretient avec l&rsquo;ambassadeur de Russie sur l&rsquo;ouverture de centres culturels<\/span> &#8211; <span class=\"sp-nh-date\">vendredi 21 f\u00e9vrier 2020 10:10<\/span><\/p>\n<p><span class=\"sp-nh-title\">Psychotropes: imp\u00e9ratif de revoir la loi de 2004 \u00a0<\/span> &#8211; <span class=\"sp-nh-date\">vendredi 21 f\u00e9vrier 2020 09:52<\/span><\/p>\n<p><span class=\"sp-nh-title\">Journ\u00e9e nationale de la fraternit\u00e9:\u00a0instances et partis valorisent la d\u00e9cision du Pr\u00e9sident Tebboune<\/span> &#8211; <span class=\"sp-nh-date\">vendredi 21 f\u00e9vrier 2020 09:37<\/span><\/p>\n<p><span class=\"sp-nh-title\">Promotion du dialogue social: une nouvelle approche pour le r\u00e8glement des contentieux<\/span> &#8211; <span class=\"sp-nh-date\">vendredi 21 f\u00e9vrier 2020 09:25<\/span><\/p>\n<p><span class=\"sp-nh-title\">Le Pr\u00e9sident Tebboune assure que le Hirak est un ph\u00e9nom\u00e8ne salutaire et met en garde contre toute tentative d&rsquo;infiltration<\/span> &#8211; <span class=\"sp-nh-date\">jeudi 20 f\u00e9vrier 2020 22:00<\/span><\/p>\n<p><span class=\"sp-nh-title\">Pr\u00e9sident Tebboune: l&rsquo;Alg\u00e9rie peut jouer le r\u00f4le d&rsquo;un arbitre impartial dans la crise libyenne<\/span> &#8211; <span class=\"sp-nh-date\">jeudi 20 f\u00e9vrier 2020 20:38<\/span><\/p>\n<p><span class=\"sp-nh-title\">Le Pr\u00e9sident Tebboune assure que le Hirak est un ph\u00e9nom\u00e8ne salutaire et met en garde contre toute tentative d&rsquo;infiltration<\/span> &#8211; <span class=\"sp-nh-date\">jeudi 20 f\u00e9vrier 2020 20:32<\/span><\/p>\n<p>Auteur:<br \/>\n<a href=\"http:\/\/www.aps.dz\/sport\/101986-tennis-tournoi-international-itf-juniors-matis-amier-en-finale?utm_source=feedburner&#038;utm_medium=feed&#038;utm_campaign=Feed%3A+aps-sport+%28APS+-+SPORT%29\">Cliquez ici pour lire l&rsquo;article depuis sa source.<\/a><\/p>\n","protected":false},"excerpt":{"rendered":"<p>Le conteur Mahi Seddik au 3e Festival du conte de Larache (Maroc) &#8211; vendredi 21 f\u00e9vrier 2020 19:27 Tournoi international ITF juniors-Tableau double: le Chypriote Chapides et l&rsquo;Espagnol Salmeron sacr\u00e9s &#8211; vendredi 21 f\u00e9vrier 2020 18:12 Foot\/Coupe arabe des nations U20: l&rsquo;Alg\u00e9rie bat la Palestine 1-0 &#8211; vendredi 21 f\u00e9vrier 2020 16:38 M\u2019sila: inhumation du [&hellip;]<\/p>\n","protected":false},"author":1790,"featured_media":0,"comment_status":"closed","ping_status":"closed","sticky":false,"template":"","format":"standard","meta":{"fifu_image_url":"","fifu_image_alt":"","footnotes":""},"categories":[53,75],"tags":[],"class_list":["post-76771","post","type-post","status-publish","format-standard","hentry","category-algerie","category-sport"],"_links":{"self":[{"href":"https:\/\/linitiative.ca\/International\/wp-json\/wp\/v2\/posts\/76771","targetHints":{"allow":["GET"]}}],"collection":[{"href":"https:\/\/linitiative.ca\/International\/wp-json\/wp\/v2\/posts"}],"about":[{"href":"https:\/\/linitiative.ca\/International\/wp-json\/wp\/v2\/types\/post"}],"author":[{"embeddable":true,"href":"https:\/\/linitiative.ca\/International\/wp-json\/wp\/v2\/users\/1790"}],"replies":[{"embeddable":true,"href":"https:\/\/linitiative.ca\/International\/wp-json\/wp\/v2\/comments?post=76771"}],"version-history":[{"count":0,"href":"https:\/\/linitiative.ca\/International\/wp-json\/wp\/v2\/posts\/76771\/revisions"}],"wp:attachment":[{"href":"https:\/\/linitiative.ca\/International\/wp-json\/wp\/v2\/media?parent=76771"}],"wp:term":[{"taxonomy":"category","embeddable":true,"href":"https:\/\/linitiative.ca\/International\/wp-json\/wp\/v2\/categories?post=76771"},{"taxonomy":"post_tag","embeddable":true,"href":"https:\/\/linitiative.ca\/International\/wp-json\/wp\/v2\/tags?post=76771"}],"curies":[{"name":"wp","href":"https:\/\/api.w.org\/{rel}","templated":true}]}}