{"id":76779,"date":"2020-02-21T11:14:00","date_gmt":"2020-02-21T16:14:00","guid":{"rendered":"https:\/\/linitiative.ca\/International\/mohamed-hattab-place-sous-controle-judiciaire\/"},"modified":"2020-02-21T11:14:00","modified_gmt":"2020-02-21T16:14:00","slug":"mohamed-hattab-place-sous-controle-judiciaire","status":"publish","type":"post","link":"https:\/\/linitiative.ca\/International\/mohamed-hattab-place-sous-controle-judiciaire\/","title":{"rendered":"Mohamed Hattab plac\u00e9 sous contr\u00f4le judiciaire"},"content":{"rendered":"<p><br id=\"sep_para_1\" class=\"sep_para access\"\/><\/p>\n<div id=\"para_1\" class=\"para_35639532 resize\">\n<div class=\"texte access firstletter\">Le Conseiller instructeur pr\u00e8s la Cour supr\u00eame d\u2019Alger a ordonn\u00e9 le placement sous contr\u00f4le judiciaire de l\u2019ancien ministre de la jeunesse et des sport, Mohamed Hattab. Le Conseiller instructeur pr\u00e8s la Cour supr\u00eame d\u2019Alger a auditionn\u00e9, jeudi, l\u2019ex-wali de Sidi Bel Abbes, Mohamed Hattab poursuivi pour plusieurs d\u00e9lits, indique un communiqu\u00e9 du procureur g\u00e9n\u00e9ral pr\u00e8s la m\u00eame Cour. \u00ab Dans le cadre de l\u2019instruction ouverte au niveau de la Cour supr\u00eame, le Conseiller instructeur a auditionn\u00e9, jeudi 20 f\u00e9vrier 2020, M. Hattab Mohamed, ex-wali de Sidi Bel Abbes, accus\u00e9 de plusieurs d\u00e9lits, dont l\u2019octroi d\u2019indus avantages en violation des dispositions l\u00e9gislatives et r\u00e9glementaires, dilapidation volontaire de deniers publics, abus de fonction et conflit d\u2019int\u00e9r\u00eats \u00bb, ajoute le communiqu\u00e9. Le Conseiller instructeur a ordonn\u00e9 \u00ab le placement de l\u2019accus\u00e9 sous contr\u00f4le judiciaire avec retrait de ses passeports et obligation d\u2019\u00e9margement une fois par mois devant lui \u00bb, conclut le document.<\/div>\n<\/div>\n<p>Auteur: R\u00e9flexion<br \/>\n<a href=\"https:\/\/www.reflexiondz.net\/Mohamed-Hattab-place-sous-controle-judiciaire_a60784.html\">Cliquez ici pour lire l&rsquo;article depuis sa source.<\/a><\/p>\n","protected":false},"excerpt":{"rendered":"<p>Le Conseiller instructeur pr\u00e8s la Cour supr\u00eame d\u2019Alger a ordonn\u00e9 le placement sous contr\u00f4le judiciaire de l\u2019ancien ministre de la jeunesse et des sport, Mohamed Hattab. Le Conseiller instructeur pr\u00e8s la Cour supr\u00eame d\u2019Alger a auditionn\u00e9, jeudi, l\u2019ex-wali de Sidi Bel Abbes, Mohamed Hattab poursuivi pour plusieurs d\u00e9lits, indique un communiqu\u00e9 du procureur g\u00e9n\u00e9ral pr\u00e8s [&hellip;]<\/p>\n","protected":false},"author":1740,"featured_media":0,"comment_status":"closed","ping_status":"closed","sticky":false,"template":"","format":"standard","meta":{"fifu_image_url":"","fifu_image_alt":"","footnotes":""},"categories":[53,76],"tags":[],"class_list":["post-76779","post","type-post","status-publish","format-standard","hentry","category-algerie","category-regions"],"_links":{"self":[{"href":"https:\/\/linitiative.ca\/International\/wp-json\/wp\/v2\/posts\/76779","targetHints":{"allow":["GET"]}}],"collection":[{"href":"https:\/\/linitiative.ca\/International\/wp-json\/wp\/v2\/posts"}],"about":[{"href":"https:\/\/linitiative.ca\/International\/wp-json\/wp\/v2\/types\/post"}],"author":[{"embeddable":true,"href":"https:\/\/linitiative.ca\/International\/wp-json\/wp\/v2\/users\/1740"}],"replies":[{"embeddable":true,"href":"https:\/\/linitiative.ca\/International\/wp-json\/wp\/v2\/comments?post=76779"}],"version-history":[{"count":0,"href":"https:\/\/linitiative.ca\/International\/wp-json\/wp\/v2\/posts\/76779\/revisions"}],"wp:attachment":[{"href":"https:\/\/linitiative.ca\/International\/wp-json\/wp\/v2\/media?parent=76779"}],"wp:term":[{"taxonomy":"category","embeddable":true,"href":"https:\/\/linitiative.ca\/International\/wp-json\/wp\/v2\/categories?post=76779"},{"taxonomy":"post_tag","embeddable":true,"href":"https:\/\/linitiative.ca\/International\/wp-json\/wp\/v2\/tags?post=76779"}],"curies":[{"name":"wp","href":"https:\/\/api.w.org\/{rel}","templated":true}]}}