{"id":76782,"date":"2020-02-21T13:36:00","date_gmt":"2020-02-21T18:36:00","guid":{"rendered":"https:\/\/linitiative.ca\/International\/lugtt-appelle-le-nouveau-gouvernement-a-honorer-les-accords-conclus-avec-le-cabinet-sortant\/"},"modified":"2020-02-21T13:36:00","modified_gmt":"2020-02-21T18:36:00","slug":"lugtt-appelle-le-nouveau-gouvernement-a-honorer-les-accords-conclus-avec-le-cabinet-sortant","status":"publish","type":"post","link":"https:\/\/linitiative.ca\/International\/lugtt-appelle-le-nouveau-gouvernement-a-honorer-les-accords-conclus-avec-le-cabinet-sortant\/","title":{"rendered":"L&rsquo;Ugtt appelle le nouveau gouvernement \u00e0 honorer les accords conclus avec le cabinet sortant"},"content":{"rendered":"<p>Sans attendre le vote de l&rsquo;Arp, le secr\u00e9taire g\u00e9n\u00e9ral-adjoint de l\u2019Ugtt, Samir Cheffi a appel\u00e9 vendredi le gouvernement \u00e0 \u0153uvrer \u00e0 la concr\u00e9tisation des engagements\u00a0 du cabinet sortant. Il consid\u00e8re que les priorit\u00e9s du nouveau gouvernement doivent \u00eatre l\u2019am\u00e9lioration du pouvoir d\u2019achat du Tunisien, la r\u00e9forme fiscale et la p\u00e9rennisation des entreprises publiques.<\/p>\n<p class=\"MsoNormal\">La s\u00e9ance pl\u00e9ni\u00e8re de l\u2019ARP consacr\u00e9e au vote de confiance est pr\u00e9vue pour ce mercredi 26 f\u00e9vrier. Elle comportera notamment le discours du chef de gouvernement pressenti o\u00f9 il d\u00e9taillera le programme de son cabinet, les d\u00e9bats qui seront suivis par les r\u00e9ponses de Ely\u00e8s Fakhfakh et enfin le vote. Pour obtenir la confiance, la majorit\u00e9 absolue requise\u00a0 soit 109 voix concernera le gouvernement dans sa globalit\u00e9. Avec le ralliement de derni\u00e8re minute d&rsquo;Ennahdha, un vote favorable est probable.<\/p>\n<p>Auteur:<br \/>\n<a href=\"https:\/\/www.leaders.com.tn\/article\/29207-l-ugtt-appelle-le-nouveau-gouvernement-a-honorer-les-accords-conclus-avec-le-cabinet-sortant\">Cliquez ici pour lire l&rsquo;article depuis sa source.<\/a><\/p>\n","protected":false},"excerpt":{"rendered":"<p>Sans attendre le vote de l&rsquo;Arp, le secr\u00e9taire g\u00e9n\u00e9ral-adjoint de l\u2019Ugtt, Samir Cheffi a appel\u00e9 vendredi le gouvernement \u00e0 \u0153uvrer \u00e0 la concr\u00e9tisation des engagements\u00a0 du cabinet sortant. Il consid\u00e8re que les priorit\u00e9s du nouveau gouvernement doivent \u00eatre l\u2019am\u00e9lioration du pouvoir d\u2019achat du Tunisien, la r\u00e9forme fiscale et la p\u00e9rennisation des entreprises publiques. La s\u00e9ance [&hellip;]<\/p>\n","protected":false},"author":1772,"featured_media":0,"comment_status":"closed","ping_status":"closed","sticky":false,"template":"","format":"standard","meta":{"fifu_image_url":"","fifu_image_alt":"","footnotes":""},"categories":[73,55],"tags":[],"class_list":["post-76782","post","type-post","status-publish","format-standard","hentry","category-actualite","category-tunisie"],"_links":{"self":[{"href":"https:\/\/linitiative.ca\/International\/wp-json\/wp\/v2\/posts\/76782","targetHints":{"allow":["GET"]}}],"collection":[{"href":"https:\/\/linitiative.ca\/International\/wp-json\/wp\/v2\/posts"}],"about":[{"href":"https:\/\/linitiative.ca\/International\/wp-json\/wp\/v2\/types\/post"}],"author":[{"embeddable":true,"href":"https:\/\/linitiative.ca\/International\/wp-json\/wp\/v2\/users\/1772"}],"replies":[{"embeddable":true,"href":"https:\/\/linitiative.ca\/International\/wp-json\/wp\/v2\/comments?post=76782"}],"version-history":[{"count":0,"href":"https:\/\/linitiative.ca\/International\/wp-json\/wp\/v2\/posts\/76782\/revisions"}],"wp:attachment":[{"href":"https:\/\/linitiative.ca\/International\/wp-json\/wp\/v2\/media?parent=76782"}],"wp:term":[{"taxonomy":"category","embeddable":true,"href":"https:\/\/linitiative.ca\/International\/wp-json\/wp\/v2\/categories?post=76782"},{"taxonomy":"post_tag","embeddable":true,"href":"https:\/\/linitiative.ca\/International\/wp-json\/wp\/v2\/tags?post=76782"}],"curies":[{"name":"wp","href":"https:\/\/api.w.org\/{rel}","templated":true}]}}