{"id":76789,"date":"2020-02-21T15:44:02","date_gmt":"2020-02-21T20:44:02","guid":{"rendered":"https:\/\/linitiative.ca\/International\/tunisie-les-passeports-diplomatiques-ne-peuvent-etre-delivres-quaux-diplomates\/"},"modified":"2020-02-21T15:44:02","modified_gmt":"2020-02-21T20:44:02","slug":"tunisie-les-passeports-diplomatiques-ne-peuvent-etre-delivres-quaux-diplomates","status":"publish","type":"post","link":"https:\/\/linitiative.ca\/International\/tunisie-les-passeports-diplomatiques-ne-peuvent-etre-delivres-quaux-diplomates\/","title":{"rendered":"Tunisie \u2013 Les passeports diplomatiques ne peuvent \u00eatre d\u00e9livr\u00e9s qu\u2019aux diplomates"},"content":{"rendered":"<div class=\"post-cont-in left relative\">\n<p>L\u2019ancien diplomate Abdallah La\u00e2bidi, a annonc\u00e9, ce vendredi, sur les ondes de la radio nationale, que les passeports diplomatiques ne peuvent \u00eatre d\u00e9livr\u00e9s qu\u2019aux diplomates accr\u00e9dit\u00e9s, et en exercice, conform\u00e9ment aux conventions de Gen\u00e8ve.<\/p>\n<div class=\"code-block code-block-1 c3\"><ins class=\"adsbygoogle c2\" data-ad-layout=\"in-article\" data-ad-format=\"fluid\" data-ad-client=\"ca-pub-2102118777505746\" data-ad-slot=\"7301775417\"\/> <\/div>\n<p>Il a ajout\u00e9 que ces documents procurent \u00e0 leur porteur une immunit\u00e9 diplomatique et non pas des facilit\u00e9s d\u2019obtention de visas, ou des privil\u00e8ges particuliers lors des passages des contr\u00f4les de s\u00e9curit\u00e9.<\/p>\n<p>Il a ajout\u00e9 que l\u2019octroi de passeports diplomatiques aux d\u00e9put\u00e9s n\u2019est valable dans aucun pays.<\/p>\n<div class=\"swp_social_panel swp_horizontal_panel swp_flat_fresh swp_default_full_color swp_individual_full_color swp_other_full_color scale-100 scale-\" data-min-width=\"1100\" data-float-color=\"#ffffff\" data-float=\"bottom\" data-float-mobile=\"bottom\" data-transition=\"slide\">\n<div class=\"nc_tweetContainer swp_share_button total_shares total_sharesalt\"><span class=\"swp_count\">22 <span class=\"swp_label\">Partages<\/span><\/span><\/div>\n<\/div>\n<p><strong>Que se passe-t-il en Tunisie?<\/strong><br \/>Nous expliquons sur notre <a href=\"https:\/\/www.youtube.com\/channel\/UCRzypVq0B_yBad5eGrwBx0Q?sub_confirmation=1\" target=\"_blank\" rel=\"noopener noreferrer\">cha\u00eene YouTube<\/a> . <a href=\"https:\/\/www.youtube.com\/channel\/UCRzypVq0B_yBad5eGrwBx0Q?sub_confirmation=1\" target=\"_blank\" rel=\"noopener noreferrer\">Abonnez-vous!<\/a><\/p>\n<div class=\"mvp-org-wrap mvp-org-logo\" itemprop=\"publisher\" itemscope=\"\" itemtype=\"https:\/\/schema.org\/Organization\"><img decoding=\"async\" src=\"https:\/\/www.tunisienumerique.com\/wp-content\/uploads\/2017\/02\/logo_tunisie_numerique.png\"\/><\/div>\n<div class=\"mvp-related-posts left relative\">\n<h4 class=\"post-header\"><span class=\"post-header\">Lire aussi<\/span><\/h4>\n<\/div>\n<\/div>\n<p>Auteur: LM<br \/>\n<a href=\"https:\/\/www.tunisienumerique.com\/tunisie-les-passeports-diplomatiques-ne-peuvent-etre-delivres-quaux-diplomates\/\">Cliquez ici pour lire l&rsquo;article depuis sa source.<\/a><\/p>\n","protected":false},"excerpt":{"rendered":"<p>L\u2019ancien diplomate Abdallah La\u00e2bidi, a annonc\u00e9, ce vendredi, sur les ondes de la radio nationale, que les passeports diplomatiques ne peuvent \u00eatre d\u00e9livr\u00e9s qu\u2019aux diplomates accr\u00e9dit\u00e9s, et en exercice, conform\u00e9ment aux conventions de Gen\u00e8ve. Il a ajout\u00e9 que ces documents procurent \u00e0 leur porteur une immunit\u00e9 diplomatique et non pas des facilit\u00e9s d\u2019obtention de visas, [&hellip;]<\/p>\n","protected":false},"author":1789,"featured_media":76790,"comment_status":"closed","ping_status":"closed","sticky":false,"template":"","format":"standard","meta":{"fifu_image_url":"","fifu_image_alt":"","footnotes":""},"categories":[73,55],"tags":[],"class_list":["post-76789","post","type-post","status-publish","format-standard","has-post-thumbnail","hentry","category-actualite","category-tunisie"],"_links":{"self":[{"href":"https:\/\/linitiative.ca\/International\/wp-json\/wp\/v2\/posts\/76789","targetHints":{"allow":["GET"]}}],"collection":[{"href":"https:\/\/linitiative.ca\/International\/wp-json\/wp\/v2\/posts"}],"about":[{"href":"https:\/\/linitiative.ca\/International\/wp-json\/wp\/v2\/types\/post"}],"author":[{"embeddable":true,"href":"https:\/\/linitiative.ca\/International\/wp-json\/wp\/v2\/users\/1789"}],"replies":[{"embeddable":true,"href":"https:\/\/linitiative.ca\/International\/wp-json\/wp\/v2\/comments?post=76789"}],"version-history":[{"count":0,"href":"https:\/\/linitiative.ca\/International\/wp-json\/wp\/v2\/posts\/76789\/revisions"}],"wp:featuredmedia":[{"embeddable":true,"href":"https:\/\/linitiative.ca\/International\/wp-json\/"}],"wp:attachment":[{"href":"https:\/\/linitiative.ca\/International\/wp-json\/wp\/v2\/media?parent=76789"}],"wp:term":[{"taxonomy":"category","embeddable":true,"href":"https:\/\/linitiative.ca\/International\/wp-json\/wp\/v2\/categories?post=76789"},{"taxonomy":"post_tag","embeddable":true,"href":"https:\/\/linitiative.ca\/International\/wp-json\/wp\/v2\/tags?post=76789"}],"curies":[{"name":"wp","href":"https:\/\/api.w.org\/{rel}","templated":true}]}}