{"id":76791,"date":"2020-02-21T15:51:49","date_gmt":"2020-02-21T20:51:49","guid":{"rendered":"https:\/\/linitiative.ca\/International\/tunisie-beja-arrestation-dun-militaire-qui-vendait-des-comprimes-de-drogue\/"},"modified":"2020-02-21T15:51:49","modified_gmt":"2020-02-21T20:51:49","slug":"tunisie-beja-arrestation-dun-militaire-qui-vendait-des-comprimes-de-drogue","status":"publish","type":"post","link":"https:\/\/linitiative.ca\/International\/tunisie-beja-arrestation-dun-militaire-qui-vendait-des-comprimes-de-drogue\/","title":{"rendered":"Tunisie \u2013 B\u00e9ja : Arrestation d\u2019un militaire qui vendait des comprim\u00e9s de drogue"},"content":{"rendered":"<div class=\"post-cont-in left relative\">\n<p>Les agents de police du district de Medjez El Bab, relevant du gouvernorat de B\u00e9ja, ont \u00e9t\u00e9 alert\u00e9s par le comportement suspect d\u2019un jeune homme. A son interpellation, ils ont d\u00e9couvert en sa possession une vingtaine de comprim\u00e9s d\u2019extasie qu\u2019il \u00e9tait en train d\u2019essayer d\u2019\u00e9couler. En contr\u00f4lant son identit\u00e9, il s\u2019av\u00e9ra qu\u2019il s\u2019agissait d\u2019un militaire. Il a \u00e9t\u00e9 mis en d\u00e9tention sur ordre du parquet de Beja.<\/p>\n<div class=\"code-block code-block-1 c3\"><ins class=\"adsbygoogle c2\" data-ad-layout=\"in-article\" data-ad-format=\"fluid\" data-ad-client=\"ca-pub-2102118777505746\" data-ad-slot=\"7301775417\"\/> <\/div>\n<div class=\"swp_social_panel swp_horizontal_panel swp_flat_fresh swp_default_full_color swp_individual_full_color swp_other_full_color scale-100 scale-\" data-min-width=\"1100\" data-float-color=\"#ffffff\" data-float=\"bottom\" data-float-mobile=\"bottom\" data-transition=\"slide\">\n<div class=\"nc_tweetContainer swp_share_button total_shares total_sharesalt\"><span class=\"swp_count\">6 <span class=\"swp_label\">Partages<\/span><\/span><\/div>\n<\/div>\n<p><strong>Que se passe-t-il en Tunisie?<\/strong><br \/>Nous expliquons sur notre <a href=\"https:\/\/www.youtube.com\/channel\/UCRzypVq0B_yBad5eGrwBx0Q?sub_confirmation=1\" target=\"_blank\" rel=\"noopener noreferrer\">cha\u00eene YouTube<\/a> . <a href=\"https:\/\/www.youtube.com\/channel\/UCRzypVq0B_yBad5eGrwBx0Q?sub_confirmation=1\" target=\"_blank\" rel=\"noopener noreferrer\">Abonnez-vous!<\/a><\/p>\n<div class=\"mvp-org-wrap mvp-org-logo\" itemprop=\"publisher\" itemscope=\"\" itemtype=\"https:\/\/schema.org\/Organization\"><img decoding=\"async\" src=\"https:\/\/www.tunisienumerique.com\/wp-content\/uploads\/2017\/02\/logo_tunisie_numerique.png\"\/><\/div>\n<div class=\"mvp-related-posts left relative\">\n<h4 class=\"post-header\"><span class=\"post-header\">Lire aussi<\/span><\/h4>\n<\/div>\n<\/div>\n<p>Auteur: LM<br \/>\n<a href=\"https:\/\/www.tunisienumerique.com\/tunisie-beja-arrestation-dun-militaire-qui-vendait-des-comprimes-de-drogue\/\">Cliquez ici pour lire l&rsquo;article depuis sa source.<\/a><\/p>\n","protected":false},"excerpt":{"rendered":"<p>Les agents de police du district de Medjez El Bab, relevant du gouvernorat de B\u00e9ja, ont \u00e9t\u00e9 alert\u00e9s par le comportement suspect d\u2019un jeune homme. A son interpellation, ils ont d\u00e9couvert en sa possession une vingtaine de comprim\u00e9s d\u2019extasie qu\u2019il \u00e9tait en train d\u2019essayer d\u2019\u00e9couler. En contr\u00f4lant son identit\u00e9, il s\u2019av\u00e9ra qu\u2019il s\u2019agissait d\u2019un militaire. [&hellip;]<\/p>\n","protected":false},"author":1789,"featured_media":76792,"comment_status":"closed","ping_status":"closed","sticky":false,"template":"","format":"standard","meta":{"fifu_image_url":"","fifu_image_alt":"","footnotes":""},"categories":[73,55],"tags":[],"class_list":["post-76791","post","type-post","status-publish","format-standard","has-post-thumbnail","hentry","category-actualite","category-tunisie"],"_links":{"self":[{"href":"https:\/\/linitiative.ca\/International\/wp-json\/wp\/v2\/posts\/76791","targetHints":{"allow":["GET"]}}],"collection":[{"href":"https:\/\/linitiative.ca\/International\/wp-json\/wp\/v2\/posts"}],"about":[{"href":"https:\/\/linitiative.ca\/International\/wp-json\/wp\/v2\/types\/post"}],"author":[{"embeddable":true,"href":"https:\/\/linitiative.ca\/International\/wp-json\/wp\/v2\/users\/1789"}],"replies":[{"embeddable":true,"href":"https:\/\/linitiative.ca\/International\/wp-json\/wp\/v2\/comments?post=76791"}],"version-history":[{"count":0,"href":"https:\/\/linitiative.ca\/International\/wp-json\/wp\/v2\/posts\/76791\/revisions"}],"wp:featuredmedia":[{"embeddable":true,"href":"https:\/\/linitiative.ca\/International\/wp-json\/"}],"wp:attachment":[{"href":"https:\/\/linitiative.ca\/International\/wp-json\/wp\/v2\/media?parent=76791"}],"wp:term":[{"taxonomy":"category","embeddable":true,"href":"https:\/\/linitiative.ca\/International\/wp-json\/wp\/v2\/categories?post=76791"},{"taxonomy":"post_tag","embeddable":true,"href":"https:\/\/linitiative.ca\/International\/wp-json\/wp\/v2\/tags?post=76791"}],"curies":[{"name":"wp","href":"https:\/\/api.w.org\/{rel}","templated":true}]}}