{"id":76793,"date":"2020-02-21T16:01:59","date_gmt":"2020-02-21T21:01:59","guid":{"rendered":"https:\/\/linitiative.ca\/International\/tunisie-surprise-sur-lidentite-de-celui-qui-a-vandalise-une-mosquee-a-la-marsa\/"},"modified":"2020-02-21T16:01:59","modified_gmt":"2020-02-21T21:01:59","slug":"tunisie-surprise-sur-lidentite-de-celui-qui-a-vandalise-une-mosquee-a-la-marsa","status":"publish","type":"post","link":"https:\/\/linitiative.ca\/International\/tunisie-surprise-sur-lidentite-de-celui-qui-a-vandalise-une-mosquee-a-la-marsa\/","title":{"rendered":"Tunisie \u2013 Surprise sur l\u2019identit\u00e9 de celui qui a vandalis\u00e9 une mosqu\u00e9e \u00e0 La Marsa"},"content":{"rendered":"<div class=\"post-cont-in left relative\">\n<p>Un employ\u00e9 d\u2019une mosqu\u00e9e situ\u00e9e \u00e0 La Marsa, s\u2019est rendu, ce matin \u00e0 l\u2019aube au poste de police, pour d\u00e9clarer avoir \u00e9t\u00e9 victime d\u2019agression, \u00e0 03H30, au sein de la mosqu\u00e9e en question, par des inconnus qui avaient saccag\u00e9 la mosqu\u00e9e, en d\u00e9chirants des livres de Coran, et en brisant le lustre de la salle de pri\u00e8re. Il a, par ailleurs, d\u00e9clar\u00e9 que ces individus, avant de se sauver, l\u2019ont agress\u00e9 \u00e0 l\u2019arme blanche.<\/p>\n<div class=\"code-block code-block-1 c3\"><ins class=\"adsbygoogle c2\" data-ad-layout=\"in-article\" data-ad-format=\"fluid\" data-ad-client=\"ca-pub-2102118777505746\" data-ad-slot=\"7301775417\"\/> <\/div>\n<p>L\u2019enqu\u00eate qui se concentra sur cet individu a fini par d\u00e9voiler que c\u2019\u00e9tait lui le coupable. Il avoua avoir saccag\u00e9 le contenu de la salle de pri\u00e8re, depuis la veille, apr\u00e8s la pri\u00e8re d\u2019Al Acha. Et qu\u2019il est revenu, ce matin, avant l\u2019aube, et s\u2019est automutil\u00e9, pour faire croire qu\u2019il a \u00e9t\u00e9 agress\u00e9 par les coupables.<\/p>\n<p>Quant \u00e0 son mobile, il\u00a0 avou\u00e9 avoir agi de la sorte pour attirer l\u2019attention des autorit\u00e9s sur sa situation et sa \u00ab\u00a0bravoure\u00a0\u00bb pour qu\u2019il soit nomm\u00e9 de fa\u00e7on officielle \u00e0 cette mosqu\u00e9e comme Imam des cinq pri\u00e8res quotidiennes.<\/p>\n<div class=\"swp_social_panel swp_horizontal_panel swp_flat_fresh swp_default_full_color swp_individual_full_color swp_other_full_color scale-100 scale-\" data-min-width=\"1100\" data-float-color=\"#ffffff\" data-float=\"bottom\" data-float-mobile=\"bottom\" data-transition=\"slide\">\n<div class=\"nc_tweetContainer swp_share_button total_shares total_sharesalt\"><span class=\"swp_count\">44 <span class=\"swp_label\">Partages<\/span><\/span><\/div>\n<\/div>\n<p><strong>Que se passe-t-il en Tunisie?<\/strong><br \/>Nous expliquons sur notre <a href=\"https:\/\/www.youtube.com\/channel\/UCRzypVq0B_yBad5eGrwBx0Q?sub_confirmation=1\" target=\"_blank\" rel=\"noopener noreferrer\">cha\u00eene YouTube<\/a> . <a href=\"https:\/\/www.youtube.com\/channel\/UCRzypVq0B_yBad5eGrwBx0Q?sub_confirmation=1\" target=\"_blank\" rel=\"noopener noreferrer\">Abonnez-vous!<\/a><\/p>\n<div class=\"mvp-org-wrap mvp-org-logo\" itemprop=\"publisher\" itemscope=\"\" itemtype=\"https:\/\/schema.org\/Organization\"><img decoding=\"async\" src=\"https:\/\/www.tunisienumerique.com\/wp-content\/uploads\/2017\/02\/logo_tunisie_numerique.png\"\/><\/div>\n<div class=\"mvp-related-posts left relative\">\n<h4 class=\"post-header\"><span class=\"post-header\">Lire aussi<\/span><\/h4>\n<\/div>\n<\/div>\n<p>Auteur: LM<br \/>\n<a href=\"https:\/\/www.tunisienumerique.com\/tunisie-surprise-sur-lidentite-de-celui-qui-a-vandalise-une-mosquee-a-la-marsa\/\">Cliquez ici pour lire l&rsquo;article depuis sa source.<\/a><\/p>\n","protected":false},"excerpt":{"rendered":"<p>Un employ\u00e9 d\u2019une mosqu\u00e9e situ\u00e9e \u00e0 La Marsa, s\u2019est rendu, ce matin \u00e0 l\u2019aube au poste de police, pour d\u00e9clarer avoir \u00e9t\u00e9 victime d\u2019agression, \u00e0 03H30, au sein de la mosqu\u00e9e en question, par des inconnus qui avaient saccag\u00e9 la mosqu\u00e9e, en d\u00e9chirants des livres de Coran, et en brisant le lustre de la salle [&hellip;]<\/p>\n","protected":false},"author":1789,"featured_media":76794,"comment_status":"closed","ping_status":"closed","sticky":false,"template":"","format":"standard","meta":{"fifu_image_url":"","fifu_image_alt":"","footnotes":""},"categories":[73,55],"tags":[],"class_list":["post-76793","post","type-post","status-publish","format-standard","has-post-thumbnail","hentry","category-actualite","category-tunisie"],"_links":{"self":[{"href":"https:\/\/linitiative.ca\/International\/wp-json\/wp\/v2\/posts\/76793","targetHints":{"allow":["GET"]}}],"collection":[{"href":"https:\/\/linitiative.ca\/International\/wp-json\/wp\/v2\/posts"}],"about":[{"href":"https:\/\/linitiative.ca\/International\/wp-json\/wp\/v2\/types\/post"}],"author":[{"embeddable":true,"href":"https:\/\/linitiative.ca\/International\/wp-json\/wp\/v2\/users\/1789"}],"replies":[{"embeddable":true,"href":"https:\/\/linitiative.ca\/International\/wp-json\/wp\/v2\/comments?post=76793"}],"version-history":[{"count":0,"href":"https:\/\/linitiative.ca\/International\/wp-json\/wp\/v2\/posts\/76793\/revisions"}],"wp:featuredmedia":[{"embeddable":true,"href":"https:\/\/linitiative.ca\/International\/wp-json\/"}],"wp:attachment":[{"href":"https:\/\/linitiative.ca\/International\/wp-json\/wp\/v2\/media?parent=76793"}],"wp:term":[{"taxonomy":"category","embeddable":true,"href":"https:\/\/linitiative.ca\/International\/wp-json\/wp\/v2\/categories?post=76793"},{"taxonomy":"post_tag","embeddable":true,"href":"https:\/\/linitiative.ca\/International\/wp-json\/wp\/v2\/tags?post=76793"}],"curies":[{"name":"wp","href":"https:\/\/api.w.org\/{rel}","templated":true}]}}