{"id":76795,"date":"2020-02-21T16:30:33","date_gmt":"2020-02-21T21:30:33","guid":{"rendered":"https:\/\/linitiative.ca\/International\/tunisie-les-images-parlantes-de-la-reunion-de-rached-ghannouchi-avec-les-ministres-dennahdha\/"},"modified":"2020-02-21T16:30:33","modified_gmt":"2020-02-21T21:30:33","slug":"tunisie-les-images-parlantes-de-la-reunion-de-rached-ghannouchi-avec-les-ministres-dennahdha","status":"publish","type":"post","link":"https:\/\/linitiative.ca\/International\/tunisie-les-images-parlantes-de-la-reunion-de-rached-ghannouchi-avec-les-ministres-dennahdha\/","title":{"rendered":"Tunisie \u2013 Les images parlantes de la r\u00e9union de Rached Ghannouchi avec les ministres d\u2019Ennahdha"},"content":{"rendered":"<div class=\"post-cont-in left relative\">\n<p>Le pr\u00e9sident du parti islamiste d\u2019<a href=\"https:\/\/www.tunisienumerique.com\/tunisie-actualite\/ennahdha\/\" title=\"Ennahdha\" target=\"_top\" class=\"auto-link\" rel=\"noopener noreferrer\">Ennahdha<\/a>, <a href=\"https:\/\/www.tunisienumerique.com\/tunisie-actualite\/rached-ghannouchi\/\" title=\"Rached Ghannouchi\" target=\"_top\" class=\"auto-link\" rel=\"noopener noreferrer\">Rached Ghannouchi<\/a>, s\u2019est entretenu, ce vendredi au si\u00e8ge de son parti, avec les ministres du gouvernement Fakhfakh, issus d\u2019Ennahdha.<\/p>\n<div class=\"code-block code-block-1 c3\"><ins class=\"adsbygoogle c2\" data-ad-layout=\"in-article\" data-ad-format=\"fluid\" data-ad-client=\"ca-pub-2102118777505746\" data-ad-slot=\"7301775417\"\/> <\/div>\n<p>Ce qui attire l\u2019attention, \u00e0 propos de cette r\u00e9union, c\u2019est que le Cheikh, et contrairement \u00e0 ses habitudes, a tenu \u00e0 diffuser des images d\u00e9taill\u00e9es de cet entretien. Mais, au final ces images ont suscit\u00e9 plus de questions, qu\u2019elles n\u2019ont donn\u00e9 d\u2019explications.<\/p>\n<p>Premi\u00e8rement, pourquoi le Cheikh a-t-il tenu \u00e0 rendre cette r\u00e9union publique, au contraire de ses habitudes\u00a0? Et pourquoi le cadreur charg\u00e9 de prendre ces vues s\u2019est-il donn\u00e9 autant de mal pour ne prendre que six ministres, alors que, manifestement, ils \u00e9taient plus nombreux autour de la table\u00a0? Certains ont \u00e9t\u00e9 enclins \u00e0 dire que le cheikh a voulu, en mettant en sc\u00e8ne, cette r\u00e9union, affirmer que, contrairement \u00e0 ce qui se disait, son parti n\u2019a obtenu que six minist\u00e8res.<\/p>\n<p>Ensuite, il sort de fa\u00e7on indiscutable de ces images qu\u2019il y a de l\u2019eau dans le gaz entre Abdellatif Makki et le Cheikh. Puisqu\u2019alors que ce dernier dissertait, Makki se donnait un mal fou \u00e0 maintenir ses yeux riv\u00e9s sur son smartphone, comme pour signifier qu\u2019il n\u2019avait rien \u00e0 faire des discours du Cheikh.<\/p>\n<p>Et, enfin, ceux qui ont vu ces images se sont interrog\u00e9s sur le tableau suspendu au mur derri\u00e8re le Cheikh, et qui le d\u00e9peint en philosophe, avec une de ses citations. Ce tableau a suscit\u00e9 le plus de questions chez les observateurs qui se sont dit que le Cheikh a attrap\u00e9 la grosse t\u00eate et qu\u2019il a commenc\u00e9 \u00e0 d\u00e9velopper le culte de la personnalit\u00e9, premi\u00e8re \u00e9tape obligatoire dans le cheminement de tout dictateur qui se respecte.<\/p>\n<p><img loading=\"lazy\" decoding=\"async\" class=\"aligncenter size-full wp-image-499584\" src=\"https:\/\/www.tunisienumerique.com\/wp-content\/uploads\/2020\/02\/reunion-1-1.jpg\" alt=\"\" width=\"640\" height=\"427\" srcset=\"https:\/\/www.tunisienumerique.com\/wp-content\/uploads\/2020\/02\/reunion-1-1.jpg 640w, https:\/\/www.tunisienumerique.com\/wp-content\/uploads\/2020\/02\/reunion-1-1-600x400.jpg 600w\" sizes=\"auto, (max-width: 640px) 100vw, 640px\"\/><\/p>\n<p><img loading=\"lazy\" decoding=\"async\" class=\"aligncenter size-full wp-image-499585\" src=\"https:\/\/www.tunisienumerique.com\/wp-content\/uploads\/2020\/02\/reunion-2.jpg\" alt=\"\" width=\"640\" height=\"426\" srcset=\"https:\/\/www.tunisienumerique.com\/wp-content\/uploads\/2020\/02\/reunion-2.jpg 640w, https:\/\/www.tunisienumerique.com\/wp-content\/uploads\/2020\/02\/reunion-2-600x399.jpg 600w\" sizes=\"auto, (max-width: 640px) 100vw, 640px\"\/><\/p>\n<p><img loading=\"lazy\" decoding=\"async\" class=\"aligncenter size-full wp-image-499586\" src=\"https:\/\/www.tunisienumerique.com\/wp-content\/uploads\/2020\/02\/reunion-3.jpg\" alt=\"\" width=\"640\" height=\"427\" srcset=\"https:\/\/www.tunisienumerique.com\/wp-content\/uploads\/2020\/02\/reunion-3.jpg 640w, https:\/\/www.tunisienumerique.com\/wp-content\/uploads\/2020\/02\/reunion-3-600x400.jpg 600w\" sizes=\"auto, (max-width: 640px) 100vw, 640px\"\/><\/p>\n<p><img loading=\"lazy\" decoding=\"async\" class=\"aligncenter wp-image-499587\" src=\"https:\/\/www.tunisienumerique.com\/wp-content\/uploads\/2020\/02\/tableau.jpg\" alt=\"\" width=\"640\" height=\"306\" srcset=\"https:\/\/www.tunisienumerique.com\/wp-content\/uploads\/2020\/02\/tableau.jpg 671w, https:\/\/www.tunisienumerique.com\/wp-content\/uploads\/2020\/02\/tableau-600x287.jpg 600w\" sizes=\"auto, (max-width: 640px) 100vw, 640px\"\/><\/p>\n<div class=\"swp_social_panel swp_horizontal_panel swp_flat_fresh swp_default_full_color swp_individual_full_color swp_other_full_color scale-100 scale-\" data-min-width=\"1100\" data-float-color=\"#ffffff\" data-float=\"bottom\" data-float-mobile=\"bottom\" data-transition=\"slide\">\n<div class=\"nc_tweetContainer swp_share_button total_shares total_sharesalt\"><span class=\"swp_count\">1 <span class=\"swp_label\">Partages<\/span><\/span><\/div>\n<\/div>\n<p><strong>Que se passe-t-il en Tunisie?<\/strong><br \/>Nous expliquons sur notre <a href=\"https:\/\/www.youtube.com\/channel\/UCRzypVq0B_yBad5eGrwBx0Q?sub_confirmation=1\" target=\"_blank\" rel=\"noopener noreferrer\">cha\u00eene YouTube<\/a> . <a href=\"https:\/\/www.youtube.com\/channel\/UCRzypVq0B_yBad5eGrwBx0Q?sub_confirmation=1\" target=\"_blank\" rel=\"noopener noreferrer\">Abonnez-vous!<\/a><\/p>\n<div class=\"mvp-org-wrap mvp-org-logo\" itemprop=\"publisher\" itemscope=\"\" itemtype=\"https:\/\/schema.org\/Organization\"><img decoding=\"async\" src=\"https:\/\/www.tunisienumerique.com\/wp-content\/uploads\/2017\/02\/logo_tunisie_numerique.png\"\/><\/div>\n<div class=\"mvp-related-posts left relative\">\n<h4 class=\"post-header\"><span class=\"post-header\">Lire aussi<\/span><\/h4>\n<\/div>\n<\/div>\n<p>Auteur: Ramsis<br \/>\n<a href=\"https:\/\/www.tunisienumerique.com\/tunisie-les-images-parlantes-de-la-reunion-de-rached-ghannouchi-avec-les-ministres-dennahdha\/\">Cliquez ici pour lire l&rsquo;article depuis sa source.<\/a><\/p>\n","protected":false},"excerpt":{"rendered":"<p>Le pr\u00e9sident du parti islamiste d\u2019Ennahdha, Rached Ghannouchi, s\u2019est entretenu, ce vendredi au si\u00e8ge de son parti, avec les ministres du gouvernement Fakhfakh, issus d\u2019Ennahdha. Ce qui attire l\u2019attention, \u00e0 propos de cette r\u00e9union, c\u2019est que le Cheikh, et contrairement \u00e0 ses habitudes, a tenu \u00e0 diffuser des images d\u00e9taill\u00e9es de cet entretien. Mais, au [&hellip;]<\/p>\n","protected":false},"author":1789,"featured_media":76796,"comment_status":"closed","ping_status":"closed","sticky":false,"template":"","format":"standard","meta":{"fifu_image_url":"","fifu_image_alt":"","footnotes":""},"categories":[73,55],"tags":[],"class_list":["post-76795","post","type-post","status-publish","format-standard","has-post-thumbnail","hentry","category-actualite","category-tunisie"],"_links":{"self":[{"href":"https:\/\/linitiative.ca\/International\/wp-json\/wp\/v2\/posts\/76795","targetHints":{"allow":["GET"]}}],"collection":[{"href":"https:\/\/linitiative.ca\/International\/wp-json\/wp\/v2\/posts"}],"about":[{"href":"https:\/\/linitiative.ca\/International\/wp-json\/wp\/v2\/types\/post"}],"author":[{"embeddable":true,"href":"https:\/\/linitiative.ca\/International\/wp-json\/wp\/v2\/users\/1789"}],"replies":[{"embeddable":true,"href":"https:\/\/linitiative.ca\/International\/wp-json\/wp\/v2\/comments?post=76795"}],"version-history":[{"count":0,"href":"https:\/\/linitiative.ca\/International\/wp-json\/wp\/v2\/posts\/76795\/revisions"}],"wp:featuredmedia":[{"embeddable":true,"href":"https:\/\/linitiative.ca\/International\/wp-json\/"}],"wp:attachment":[{"href":"https:\/\/linitiative.ca\/International\/wp-json\/wp\/v2\/media?parent=76795"}],"wp:term":[{"taxonomy":"category","embeddable":true,"href":"https:\/\/linitiative.ca\/International\/wp-json\/wp\/v2\/categories?post=76795"},{"taxonomy":"post_tag","embeddable":true,"href":"https:\/\/linitiative.ca\/International\/wp-json\/wp\/v2\/tags?post=76795"}],"curies":[{"name":"wp","href":"https:\/\/api.w.org\/{rel}","templated":true}]}}