{"id":76797,"date":"2020-02-21T16:44:32","date_gmt":"2020-02-21T21:44:32","guid":{"rendered":"https:\/\/linitiative.ca\/International\/tunisie-forte-reduction-du-deficit-budgetaire-a-partir-de-2017\/"},"modified":"2020-02-21T16:44:32","modified_gmt":"2020-02-21T21:44:32","slug":"tunisie-forte-reduction-du-deficit-budgetaire-a-partir-de-2017","status":"publish","type":"post","link":"https:\/\/linitiative.ca\/International\/tunisie-forte-reduction-du-deficit-budgetaire-a-partir-de-2017\/","title":{"rendered":"Tunisie \u2013 Forte r\u00e9duction du d\u00e9ficit budg\u00e9taire \u00e0 partir de 2017"},"content":{"rendered":"<div class=\"post-cont-in left relative\">\n<p>Les chiffres publi\u00e9s en rapport avec le d\u00e9ficit budg\u00e9taire de la Tunisie sont \u00e9loquents, et ne pr\u00eatent pas \u00e0 confusion. Ces chiffres montrent une r\u00e9duction progressive et certaine du d\u00e9ficit budg\u00e9taire, qui \u00e9tait \u00e0 la hausse jusqu\u2019\u00e0 2017, avant de d\u00e9crocher et d\u2019entamer une courbe descendante, \u00e0 partir de 2018, pour passer de 6.1% \u00e0 4.8%, puis \u00e0 3.5% en 2019, avec une pr\u00e9vision de 3.0% pour la loi de finances 2020.<\/p>\n<div class=\"code-block code-block-1 c3\"><ins class=\"adsbygoogle c2\" data-ad-layout=\"in-article\" data-ad-format=\"fluid\" data-ad-client=\"ca-pub-2102118777505746\" data-ad-slot=\"7301775417\"\/> <\/div>\n<p>Des chiffres qui, pour une fois, sont rassurants, quoi que veulent en dire les d\u00e9tracteurs du gouvernement sortant. Ces d\u00e9tracteurs qui vont devoir montrer leur science et leur savoir faire, du moment qu\u2019ils sont, d\u00e9sormais, au pouvoir, et qu\u2019ils auront \u00e0 relever le d\u00e9fi, \u00e0 d\u00e9faut de faire mieux, de maintenir cette tendance \u00e0 l\u2019embellie.<\/p>\n<p><img loading=\"lazy\" decoding=\"async\" class=\"aligncenter size-full wp-image-499591\" src=\"https:\/\/www.tunisienumerique.com\/wp-content\/uploads\/2020\/02\/def-budget.jpg\" alt=\"\" width=\"600\" height=\"600\" srcset=\"https:\/\/www.tunisienumerique.com\/wp-content\/uploads\/2020\/02\/def-budget.jpg 600w, https:\/\/www.tunisienumerique.com\/wp-content\/uploads\/2020\/02\/def-budget-80x80.jpg 80w\" sizes=\"auto, (max-width: 600px) 100vw, 600px\"\/><\/p>\n<div class=\"swp_social_panel swp_horizontal_panel swp_flat_fresh swp_default_full_color swp_individual_full_color swp_other_full_color scale-100 scale-\" data-min-width=\"1100\" data-float-color=\"#ffffff\" data-float=\"bottom\" data-float-mobile=\"bottom\" data-transition=\"slide\">\n<div class=\"nc_tweetContainer swp_share_button total_shares total_sharesalt\"><span class=\"swp_count\">1 <span class=\"swp_label\">Partages<\/span><\/span><\/div>\n<\/div>\n<p><strong>Que se passe-t-il en Tunisie?<\/strong><br \/>Nous expliquons sur notre <a href=\"https:\/\/www.youtube.com\/channel\/UCRzypVq0B_yBad5eGrwBx0Q?sub_confirmation=1\" target=\"_blank\" rel=\"noopener noreferrer\">cha\u00eene YouTube<\/a> . <a href=\"https:\/\/www.youtube.com\/channel\/UCRzypVq0B_yBad5eGrwBx0Q?sub_confirmation=1\" target=\"_blank\" rel=\"noopener noreferrer\">Abonnez-vous!<\/a><\/p>\n<div class=\"mvp-org-wrap mvp-org-logo\" itemprop=\"publisher\" itemscope=\"\" itemtype=\"https:\/\/schema.org\/Organization\"><img decoding=\"async\" src=\"https:\/\/www.tunisienumerique.com\/wp-content\/uploads\/2017\/02\/logo_tunisie_numerique.png\"\/><\/div>\n<div class=\"mvp-related-posts left relative\">\n<h4 class=\"post-header\"><span class=\"post-header\">Lire aussi<\/span><\/h4>\n<\/div>\n<\/div>\n<p>Auteur: LM<br \/>\n<a href=\"https:\/\/www.tunisienumerique.com\/tunisie-forte-reduction-du-deficit-budgetaire-a-partir-de-2017\/\">Cliquez ici pour lire l&rsquo;article depuis sa source.<\/a><\/p>\n","protected":false},"excerpt":{"rendered":"<p>Les chiffres publi\u00e9s en rapport avec le d\u00e9ficit budg\u00e9taire de la Tunisie sont \u00e9loquents, et ne pr\u00eatent pas \u00e0 confusion. Ces chiffres montrent une r\u00e9duction progressive et certaine du d\u00e9ficit budg\u00e9taire, qui \u00e9tait \u00e0 la hausse jusqu\u2019\u00e0 2017, avant de d\u00e9crocher et d\u2019entamer une courbe descendante, \u00e0 partir de 2018, pour passer de 6.1% \u00e0 [&hellip;]<\/p>\n","protected":false},"author":1789,"featured_media":76798,"comment_status":"closed","ping_status":"closed","sticky":false,"template":"","format":"standard","meta":{"fifu_image_url":"","fifu_image_alt":"","footnotes":""},"categories":[73,55],"tags":[],"class_list":["post-76797","post","type-post","status-publish","format-standard","has-post-thumbnail","hentry","category-actualite","category-tunisie"],"_links":{"self":[{"href":"https:\/\/linitiative.ca\/International\/wp-json\/wp\/v2\/posts\/76797","targetHints":{"allow":["GET"]}}],"collection":[{"href":"https:\/\/linitiative.ca\/International\/wp-json\/wp\/v2\/posts"}],"about":[{"href":"https:\/\/linitiative.ca\/International\/wp-json\/wp\/v2\/types\/post"}],"author":[{"embeddable":true,"href":"https:\/\/linitiative.ca\/International\/wp-json\/wp\/v2\/users\/1789"}],"replies":[{"embeddable":true,"href":"https:\/\/linitiative.ca\/International\/wp-json\/wp\/v2\/comments?post=76797"}],"version-history":[{"count":0,"href":"https:\/\/linitiative.ca\/International\/wp-json\/wp\/v2\/posts\/76797\/revisions"}],"wp:featuredmedia":[{"embeddable":true,"href":"https:\/\/linitiative.ca\/International\/wp-json\/"}],"wp:attachment":[{"href":"https:\/\/linitiative.ca\/International\/wp-json\/wp\/v2\/media?parent=76797"}],"wp:term":[{"taxonomy":"category","embeddable":true,"href":"https:\/\/linitiative.ca\/International\/wp-json\/wp\/v2\/categories?post=76797"},{"taxonomy":"post_tag","embeddable":true,"href":"https:\/\/linitiative.ca\/International\/wp-json\/wp\/v2\/tags?post=76797"}],"curies":[{"name":"wp","href":"https:\/\/api.w.org\/{rel}","templated":true}]}}