{"id":76804,"date":"2020-02-21T07:10:56","date_gmt":"2020-02-21T12:10:56","guid":{"rendered":"https:\/\/linitiative.ca\/International\/revision-du-fichier-electoral-lupc-releve-des-griefs\/"},"modified":"2020-02-21T07:10:56","modified_gmt":"2020-02-21T12:10:56","slug":"revision-du-fichier-electoral-lupc-releve-des-griefs","status":"publish","type":"post","link":"https:\/\/linitiative.ca\/International\/revision-du-fichier-electoral-lupc-releve-des-griefs\/","title":{"rendered":"R\u00e9vision du fichier \u00e9lectoral: l\u2019UPC rel\u00e8ve des griefs"},"content":{"rendered":"<div class=\"td-post-featured-image\"><a href=\"https:\/\/i2.wp.com\/www.sidwaya.info\/wp-content\/uploads\/2020\/02\/upcsid21.gif?fit=1040%2C780&#038;ssl=1\" data-caption=\"\"><img loading=\"lazy\" decoding=\"async\" width=\"696\" height=\"522\" class=\"entry-thumb td-modal-image\" src=\"https:\/\/i2.wp.com\/www.sidwaya.info\/wp-content\/uploads\/2020\/02\/upcsid21.gif?resize=696%2C522&#038;ssl=1\" alt=\"\" title=\"upcsid21\"\/><\/a><\/div>\n<p><strong>L\u2019Union pour le progr\u00e8s et le changement (UPC) a anim\u00e9, le jeudi 20 f\u00e9vrier 2020 \u00e0 Ouagadougou, une conf\u00e9rence de presse au sujet de la r\u00e9vision du fichier \u00e9lectoral et la d\u00e9livrance cibl\u00e9es de Cartes nationales d\u2019identit\u00e9 burkinab\u00e8 (CNIB).<\/strong><\/p>\n<p>Lanc\u00e9e, le 10 f\u00e9vrier \u00e0 D\u00e9dougou, l\u2019op\u00e9ration pour la r\u00e9vision du fichier \u00e9lectoral pr\u00e9sente d\u00e9j\u00e0 \u201cplusieurs anomalies\u201d, selon l\u2019Union pour le progr\u00e8s et le changement (UPC). Le parti qui a donn\u00e9 sa position au cours d\u2019une conf\u00e9rence de presse, hier jeudi 20 f\u00e9vrier 2020, en veut pour preuve, la \u201cv\u00e9tust\u00e9\u201d des kits d\u2019enr\u00f4lement et le \u201cmauvais\u201d traitement des op\u00e9rateurs. Le principal animateur de la conf\u00e9rence de presse, le 1er vice-pr\u00e9sident de l\u2019UPC, Moussa Zerbo, a \u00e9galement d\u00e9nonc\u00e9 des subventions et d\u00e9livrances \u201ccibl\u00e9es\u201d de la Cartes nationales d\u2019identit\u00e9 burkinab\u00e8 (CNIB) par certains t\u00e9nors du parti au pouvoir, le Mouvement du peuple pour le progr\u00e8s (MPP). Pour lui, le \u201cfaible\u201d taux pr\u00e9sent\u00e9 par l\u2019enr\u00f4lement des Burkinab\u00e8 de la diaspora et celui de l\u2019int\u00e9rieur en cours est li\u00e9 au choix des documents de votation, la CNIB et le passeport. Pourtant, souligne M. Zerbo, son parti avait attir\u00e9 l\u2019attention de l\u2019ex\u00e9cutif sur le choix de ces documents. \u00ab Nous avions adress\u00e9 en son temps, une lettre au gouvernement, dans laquelle, nous avions demand\u00e9 une subvention de la CNIB \u00e0 la somme de 500F CFA, afin de permettre \u00e0 l\u2019ensemble des citoyens de l\u2019avoir et de pouvoir se faire enr\u00f4ler massivement. Jusque-l\u00e0, nous n\u2019avons pas une r\u00e9ponse \u00e0 cette correpondance. Alors que nous assistons \u00e0 des d\u00e9livrances cibl\u00e9es de CNIB par des membres du MPP pour ses militants. Nous d\u00e9plorons cette mani\u00e8re de faire\u00bb, s\u2019est insurg\u00e9 M. Zerbo. Le 2e vice-pr\u00e9sident de l\u2019UPC, Amadou Diemdoda Dicko, lui, s\u2019est demand\u00e9 pourquoi une telle d\u00e9marche. \u00ab L\u2019Ann\u00e9e 2020 est une ann\u00e9e d\u00e9cisive pour les filles et fils du Burkina Faso. Nous demandons donc au gouvernement d\u2019engager une subvention rapide et g\u00e9n\u00e9rale des CNIB, car nous ne voulons pas de crise \u00e9lectorale \u00bb, a conclu M. Dicko.<\/p>\n<p>Honor\u00e9 KIRAKOYA<\/p>\n<div class=\"td-a-rec td-a-rec-id-content_bottom tdi_30_5f5 td_block_template_1\"><img loading=\"lazy\" decoding=\"async\" class=\"aligncenter size-full wp-image-9623\" src=\"https:\/\/www.sidwaya.info\/wp-content\/uploads\/2019\/06\/Projet-bannie%CC%80re-Orange-mobile.jpg\" alt=\"\" width=\"728\" height=\"81\"\/><\/div>\n<p>Auteur: JK. Sidwaya<br \/>\n<a href=\"https:\/\/www.sidwaya.info\/blog\/2020\/02\/21\/revision-du-fichier-electoral-lupc-releve-des-griefs\/\">Cliquez ici pour lire l&rsquo;article depuis sa source.<\/a><\/p>\n","protected":false},"excerpt":{"rendered":"<p>L\u2019Union pour le progr\u00e8s et le changement (UPC) a anim\u00e9, le jeudi 20 f\u00e9vrier 2020 \u00e0 Ouagadougou, une conf\u00e9rence de presse au sujet de la r\u00e9vision du fichier \u00e9lectoral et la d\u00e9livrance cibl\u00e9es de Cartes nationales d\u2019identit\u00e9 burkinab\u00e8 (CNIB). Lanc\u00e9e, le 10 f\u00e9vrier \u00e0 D\u00e9dougou, l\u2019op\u00e9ration pour la r\u00e9vision du fichier \u00e9lectoral pr\u00e9sente d\u00e9j\u00e0 \u201cplusieurs [&hellip;]<\/p>\n","protected":false},"author":1816,"featured_media":0,"comment_status":"closed","ping_status":"closed","sticky":false,"template":"","format":"standard","meta":{"fifu_image_url":"","fifu_image_alt":"","footnotes":""},"categories":[73,81],"tags":[],"class_list":["post-76804","post","type-post","status-publish","format-standard","hentry","category-actualite","category-burkina-faso"],"_links":{"self":[{"href":"https:\/\/linitiative.ca\/International\/wp-json\/wp\/v2\/posts\/76804","targetHints":{"allow":["GET"]}}],"collection":[{"href":"https:\/\/linitiative.ca\/International\/wp-json\/wp\/v2\/posts"}],"about":[{"href":"https:\/\/linitiative.ca\/International\/wp-json\/wp\/v2\/types\/post"}],"author":[{"embeddable":true,"href":"https:\/\/linitiative.ca\/International\/wp-json\/wp\/v2\/users\/1816"}],"replies":[{"embeddable":true,"href":"https:\/\/linitiative.ca\/International\/wp-json\/wp\/v2\/comments?post=76804"}],"version-history":[{"count":0,"href":"https:\/\/linitiative.ca\/International\/wp-json\/wp\/v2\/posts\/76804\/revisions"}],"wp:attachment":[{"href":"https:\/\/linitiative.ca\/International\/wp-json\/wp\/v2\/media?parent=76804"}],"wp:term":[{"taxonomy":"category","embeddable":true,"href":"https:\/\/linitiative.ca\/International\/wp-json\/wp\/v2\/categories?post=76804"},{"taxonomy":"post_tag","embeddable":true,"href":"https:\/\/linitiative.ca\/International\/wp-json\/wp\/v2\/tags?post=76804"}],"curies":[{"name":"wp","href":"https:\/\/api.w.org\/{rel}","templated":true}]}}