{"id":76805,"date":"2020-02-21T07:16:07","date_gmt":"2020-02-21T12:16:07","guid":{"rendered":"https:\/\/linitiative.ca\/International\/region-du-sahel-une-gare-routiere-et-un-hopital-a-dori\/"},"modified":"2020-02-21T07:16:07","modified_gmt":"2020-02-21T12:16:07","slug":"region-du-sahel-une-gare-routiere-et-un-hopital-a-dori","status":"publish","type":"post","link":"https:\/\/linitiative.ca\/International\/region-du-sahel-une-gare-routiere-et-un-hopital-a-dori\/","title":{"rendered":"R\u00e9gion du Sahel: une gare routi\u00e8re et un h\u00f4pital \u00e0 Dori"},"content":{"rendered":"<div class=\"td-post-featured-image\"><a href=\"https:\/\/i2.wp.com\/www.sidwaya.info\/wp-content\/uploads\/2020\/02\/chrsid021.gif?fit=1060%2C597&#038;ssl=1\" data-caption=\"\"><img loading=\"lazy\" decoding=\"async\" width=\"696\" height=\"392\" class=\"entry-thumb td-modal-image\" src=\"https:\/\/i2.wp.com\/www.sidwaya.info\/wp-content\/uploads\/2020\/02\/chrsid021.gif?resize=696%2C392&#038;ssl=1\" alt=\"\" title=\"chrsid021\"\/><\/a><\/div>\n<p><strong>Le pr\u00e9sident du Faso, Roch Marc Christian Kabor\u00e9, a inaugur\u00e9, le 20 f\u00e9vrier 2020 la gare routi\u00e8re de Dori ainsi que le Centre hospitalier r\u00e9gional, enti\u00e8rement r\u00e9nov\u00e9.<\/strong><\/p>\n<p>Une auto-gare moderne, r\u00e9alis\u00e9e \u00e0 hauteur de 585 millions FCFA, un Centre hospitalier r\u00e9gional totalement r\u00e9habilit\u00e9 et \u00e9quip\u00e9 \u00e0 un co\u00fbt d\u2019environ 250 millions F CFA ; ce sont l\u00e0 les infrastructures construites par l\u2019Etat et ses partenaires dans le cadre du Programme d\u2019urgence pour le Sahel (PUS). L\u2019inauguration desdits ouvrages par le chef de l\u2019Etat, Roch Marc Christian Kabor\u00e9, a eu lieu le jeudi 20 f\u00e9vrier 2020 \u00e0 Dori. Selon la ministre d\u00e9l\u00e9gu\u00e9e, charg\u00e9e de l\u2019am\u00e9nagement du territoire, Pauline Zour\u00e9, le projet de la gare routi\u00e8re a \u00e9t\u00e9 financ\u00e9 par le Programme d\u2019appui au d\u00e9veloppement des \u00e9conomies locales (PADEL) et vise \u00e0 lutter efficacement contre la pauvret\u00e9 et la pr\u00e9carit\u00e9 dans les collectivit\u00e9s. Faisant un bref bilan du PADEL, Mme Zour\u00e9 a indiqu\u00e9 qu\u2019il y a eu de bons r\u00e9sultats. \u00abNous r\u00e9alisons des infrastructures pour le bien-\u00eatre des populations. Dans les mois \u00e0 venir, nous allons actionner d\u2019autres leviers strat\u00e9giques du d\u00e9veloppement et de la croissance socio\u00e9conomique \u00bb, a-t-elle indiqu\u00e9. B\u00e2tie sur une superficie de six hectares, la nouvelle gare r\u00e9gionale de Dori a \u00e9t\u00e9 financ\u00e9e par l\u2019Etat burkinab\u00e8 et le Japon. Le joyau a une capacit\u00e9 d\u2019accueil de 145 places et sa r\u00e9alisation a engendr\u00e9 la cr\u00e9ation de 52 emplois. La gestion de l\u2019autogare a \u00e9t\u00e9 confi\u00e9e \u00e0 la commune de Dori. Pour le d\u00e9put\u00e9 maire, Aziz Diallo, cette gare est une fiert\u00e9, au regard de ses avantages socio-\u00e9conomiques. \u00abSi la ch\u00e8vre mange le karit\u00e9, elle doit remercier le vent sans l\u2019aide duquel le fruit ne serait pas tomb\u00e9 \u00bb, a-t-il dit, en signe de reconnaissance au gouvernement. Il a profit\u00e9 de l\u2019occasion pour solliciter l\u2019accompagnement de l\u2019ex\u00e9cutif dans la finition du chantier de l\u2019unique unit\u00e9 de fabrique d\u2019aliments pour b\u00e9tail. Une infrastructure dont la r\u00e9alisation est arr\u00eat\u00e9e, faute de financement. Pour le Pr\u00e9sident du Faso, Roch Marc Christian Kabor\u00e9, les investissements faits dans la r\u00e9gion visent \u00e0 renforcer la r\u00e9silience des populations et \u00e0 cr\u00e9er des richesses locales afin d\u2019asseoir un v\u00e9ritable d\u00e9veloppement endog\u00e8ne. Abordant la question de l\u2019ins\u00e9curit\u00e9 au Sahel, le chef de l\u2019\u00c9tat a rassur\u00e9 les populations de la d\u00e9termination du gouvernement \u00e0 venir \u00e0 bout du ph\u00e9nom\u00e8ne. Il a lou\u00e9 et salu\u00e9 les efforts du G5 Sahel, auteur de la r\u00e9novation du CHR de Dori, via le Projet d\u2019am\u00e9nagement territorial int\u00e9gr\u00e9 (PATI). \u00abNotre objectif est de favoriser le d\u00e9veloppement au Sahel, am\u00e9liorer la r\u00e9silience des populations locales \u00bb, a d\u00e9clar\u00e9 M. Kabor\u00e9. Pour lui, le CHR a retrouv\u00e9 ses lettres de noblesse et va pouvoir assurer une meilleure prise en charge sanitaire des patients. La gare routi\u00e8re, selon le chef de l\u2019Etat, va booster le secteur du transport et cr\u00e9er des emplois. Les b\u00e9n\u00e9ficiaires ont remerci\u00e9 le gouvernement pour les deux infrastructures.<\/p>\n<p>Wanl\u00e9 G\u00e9rard<br \/>COULIBALY<\/p>\n<div class=\"td-a-rec td-a-rec-id-content_bottom tdi_30_455 td_block_template_1\"><img loading=\"lazy\" decoding=\"async\" class=\"aligncenter size-full wp-image-9623\" src=\"https:\/\/www.sidwaya.info\/wp-content\/uploads\/2019\/06\/Projet-bannie%CC%80re-Orange-mobile.jpg\" alt=\"\" width=\"728\" height=\"81\"\/><\/div>\n<p>Auteur: JK. Sidwaya<br \/>\n<a href=\"https:\/\/www.sidwaya.info\/blog\/2020\/02\/21\/region-du-sahel-une-gare-routiere-et-un-hopital-a-dori\/\">Cliquez ici pour lire l&rsquo;article depuis sa source.<\/a><\/p>\n","protected":false},"excerpt":{"rendered":"<p>Le pr\u00e9sident du Faso, Roch Marc Christian Kabor\u00e9, a inaugur\u00e9, le 20 f\u00e9vrier 2020 la gare routi\u00e8re de Dori ainsi que le Centre hospitalier r\u00e9gional, enti\u00e8rement r\u00e9nov\u00e9. Une auto-gare moderne, r\u00e9alis\u00e9e \u00e0 hauteur de 585 millions FCFA, un Centre hospitalier r\u00e9gional totalement r\u00e9habilit\u00e9 et \u00e9quip\u00e9 \u00e0 un co\u00fbt d\u2019environ 250 millions F CFA ; ce [&hellip;]<\/p>\n","protected":false},"author":1816,"featured_media":0,"comment_status":"closed","ping_status":"closed","sticky":false,"template":"","format":"standard","meta":{"fifu_image_url":"","fifu_image_alt":"","footnotes":""},"categories":[73,81],"tags":[],"class_list":["post-76805","post","type-post","status-publish","format-standard","hentry","category-actualite","category-burkina-faso"],"_links":{"self":[{"href":"https:\/\/linitiative.ca\/International\/wp-json\/wp\/v2\/posts\/76805","targetHints":{"allow":["GET"]}}],"collection":[{"href":"https:\/\/linitiative.ca\/International\/wp-json\/wp\/v2\/posts"}],"about":[{"href":"https:\/\/linitiative.ca\/International\/wp-json\/wp\/v2\/types\/post"}],"author":[{"embeddable":true,"href":"https:\/\/linitiative.ca\/International\/wp-json\/wp\/v2\/users\/1816"}],"replies":[{"embeddable":true,"href":"https:\/\/linitiative.ca\/International\/wp-json\/wp\/v2\/comments?post=76805"}],"version-history":[{"count":0,"href":"https:\/\/linitiative.ca\/International\/wp-json\/wp\/v2\/posts\/76805\/revisions"}],"wp:attachment":[{"href":"https:\/\/linitiative.ca\/International\/wp-json\/wp\/v2\/media?parent=76805"}],"wp:term":[{"taxonomy":"category","embeddable":true,"href":"https:\/\/linitiative.ca\/International\/wp-json\/wp\/v2\/categories?post=76805"},{"taxonomy":"post_tag","embeddable":true,"href":"https:\/\/linitiative.ca\/International\/wp-json\/wp\/v2\/tags?post=76805"}],"curies":[{"name":"wp","href":"https:\/\/api.w.org\/{rel}","templated":true}]}}