{"id":76806,"date":"2020-02-21T11:45:06","date_gmt":"2020-02-21T16:45:06","guid":{"rendered":"https:\/\/linitiative.ca\/International\/filiere-lait-local-les-cinq-plaies-dun-secteur-porteur\/"},"modified":"2020-02-21T11:45:06","modified_gmt":"2020-02-21T16:45:06","slug":"filiere-lait-local-les-cinq-plaies-dun-secteur-porteur","status":"publish","type":"post","link":"https:\/\/linitiative.ca\/International\/filiere-lait-local-les-cinq-plaies-dun-secteur-porteur\/","title":{"rendered":"Fili\u00e8re lait local : Les cinq plaies d\u2019un secteur porteur"},"content":{"rendered":"<div class=\"td-post-featured-image\"><a href=\"https:\/\/i1.wp.com\/www.sidwaya.info\/wp-content\/uploads\/2020\/02\/Al-Ayat-Ou%C3%A9draogo1.jpg?fit=900%2C751&#038;ssl=1\" data-caption=\"mde\"><img loading=\"lazy\" decoding=\"async\" width=\"696\" height=\"581\" class=\"entry-thumb td-modal-image\" src=\"https:\/\/i1.wp.com\/www.sidwaya.info\/wp-content\/uploads\/2020\/02\/Al-Ayat-Ou%C3%A9draogo1.jpg?resize=696%2C581&#038;ssl=1\" srcset=\"https:\/\/i1.wp.com\/www.sidwaya.info\/wp-content\/uploads\/2020\/02\/Al-Ayat-Ou\u00e9draogo1.jpg?w=900&#038;ssl=1 900w, https:\/\/i1.wp.com\/www.sidwaya.info\/wp-content\/uploads\/2020\/02\/Al-Ayat-Ou\u00e9draogo1.jpg?resize=300%2C250&#038;ssl=1 300w, https:\/\/i1.wp.com\/www.sidwaya.info\/wp-content\/uploads\/2020\/02\/Al-Ayat-Ou\u00e9draogo1.jpg?resize=768%2C641&#038;ssl=1 768w, https:\/\/i1.wp.com\/www.sidwaya.info\/wp-content\/uploads\/2020\/02\/Al-Ayat-Ou\u00e9draogo1.jpg?resize=696%2C581&#038;ssl=1 696w, https:\/\/i1.wp.com\/www.sidwaya.info\/wp-content\/uploads\/2020\/02\/Al-Ayat-Ou\u00e9draogo1.jpg?resize=503%2C420&#038;ssl=1 503w\" sizes=\"auto, (max-width: 696px) 100vw, 696px\" alt=\"\" title=\"mde\"\/><\/a>mde<\/div>\n<p><strong>Les acteurs de la fili\u00e8re lait local font face \u00e0 de multiples contraintes\u00a0telles que la concurrence du lait import\u00e9, l\u2019inaccessibilit\u00e9 aux \u00e9quipements modernes, aux financements, la d\u00e9marche qualit\u00e9 et aux pathologies bovines. Constat dans des fermes et unit\u00e9s de transformation laiti\u00e8re \u00e0 Ouagadougou, Ouahigouya, Saaba et Dori, \u00e0 travers ce dossier consacr\u00e9 \u00e0 une fili\u00e8re porteuse.<\/strong><\/p>\n<p>Il est 17 heures 15 minutes \u00e0 Zagtouli, dans la banlieue ouest de Ouagadougou en ce mois de d\u00e9cembre 2019. Le soleil s\u2019incline vers le coucher. Le froid de l\u2019hiver sah\u00e9lien se fait d\u00e9j\u00e0 sentir. Nous sommes \u00e0 la ferme laiti\u00e8re \u00ab<em>Kiswendsida et fr\u00e8res<\/em>\u00bb, vaste de six hectares dont quatre r\u00e9serv\u00e9s \u00e0 la culture fourrag\u00e8re. A l\u2019entr\u00e9e de la ferme, devant une maisonnette d\u2019environ 8 m<sup>2<\/sup>, attendent deux dames venues de Sondogo. Il s\u2019agit de T\u00e9n\u00e9 Soulama, ex-op\u00e9ratrice de saisie au Centre national de lutte contre le paludisme et de sa camarade, venues acheter quatre litres de lait frais<em>.<\/em> Chaque week-end, dame Soulama vient s\u2019approvisionner en lait pour la consommation familiale.<\/p>\n<p>A l\u2019int\u00e9rieur de la ferme, une vingtaine de vaches forcent l\u2019admiration par leurs formes robustes. Il s\u2019agit de b\u00eates exotiques obtenues par ins\u00e9mination artificielle. On y trouve des races d\u2019origine fran\u00e7aise et br\u00e9silienne comme les holstein, montb\u00e9liards, brunes des Alpes. Certaines sont immobilis\u00e9es pour la traite du soir.<\/p>\n<p>Un appareil \u00e0 double r\u00e9servoir transparent, raccord\u00e9 aux mamelles de deux vaches, capte notre attention. Aliment\u00e9e par le courant \u00e9lectrique, la trayeuse\u00a0\u00ab<em>pompe<\/em>\u00bb ainsi simultan\u00e9ment le lait des deux b\u00eates, sous la supervision de deux employ\u00e9s. Cette machine peut traire 20 \u00e0 30 vaches, l\u2019\u00e9quivalent de la traite manuelle de 5 \u00e0 10 personnes, explique le premier responsable de la ferme, Nour Al Ayat Ou\u00e9draogo, par ailleurs pr\u00e9sident de l\u2019Interprofession lait du Burkina (IPROLAIT). Apr\u00e8s plusieurs formations et un stage aux USA en 2009, M. Ou\u00e9draogo s\u2019est sp\u00e9cialis\u00e9 dans l\u2019ins\u00e9mination artificielle des vaches. Sa ferme de 40 vaches m\u00e9tiss\u00e9es a une production journali\u00e8re moyenne de 250 litres de lait.<\/p>\n<p><strong>La fi\u00e8vre aphteuse, la ravageuse<\/strong><\/p>\n<p>Cette apparence d\u2019une ferme moderne impressionnante cache mal les contraintes que vivent les acteurs de la fili\u00e8re lait local. El hadj Hamado Bougoumpiga est un ex-comptable d\u2019une soci\u00e9t\u00e9 mini\u00e8re, reconverti \u00e0 l\u2019\u00e9levage laitier. Sa ferme, \u00ab\u00a0<em>Agro B.H<\/em>\u00a0\u00bb, est situ\u00e9e dans le village de Koala \u00e0 40 km de Ouagadougou, \u00e0 la sortie est, dans la commune rurale de Saaba. M. Bougoumpiga vit les travers de la production laiti\u00e8re. L\u2019an pass\u00e9, la fi\u00e8vre aphteuse a d\u00e9cim\u00e9 une vingtaine de ses vaches exotiques, des holstein et des brunes.\u00a0 Il lui reste actuellement 30 t\u00eates.<\/p>\n<p>La fi\u00e8vre aphteuse est une maladie animale qui fait ravage lorsqu\u2019elle apparait dans une ferme. Elle entraine la mort des veaux, des vaches et l\u2019avortement de celles en gestation. Elle r\u00e9duit la production laiti\u00e8re de moiti\u00e9, explique le pr\u00e9sident d\u2019IPROLAIT. \u00ab\u00a0<em>Avec cette pathologie, ma production est pass\u00e9e de 100 litres par jour \u00e0 40-45 litres. Ce rendement ne couvre pas les charges de la ferme\u00a0<\/em>\u00bb, souligne celui qui est venu \u00e0 l\u2019\u00e9levage laitier pour trois raisons. La passion pour ce m\u00e9tier, le souci de laisser un h\u00e9ritage \u00e0 sa prog\u00e9niture et d\u2019\u00eatre un mod\u00e8le pour la jeune g\u00e9n\u00e9ration. Aujourd\u2019hui, M. Bougoumpiga, comme nombre de producteurs laitiers, a le regard tourn\u00e9 vers le minist\u00e8re des Ressources animales et halieutiques (MRAH) qui a command\u00e9 des vaccins pour pr\u00e9venir la fameuse fi\u00e8vre aphteuse. Selon le pr\u00e9sident de l\u2019Interprofession, les vaccins devraient arriver avant la fin de l\u2019ann\u00e9e 2019.<\/p>\n<p>De l\u2019avis des acteurs, au-del\u00e0 de la sant\u00e9 animale, la fili\u00e8re lait local souffre de plusieurs maux, plus ou moins structurels. Et l\u2019acc\u00e8s aux financements n\u2019est pas le moindre. Lorsque les \u00e9leveurs laitiers s\u2019adressent aux institutions financi\u00e8res pour des pr\u00eats, ce sont des cr\u00e9dits d\u2019un ou deux ans qu\u2019on leur propose. Alors qu\u2019une ferme laiti\u00e8re a besoin d\u2019un investissement continu d\u2019au moins cinq ans pour commencer \u00e0 \u00eatre rentable, argumente Nour Al Ayat Ou\u00e9draogo.<\/p>\n<p>A cette inadaptation de la dur\u00e9e des pr\u00eats, se greffe l\u2019insuffisance des cr\u00e9dits propos\u00e9s. \u00ab\u00a0<em>Les banques donnent 5 \u00e0 10 millions FCFA, \u00e0 ceux qui ont la chance d\u2019en avoir<\/em>\u00a0\u00bb, d\u00e9plore celui qui a d\u00e9missionn\u00e9 de SOMITA en fin mars 2016, pour se consacrer \u00e0 sa ferme. Ces montants sont insuffisants pour supporter les investissements co\u00fbteux\u00a0que demande l\u2019\u00e9levage laitier. \u00ab\u00a0<em>Pour construire une bonne \u00e9table, il faut au minimum 40 millions FCFA<\/em>\u00a0\u00bb, pr\u00e9cise le patron de \u00ab\u00a0<em>Agro B.H<\/em>\u00a0\u00bb, le regard tourn\u00e9 vers son enclos qu\u2019il trouve inappropri\u00e9 pour ses b\u00eates exotiques.<\/p>\n<p><strong>Des technologies inaccessibles<\/strong><\/p>\n<p><img loading=\"lazy\" decoding=\"async\" class=\"alignnone wp-image-19456\" src=\"https:\/\/i0.wp.com\/www.sidwaya.info\/wp-content\/uploads\/2020\/02\/Pasteurisateur-6.jpg?resize=484%2C403&#038;ssl=1\" alt=\"\" width=\"484\" height=\"403\" srcset=\"https:\/\/i0.wp.com\/www.sidwaya.info\/wp-content\/uploads\/2020\/02\/Pasteurisateur-6.jpg?resize=300%2C250&#038;ssl=1 300w, https:\/\/i0.wp.com\/www.sidwaya.info\/wp-content\/uploads\/2020\/02\/Pasteurisateur-6.jpg?resize=768%2C641&#038;ssl=1 768w, https:\/\/i0.wp.com\/www.sidwaya.info\/wp-content\/uploads\/2020\/02\/Pasteurisateur-6.jpg?resize=696%2C581&#038;ssl=1 696w, https:\/\/i0.wp.com\/www.sidwaya.info\/wp-content\/uploads\/2020\/02\/Pasteurisateur-6.jpg?resize=503%2C420&#038;ssl=1 503w, https:\/\/i0.wp.com\/www.sidwaya.info\/wp-content\/uploads\/2020\/02\/Pasteurisateur-6.jpg?w=900&#038;ssl=1 900w\" sizes=\"auto, (max-width: 484px) 100vw, 484px\" data-recalc-dims=\"1\"\/>Que dire du fardeau de l\u2019acc\u00e8s aux technologies de production et de transformation, qui ont le triple inconv\u00e9nient d\u2019\u00eatre \u00ab\u00a0<em>excessivement ch\u00e8res\u00a0<\/em>\u00bb, \u00ab\u00a0<em>surtax\u00e9es<\/em>\u00a0\u00bb et indisponibles sur le march\u00e9 national. Les technologies de productions comme la botteleuse, l\u2019ensileuse, la trayeuse, etc. et de transformation telles le pasteurisateur, la conditionneuse ne sont pas \u00e0 la port\u00e9e de tous. M. Ou\u00e9draogo a acquis sa trayeuse \u00e0 1,8 million FCFA TTC, alors qu\u2019elle co\u00fbte \u00a0950 mille FCFA en hors taxes. M. Bougoumpiga dit avoir d\u00e9bours\u00e9 plus de trois millions FCFA de frais de douane et de transit pour l\u2019acquisition de son tracteur pour la culture fourrag\u00e8re d\u2019une valeur d\u2019environ 30 millions FCFA. \u00ab\u00a0<em>Un bon pasteurisateur pour la transformation co\u00fbte au moins 4,5 millions FCFA<\/em>\u00a0\u00bb, rench\u00e9rit, la promotrice de \u00ab\u00a0<em>Fromagerie Gariko<\/em>\u00a0\u00bb, Korotoumou Gariko, du haut de ses 20 ans de transformatrice du lait local. \u00a0Le responsable de \u00ab<em>Agro B.H<\/em>\u00a0\u00bb s\u2019insurge contre une conception r\u00e9ductrice de la m\u00e9canisation de la fili\u00e8re. \u00ab<em>Quand on parle de technologie de production, les gens pensent qu\u2019on a besoin de charrettes et de charrues \u00e0 traction asine. Personne ne pense \u00e0 une v\u00e9ritable m\u00e9canisation<\/em>\u00bb, s\u2019enflamme-t-il, au milieu des odeurs des excr\u00e9ments de son cheptel auquel il semble attach\u00e9. \u00ab<em>Ces insalubrit\u00e9s et ces odeurs naus\u00e9abondes vous d\u00e9rangent peut-\u00eatre, mais pour moi, faire deux jours loin de ma ferme me rend malade<\/em>\u00a0\u00bb, confie-t-il, bien que les projections comptables du d\u00e9part ne soient pas encore au rendez-vous, 12 ans apr\u00e8s.<\/p>\n<p>La pression fonci\u00e8re rend \u00e9galement indisponible l\u2019espace n\u00e9cessaire \u00e0 la production laiti\u00e8re. Avec les soci\u00e9t\u00e9s immobili\u00e8res, il est de plus en plus difficile de faire de l\u2019\u00e9levage laitier dans la zone p\u00e9riurbaine de Ouagadougou<em>.<\/em> Al Ayat Ou\u00e9draogo ne peut plus augmenter le nombre de ses vaches laiti\u00e8res compte tenu de l\u2019insuffisance de terrain. Selon l\u2019ing\u00e9nieur d\u2019\u00e9levage et directeur des productions animales au MRAH, L\u00e9on Badiara, le ratio standard en mati\u00e8re d\u2019\u00e9levage laitier est d\u2019une vache par hectare. L\u2019espace permet de pratiquer la culture fourrag\u00e8re afin de faire face aux charges d\u2019alimentation du b\u00e9tail, qui repr\u00e9sentent 60% des co\u00fbts de production. \u00ab\u00a0<em>Au Br\u00e9sil par exemple, les \u00e9leveurs ont des domaines de mille hectares. Ici, si une personne veut acqu\u00e9rir 10 hectares, on crie \u00e0 l\u2019accaparement des terres. Nous avons une vision \u00e9triqu\u00e9e du d\u00e9veloppement<\/em> \u00bb, d\u00e9plore-t-il. La contrainte fonci\u00e8re s\u2019est aggrav\u00e9e au Nord et au Sahel du fait de l\u2019ins\u00e9curit\u00e9. Les producteurs y ont des probl\u00e8mes d\u2019espace et de mobilit\u00e9.<\/p>\n<p><strong>L\u2019\u00e9quation de la ressource humaine<\/strong><\/p>\n<p>La strat\u00e9gie consistant en saison s\u00e8che \u00e0 envoyer le gros du troupeau en transhumance et garder sur place une petite partie, facile \u00e0 alimenter, pour la production laiti\u00e8re ne prosp\u00e8re plus. \u00ab\u00a0<em>Aujourd\u2019hui, tout le troupeau est confin\u00e9 dans un espace restreint o\u00f9 il manque de fourrages\u00a0<\/em>\u00bb, explique le producteur et transformateur laitier de Ouahigouya, Adama Ibrahim Diallo, par ailleurs pr\u00e9sident de l\u2019Union nationale des mini-laiteries et des \u00a0producteurs du lait local du Burkina (UMPLB) et premier responsable de la mini-laiterie Kossam Yad\u00e9ga.<\/p>\n<p>Pour rem\u00e9dier au rench\u00e9rissement des co\u00fbts des aliments par les commer\u00e7ants, le MRAH a n\u00e9goci\u00e9 avec la SN Citec pour un achat direct des tourteaux par les \u00e9leveurs. Un palliatif qui semble gripp\u00e9, puisque la soci\u00e9t\u00e9 conditionne la vente de ses tourteaux \u00e0 un enl\u00e8vement d\u2019huile.<\/p>\n<p>Les indicateurs ne sont pas aussi tous au vert sur le plan de la ressource humaine. Pour certaines pathologies et en mati\u00e8re g\u00e9n\u00e9tique, il est indispensable d\u2019avoir des sp\u00e9cialistes. Alors que, de l\u2019avis du pr\u00e9sident d\u2019IPROLAIT, son minist\u00e8re de tutelle dispose moins de trois experts dans le domaine de la sant\u00e9 reproductive animale. Ce que le MRAH avoue \u00e0 demi-mot. \u00ab\u00a0<em>Certains de nos agents ne ma\u00eetrisent pas les techniques d\u2019ins\u00e9mination artificielle<\/em>\u00a0\u00bb, reconna\u00eet le directeur des productions animales. Les \u00e9leveurs ne ma\u00eetrisent pas aussi les techniques de culture fourrag\u00e8re, d\u2019hygi\u00e8ne, d\u2019alimentation des animaux, etc. \u00a0La question des comp\u00e9tences techniques est profonde. \u00ab\u00a0<em>Pour mieux penser la politique de l\u2019\u00e9levage et la d\u00e9fendre \u00e0 l\u2019international, il faut des cadres. Pourtant, le recrutement des docteurs v\u00e9t\u00e9rinaires et des ing\u00e9nieurs d\u2019\u00e9levage ne suit pas\u00a0<\/em>\u00bb, constate-il. Pire, sur le peu de cadres existant, en 2020 et 2021, le MRAH va perdre 300 qui iront \u00e0 la retraite, confie M. Badiara, membre du contingent.<\/p>\n<p>Toujours sous le registre de la ressource humaine, les fermiers souffrent du manque de main d\u2019\u0153uvre du fait de l\u2019orpaillage. En septembre 2019, quatre des cinq employ\u00e9s de \u00ab\u00a0<em>Agro B.H<\/em>\u00a0\u00bb sont partis dans les sites d\u2019or maliens et ivoiriens, laissant le prometteur dans une situation inconfortable.\u00a0\u00ab\u00a0<em>On n\u2019a pas de main d\u2019\u0153uvre, on n\u2019a pas acc\u00e8s aux technologiques<\/em> \u00bb, s\u2019alarme celui qui a abandonn\u00e9 le confort salarial des mines pour sa passion.<\/p>\n<p><strong>Ce qui \u00ab\u00a0<em>tue<\/em>\u00a0\u00bb la fili\u00e8re<\/strong><\/p>\n<p><img loading=\"lazy\" decoding=\"async\" class=\"alignnone wp-image-19457\" src=\"https:\/\/i0.wp.com\/www.sidwaya.info\/wp-content\/uploads\/2020\/02\/Tayeuse.jpg?resize=540%2C522&#038;ssl=1\" alt=\"\" width=\"540\" height=\"522\" srcset=\"https:\/\/i0.wp.com\/www.sidwaya.info\/wp-content\/uploads\/2020\/02\/Tayeuse.jpg?resize=300%2C290&#038;ssl=1 300w, https:\/\/i0.wp.com\/www.sidwaya.info\/wp-content\/uploads\/2020\/02\/Tayeuse.jpg?resize=768%2C742&#038;ssl=1 768w, https:\/\/i0.wp.com\/www.sidwaya.info\/wp-content\/uploads\/2020\/02\/Tayeuse.jpg?resize=696%2C673&#038;ssl=1 696w, https:\/\/i0.wp.com\/www.sidwaya.info\/wp-content\/uploads\/2020\/02\/Tayeuse.jpg?resize=434%2C420&#038;ssl=1 434w, https:\/\/i0.wp.com\/www.sidwaya.info\/wp-content\/uploads\/2020\/02\/Tayeuse.jpg?w=900&#038;ssl=1 900w\" sizes=\"auto, (max-width: 540px) 100vw, 540px\" data-recalc-dims=\"1\"\/>Au-del\u00e0 de toutes ces contraintes, la concurrence d\u00e9loyale du lait import\u00e9 (en poudre, concentr\u00e9, etc.) semble \u00eatre le principal frein au d\u00e9veloppement de la fili\u00e8re lait local. A l\u2019unisson, transformateurs, producteurs et minist\u00e8re de tutelle la d\u00e9noncent avec la \u00ab\u00a0<em>derni\u00e8re \u00e9nergie<\/em>\u00a0\u00bb. Mais pas sans discernement. \u00ab\u00a0<em>Nous ne sommes pas contre l\u2019importation du lait de qualit\u00e9. Ce que nous d\u00e9crions, c\u2019est l\u2019entr\u00e9e massive dans notre pays des produits laitiers de tr\u00e8s mauvaise qualit\u00e9\u00a0qui tuent la fili\u00e8re lait local<\/em> <em>et posent un probl\u00e8me de sant\u00e9 publique<\/em> \u00bb, s\u2019indigne Adama Ibrahim Diallo.<\/p>\n<p>On ne peut pas payer le litre du lait local \u00e0 350 ou 400 F, le transformer et s\u2019en sortir face \u00e0 celui qui utilise du lait reconstitu\u00e9 dont le litre revient \u00e0 200F, se d\u00e9sole le pr\u00e9sident de l\u2019Interprofession. \u00ab\u00a0<em>Surtout face \u00e0 des consommateurs qui, en majorit\u00e9, ne sont pas tr\u00e8s regardants sur le rapport prix\/qualit\u00e9\u00a0<\/em>\u00bb, rench\u00e9rit le fermier-comptable.<\/p>\n<p>Face \u00e0 cette \u00ab\u00a0<em>concurrence d\u00e9loyale<\/em>\u00a0\u00bb, le MRAH n\u2019est pas moins outr\u00e9 que les producteurs et transformateurs. Mieux, il apporte ses \u00e9clairages sur la mauvaise qualit\u00e9 du lait import\u00e9. \u00ab <em>En r\u00e9alit\u00e9, c\u2019est du lait caill\u00e9 s\u00e9ch\u00e9, m\u00e9lang\u00e9 avec la farine de soja, de bl\u00e9 ou l\u2019orge. On y ajoute l\u2019huile de palme. Cela donne une petite odeur de lait, ce sont plut\u00f4t des produits lact\u00e9s\u00a0; puisqu\u2019on a enlev\u00e9 la mati\u00e8re grasse<\/em> \u00bb, explique l\u2019ing\u00e9nieur Badiara. Plus grave, poursuit-il, du lait o\u00f9 c\u2019est \u00e9crit \u00ab\u00a0<em>for dog<\/em>\u00a0\u00bb (pour chien) est transform\u00e9 et mis en consommation pour les populations. Ce qui alarme davantage les acteurs, c\u2019est lorsque des produits laitiers transform\u00e9s \u00e0 partir du lait en poudre sont \u00e9tiquet\u00e9s \u00ab\u00a0<em>lait frais de vache<\/em>\u00a0\u00bb.<\/p>\n<p>Cette situation du lait import\u00e9<em>,<\/em> le chef de service lait au MRAH, Dr Mari\u00e9tou Sissao<em>,<\/em> l\u2019attribue aux Accords de partenariats \u00e9conomiques (APE) qui font qu\u2019on taxe le lait import\u00e9 \u00e0 5-10%. Les acteurs veulent que cette taxe passe \u00e0 20-30% pour permettre au lait local d\u2019\u00eatre comp\u00e9titif.<\/p>\n<p>En attendant, le pr\u00e9sident de la Ligue des consommateurs du Burkina, Dasman\u00e9 Traor\u00e9, invite l\u2019UMPL\/B \u00e0 d\u00e9masquer les auteurs de ces pratiques commerciales d\u00e9loyales. Les transformateurs ont d\u00e9j\u00e0 concoct\u00e9 une r\u00e9ponse\u00a0\u00e0 la tricherie : la marque \u00ab\u00a0<em>Fairefaso<\/em>\u00a0\u00bb. En phase d\u2019exp\u00e9rimentation dans quatre laiteries, la trouvaille consiste \u00e0 apposer la marque \u00ab\u00a0<em>Fairefaso<\/em>\u00a0\u00bb sur les produits faits \u00e0 base du lait local. L\u2019obtention de ce label est soumise au respect strict d\u2019un cahier des charges.<\/p>\n<p>Face aux diff\u00e9rentes pr\u00e9occupations, le MRAH semble limit\u00e9 par les ressources budg\u00e9taires \u00ab\u00a0<em>d\u00e9risoires\u00a0<\/em>\u00bb qui lui sont allou\u00e9es pour accompagner cette fili\u00e8re porteuse \u00e0 multiple impact. Investir dans le lait local, c\u2019est soutenir indirectement, les fili\u00e8res viande et b\u00e9tail, cuirs et peaux, la productivit\u00e9 agricole \u00e0 travers la fourniture de la fumure organique. En somme, le sous-secteur lait local est un maillon essentiel pour un d\u00e9veloppement int\u00e9gr\u00e9, arguent ses d\u00e9fenseurs.<\/p>\n<p><strong>Mahamadi SEBOGO<\/strong><\/p>\n<p><a href=\"mailto:windmad76@gmail.com\"><strong>windmad76@gmail.com<\/strong><\/a><\/p>\n<hr\/>\n<p><strong>Encadr\u00e9 1\u00a0: Les Burkinab\u00e8 de plus en plus friands du lait local<\/strong><\/p>\n<p>Selon les acteurs, les Burkinab\u00e8 consomment de plus en plus le lait local. Ils en veulent pour preuve, la hausse progressive de leurs productions. Ce jeune commer\u00e7ant de Ouahigouya, Idrissa Sor\u00e9, rencontr\u00e9 dans un des restau-lait de ladite ville, fait partie des inconditionnels du lait frais. \u00ab <em>Je consomme bien le lait local. Chaque soir, j\u2019en prend pour la famille<\/em> \u00bb, affirme-t-il.<\/p>\n<hr\/>\n<p><strong>\u00a0Ce que signifie la qualit\u00e9<\/strong><\/p>\n<p>La qualit\u00e9 repr\u00e9sente l\u2019ensemble des caract\u00e9ristiques intrins\u00e8ques d\u2019un produit ou service qui lui conf\u00e8re l\u2019aptitude \u00e0 satisfaire des exigences. Appliqu\u00e9e aux produits alimentaires, elle regroupe diff\u00e9rentes composantes : qualit\u00e9 nutritionnelle, sanitaire, organoleptique (go\u00fbt, odeur, saveur, flaveurs, textures, \u2026) et technologique.<\/p>\n<p>Source\u00a0: ABNORM<\/p>\n<hr\/>\n<p><strong>\u00a0L\u2019espoir sur l\u2019initiative du pr\u00e9sident du Faso<\/strong><\/p>\n<p>L\u2019initiative lanc\u00e9e en d\u00e9but 2019 par le chef de l\u2019Etat, Roch Marc Christian Kabor\u00e9 et qui vise \u00e0 <em>\u00ab\u00a0assurer \u00e0 chaque enfant en \u00e2ge scolaire au moins un repas de bonne qualit\u00e9 et en quantit\u00e9 suffisante\u00a0par jour<\/em> \u00bb suscite l\u2019espoir chez les acteurs de la fili\u00e8re lait local. Pour eux, l\u2019introduction du lait local dans les cantines scolaires a l\u2019avantage de booster leurs capacit\u00e9s de production et de transformation mais aussi va contribuer \u00e0 changer les habitudes alimentaires des Burkinab\u00e8 en faveur du lait local. Ils attendent impatiemment l\u2019application de la mesure mais \u00e9galement son \u00e9largissement aux h\u00f4pitaux, aux prisons et aux casernes. Pour IPROLAIT, les achats institutionnels ont l\u2019avantage de rassurer les consommateurs. En m\u00eame temps, les acteurs invitent l\u2019Etat \u00e0 plus de rigueur dans le contr\u00f4le des produits laitiers qui entrent dans le pays.<\/p>\n<p>L\u2019Interprofession lait souhaite \u00e9galement l\u2019\u00e9laboration d\u2019une politique nationale lait, fond\u00e9e sur une orientation sur 10 ou 15 ans, au regard du caract\u00e8re porteur et strat\u00e9gique de la fili\u00e8re sur le triple plan \u00e9conomique, de la s\u00e9curit\u00e9 alimentaire et de la lutte contre la pauvret\u00e9 et le ch\u00f4mage. L\u2019acc\u00e8s aux financements cons\u00e9quents, aux moyens de production font aussi partie de ses priorit\u00e9s. \u00ab <em>L\u2019Etat a subventionn\u00e9 les \u00e9quipements agricoles, il faudrait le faire pour l\u2019\u00e9levage laitier\u00a0<\/em>\u00bb, plaide le pr\u00e9sident Ou\u00e9draogo. Et si rien n\u2019est fait, les prochaines ann\u00e9es, en plus du lait, le Burkina Faso risque d\u2019importer la viande, alerte-t-on du c\u00f4t\u00e9 du MRAH.<\/p>\n<p>MS<\/p>\n<div class=\"td-a-rec td-a-rec-id-content_bottom tdi_30_551 td_block_template_1\"><img loading=\"lazy\" decoding=\"async\" class=\"aligncenter size-full wp-image-9623\" src=\"https:\/\/www.sidwaya.info\/wp-content\/uploads\/2019\/06\/Projet-bannie%CC%80re-Orange-mobile.jpg\" alt=\"\" width=\"728\" height=\"81\"\/><\/div>\n<p>Auteur: Wamini SIDWAYA<br \/>\n<a href=\"https:\/\/www.sidwaya.info\/blog\/2020\/02\/21\/filiere-lait-local-les-cinq-plaies-dun-secteur-porteur\/\">Cliquez ici pour lire l&rsquo;article depuis sa source.<\/a><\/p>\n","protected":false},"excerpt":{"rendered":"<p>mde Les acteurs de la fili\u00e8re lait local font face \u00e0 de multiples contraintes\u00a0telles que la concurrence du lait import\u00e9, l\u2019inaccessibilit\u00e9 aux \u00e9quipements modernes, aux financements, la d\u00e9marche qualit\u00e9 et aux pathologies bovines. Constat dans des fermes et unit\u00e9s de transformation laiti\u00e8re \u00e0 Ouagadougou, Ouahigouya, Saaba et Dori, \u00e0 travers ce dossier consacr\u00e9 \u00e0 une [&hellip;]<\/p>\n","protected":false},"author":1816,"featured_media":0,"comment_status":"closed","ping_status":"closed","sticky":false,"template":"","format":"standard","meta":{"fifu_image_url":"","fifu_image_alt":"","footnotes":""},"categories":[73,81],"tags":[],"class_list":["post-76806","post","type-post","status-publish","format-standard","hentry","category-actualite","category-burkina-faso"],"_links":{"self":[{"href":"https:\/\/linitiative.ca\/International\/wp-json\/wp\/v2\/posts\/76806","targetHints":{"allow":["GET"]}}],"collection":[{"href":"https:\/\/linitiative.ca\/International\/wp-json\/wp\/v2\/posts"}],"about":[{"href":"https:\/\/linitiative.ca\/International\/wp-json\/wp\/v2\/types\/post"}],"author":[{"embeddable":true,"href":"https:\/\/linitiative.ca\/International\/wp-json\/wp\/v2\/users\/1816"}],"replies":[{"embeddable":true,"href":"https:\/\/linitiative.ca\/International\/wp-json\/wp\/v2\/comments?post=76806"}],"version-history":[{"count":0,"href":"https:\/\/linitiative.ca\/International\/wp-json\/wp\/v2\/posts\/76806\/revisions"}],"wp:attachment":[{"href":"https:\/\/linitiative.ca\/International\/wp-json\/wp\/v2\/media?parent=76806"}],"wp:term":[{"taxonomy":"category","embeddable":true,"href":"https:\/\/linitiative.ca\/International\/wp-json\/wp\/v2\/categories?post=76806"},{"taxonomy":"post_tag","embeddable":true,"href":"https:\/\/linitiative.ca\/International\/wp-json\/wp\/v2\/tags?post=76806"}],"curies":[{"name":"wp","href":"https:\/\/api.w.org\/{rel}","templated":true}]}}