{"id":76809,"date":"2020-02-21T15:18:03","date_gmt":"2020-02-21T20:18:03","guid":{"rendered":"https:\/\/linitiative.ca\/International\/des-etudiants-ivoiriens-participeront-en-avril-a-un-concours-regional-des-tic-en-egypte\/"},"modified":"2020-02-21T15:18:03","modified_gmt":"2020-02-21T20:18:03","slug":"des-etudiants-ivoiriens-participeront-en-avril-a-un-concours-regional-des-tic-en-egypte","status":"publish","type":"post","link":"https:\/\/linitiative.ca\/International\/des-etudiants-ivoiriens-participeront-en-avril-a-un-concours-regional-des-tic-en-egypte\/","title":{"rendered":"Des \u00e9tudiants ivoiriens participeront  en avril \u00e0 un concours r\u00e9gional des TIC en Egypte"},"content":{"rendered":"<div readability=\"32\">\n<p>Publi\u00e9 le 21.02.2020 \u00e0 21h18 par APA News<\/p>\n<\/div>\n<div readability=\"48\">\n<p>Des \u00e9tudiants ivoiriens de l\u2019Institut des sciences et techniques de la communication (ISTC Polytechnique) d\u2019Abidjan participeront du 03 au 05 avril prochain \u00e0 une comp\u00e9tition r\u00e9gionale sur les Technologies de l\u2019information et de la communication (TIC) d\u00e9nomm\u00e9e \u00ab ITC comp\u00e9tition \u00bb dont la finale aura lieu en Egypte, a-t-on appris sur place dans la capitale \u00e9conomique ivoirienne.Selon une note d\u2019information transmise vendredi \u00e0 APA, les \u00e9tudiants qui repr\u00e9senteront la C\u00f4te d\u2019Ivoire seront connus au terme d\u2019une finale nationale pr\u00e9vue le 26 f\u00e9vrier prochain \u00e0 Abidjan qui opposera soixante-neuf candidats au total.<\/p>\n<p>En pr\u00e9lude \u00e0 cette finale nationale, pr\u00e9cise la note, la formation des candidats retenus \u00e0 l\u2019issue des phases pr\u00e9liminaires, a d\u00e9but\u00e9 depuis le 18 f\u00e9vrier dernier.<\/p>\n<p>Initi\u00e9e par le g\u00e9ant chinois de la \u00a0T\u00e9l\u00e9communication \u00ab Huawei Technologies\u00bb, cette comp\u00e9tition a pour but de former les \u00e9tudiants en vue de d\u00e9velopper des talents locaux en TIC et am\u00e9liorer le transfert des comp\u00e9tences.<\/p>\n<\/div>\n<p>Auteur: APA News<br \/>\n<a href=\"https:\/\/www.journalducameroun.com\/des-etudiants-ivoiriens-participeront-en-avril-a-un-concours-regional-des-tic-en-egypte\/\">Cliquez ici pour lire l&rsquo;article depuis sa source.<\/a><\/p>\n","protected":false},"excerpt":{"rendered":"<p>Publi\u00e9 le 21.02.2020 \u00e0 21h18 par APA News Des \u00e9tudiants ivoiriens de l\u2019Institut des sciences et techniques de la communication (ISTC Polytechnique) d\u2019Abidjan participeront du 03 au 05 avril prochain \u00e0 une comp\u00e9tition r\u00e9gionale sur les Technologies de l\u2019information et de la communication (TIC) d\u00e9nomm\u00e9e \u00ab ITC comp\u00e9tition \u00bb dont la finale aura lieu en [&hellip;]<\/p>\n","protected":false},"author":1965,"featured_media":0,"comment_status":"closed","ping_status":"closed","sticky":false,"template":"","format":"standard","meta":{"fifu_image_url":"","fifu_image_alt":"","footnotes":""},"categories":[73,82],"tags":[],"class_list":["post-76809","post","type-post","status-publish","format-standard","hentry","category-actualite","category-cameroun"],"_links":{"self":[{"href":"https:\/\/linitiative.ca\/International\/wp-json\/wp\/v2\/posts\/76809","targetHints":{"allow":["GET"]}}],"collection":[{"href":"https:\/\/linitiative.ca\/International\/wp-json\/wp\/v2\/posts"}],"about":[{"href":"https:\/\/linitiative.ca\/International\/wp-json\/wp\/v2\/types\/post"}],"author":[{"embeddable":true,"href":"https:\/\/linitiative.ca\/International\/wp-json\/wp\/v2\/users\/1965"}],"replies":[{"embeddable":true,"href":"https:\/\/linitiative.ca\/International\/wp-json\/wp\/v2\/comments?post=76809"}],"version-history":[{"count":0,"href":"https:\/\/linitiative.ca\/International\/wp-json\/wp\/v2\/posts\/76809\/revisions"}],"wp:attachment":[{"href":"https:\/\/linitiative.ca\/International\/wp-json\/wp\/v2\/media?parent=76809"}],"wp:term":[{"taxonomy":"category","embeddable":true,"href":"https:\/\/linitiative.ca\/International\/wp-json\/wp\/v2\/categories?post=76809"},{"taxonomy":"post_tag","embeddable":true,"href":"https:\/\/linitiative.ca\/International\/wp-json\/wp\/v2\/tags?post=76809"}],"curies":[{"name":"wp","href":"https:\/\/api.w.org\/{rel}","templated":true}]}}