{"id":76811,"date":"2020-02-21T15:18:09","date_gmt":"2020-02-21T20:18:09","guid":{"rendered":"https:\/\/linitiative.ca\/International\/une-deputee-pro-soro-retourne-au-rhdp-les-autres-cadres-appeles-a-la-resilience\/"},"modified":"2020-02-21T15:18:09","modified_gmt":"2020-02-21T20:18:09","slug":"une-deputee-pro-soro-retourne-au-rhdp-les-autres-cadres-appeles-a-la-resilience","status":"publish","type":"post","link":"https:\/\/linitiative.ca\/International\/une-deputee-pro-soro-retourne-au-rhdp-les-autres-cadres-appeles-a-la-resilience\/","title":{"rendered":"Une d\u00e9put\u00e9e pro-Soro retourne au RHDP, les autres cadres appel\u00e9s \u00e0 la r\u00e9silience"},"content":{"rendered":"<div readability=\"32\">\n<p>Publi\u00e9 le 21.02.2020 \u00e0 21h18 par APA News<\/p>\n<\/div>\n<div readability=\"58\">\n<p>Le groupe parlementaire Rassemblement qui regroupe des d\u00e9put\u00e9s proches de Guillaume Soro, l\u2019ex-pr\u00e9sident du parlement ivoirien, a appel\u00e9 vendredi ses cadres \u00e0 faire preuve de r\u00e9silience en ces \u00abmoments troubles\u00bb apr\u00e8s l\u2019annonce du retour au Rassemblement des Houphou\u00ebtistes pour la d\u00e9mocratie et la paix (RHDP, parti pr\u00e9sidentiel) de sa pr\u00e9sidente Traz\u00e9r\u00e9 C\u00e9lestine.\u00ab Ce jour 21 f\u00e9vrier 2020, le groupe parlementaire Rassemblement apprend par voie de presse le d\u00e9part de son ex-pr\u00e9sidente Traz\u00e9r\u00e9 C\u00e9lestine vers d\u2019autres horizons\u2026 Il appelle le reste de ses membres et l\u2019ensemble des membres de G\u00e9n\u00e9rations et peuples solidaires ( GPS), des partis politiques et mouvements de soutiens proches de M. Soro Guillaume \u00e0 faire preuve de r\u00e9silience et de maturit\u00e9 politique en ces moments troubles \u00bb, a exhort\u00e9 le d\u00e9put\u00e9 Issiaka Fofana, le vice-pr\u00e9sident de ce groupe parlementaire dans un communiqu\u00e9 transmis \u00e0 APA.<\/p>\n<p>\u00a0Par ailleurs, le groupe parlementaire Rassemblement a appel\u00e9 ses membres et l\u2019ensemble des ivoiriens \u00e0 \u00ab pers\u00e9v\u00e9rer \u00a0avec courage et d\u00e9termination dans le combat combien difficile mais noble du renforcement de la d\u00e9mocratie, de la r\u00e9conciliation nationale et de la coh\u00e9sion sociale dans notre pays\u00bb.<\/p>\n<p>\u00a0\u00ab Du fond de mon c\u0153ur, je demande pardon au p\u00e8re (Faisant allusion \u00e0 Alassane Ouattara) pour que ma lampe ne s\u2019\u00e9teigne pas dans les t\u00e9n\u00e8bres. Je reviens aupr\u00e8s de mon papa pour lui demander pardon, pour \u00eatre \u00e0 ses c\u00f4t\u00e9s et prendre toutes ma place. Je demande pardon \u00e0 mon papa pour toutes les offenses \u00bb, a entre autres d\u00e9clar\u00e9 la d\u00e9put\u00e9e Traz\u00e9r\u00e9 C\u00e9lestine lors d\u2019une c\u00e9r\u00e9monie marquant son retour au RHDP, son parti d\u2019origine qu\u2019elle avait quitt\u00e9 pour se retrouver dans l\u2019opposition avec Guillaume Soro.<\/p>\n<\/div>\n<p>Auteur: APA News<br \/>\n<a href=\"https:\/\/www.journalducameroun.com\/une-deputee-pro-soro-retourne-au-rhdp-les-autres-cadres-appeles-a-la-resilience\/\">Cliquez ici pour lire l&rsquo;article depuis sa source.<\/a><\/p>\n","protected":false},"excerpt":{"rendered":"<p>Publi\u00e9 le 21.02.2020 \u00e0 21h18 par APA News Le groupe parlementaire Rassemblement qui regroupe des d\u00e9put\u00e9s proches de Guillaume Soro, l\u2019ex-pr\u00e9sident du parlement ivoirien, a appel\u00e9 vendredi ses cadres \u00e0 faire preuve de r\u00e9silience en ces \u00abmoments troubles\u00bb apr\u00e8s l\u2019annonce du retour au Rassemblement des Houphou\u00ebtistes pour la d\u00e9mocratie et la paix (RHDP, parti pr\u00e9sidentiel) [&hellip;]<\/p>\n","protected":false},"author":1965,"featured_media":0,"comment_status":"closed","ping_status":"closed","sticky":false,"template":"","format":"standard","meta":{"fifu_image_url":"","fifu_image_alt":"","footnotes":""},"categories":[73,82],"tags":[],"class_list":["post-76811","post","type-post","status-publish","format-standard","hentry","category-actualite","category-cameroun"],"_links":{"self":[{"href":"https:\/\/linitiative.ca\/International\/wp-json\/wp\/v2\/posts\/76811","targetHints":{"allow":["GET"]}}],"collection":[{"href":"https:\/\/linitiative.ca\/International\/wp-json\/wp\/v2\/posts"}],"about":[{"href":"https:\/\/linitiative.ca\/International\/wp-json\/wp\/v2\/types\/post"}],"author":[{"embeddable":true,"href":"https:\/\/linitiative.ca\/International\/wp-json\/wp\/v2\/users\/1965"}],"replies":[{"embeddable":true,"href":"https:\/\/linitiative.ca\/International\/wp-json\/wp\/v2\/comments?post=76811"}],"version-history":[{"count":0,"href":"https:\/\/linitiative.ca\/International\/wp-json\/wp\/v2\/posts\/76811\/revisions"}],"wp:attachment":[{"href":"https:\/\/linitiative.ca\/International\/wp-json\/wp\/v2\/media?parent=76811"}],"wp:term":[{"taxonomy":"category","embeddable":true,"href":"https:\/\/linitiative.ca\/International\/wp-json\/wp\/v2\/categories?post=76811"},{"taxonomy":"post_tag","embeddable":true,"href":"https:\/\/linitiative.ca\/International\/wp-json\/wp\/v2\/tags?post=76811"}],"curies":[{"name":"wp","href":"https:\/\/api.w.org\/{rel}","templated":true}]}}