{"id":76823,"date":"2020-02-22T05:00:00","date_gmt":"2020-02-22T10:00:00","guid":{"rendered":"https:\/\/linitiative.ca\/International\/bounedjah-suspendu-2-mois\/"},"modified":"2020-02-22T05:00:00","modified_gmt":"2020-02-22T10:00:00","slug":"bounedjah-suspendu-2-mois","status":"publish","type":"post","link":"https:\/\/linitiative.ca\/International\/bounedjah-suspendu-2-mois\/","title":{"rendered":"Bounedjah suspendu 2 mois"},"content":{"rendered":"<div id=\"originalText\" readability=\"58\">\n<p>L&rsquo;international alg\u00e9rien d&rsquo;Al Sadd, Baghdad Bounedjah, a \u00e9t\u00e9 suspendu deux mois par la Conf\u00e9d\u00e9ration asiatique de football (AFC) pour ses critiques envers l&rsquo;arbitre de la demi-finale aller de la Ligue des champions, perdue face aux Saoudiens d&rsquo;Al-Hilal (1-4) en octobre 2019 \u00e0 Doha, a annonc\u00e9 le club qatari sur son compte twitter.<\/p>\n<p>L&rsquo;attaquant alg\u00e9rien avait s\u00e9v\u00e8rement critiqu\u00e9 l&rsquo;arbitre de la rencontre, l&rsquo;Omanais Aheme Al Kaf, qui avait expuls\u00e9 un joueur qatari et sorti un carton jaune pour Bounedjah, lequel a manqu\u00e9 la demi-finale retour remport\u00e9e par Al Sadd (4-2). Avec cette sanction, l&rsquo;ancien attaquant de l&rsquo;USM El-Harrach va manquer les deux prochains matchs de son \u00e9quipe contre les \u00c9miratis d&rsquo;Al-A\u00efn, avant son retour pr\u00e9vu en avril \u00e0 l&rsquo;occasion de la r\u00e9ception des Saoudiens d&rsquo;Al-Nasr.<\/p>\n<p>L&rsquo;ex-meilleur buteur de la Ligue des champions asiatique avait largement contribu\u00e9 \u00e0 la victoire d&rsquo;Al-Sadd contre les Iraniens de Sepahan (3-0), mardi \u00e0 Doha en match de la 2e journ\u00e9e de la phase de poules de la prestigieuse comp\u00e9tition des clubs, \u00e9dition 2020. \u00c0 l&rsquo;issue de la deuxi\u00e8me journ\u00e9e, Al-Sadd occupe la t\u00eate du groupe D avec 4 points, \u00e0 \u00e9galit\u00e9 avec Al-Nasr. Les deux premiers du groupe se qualifient pour le prochain tour.<br \/>\u00a0<\/p>\n<p class=\"c6\"><strong>R. A.<\/strong><\/p>\n<\/div>\n<div id=\"text_core\" readability=\"58\">\n<p>L&rsquo;international alg\u00e9rien d&rsquo;Al Sadd, Baghdad Bounedjah, a \u00e9t\u00e9 suspendu deux mois par la Conf\u00e9d\u00e9ration asiatique de football (AFC) pour ses critiques envers l&rsquo;arbitre de la demi-finale aller de la Ligue des champions, perdue face aux Saoudiens d&rsquo;Al-Hilal (1-4) en octobre 2019 \u00e0 Doha, a annonc\u00e9 le club qatari sur son compte twitter.<\/p>\n<p>L&rsquo;attaquant alg\u00e9rien avait s\u00e9v\u00e8rement critiqu\u00e9 l&rsquo;arbitre de la rencontre, l&rsquo;Omanais Aheme Al Kaf, qui avait expuls\u00e9 un joueur qatari et sorti un carton jaune pour Bounedjah, lequel a manqu\u00e9 la demi-finale retour remport\u00e9e par Al Sadd (4-2). Avec cette sanction, l&rsquo;ancien attaquant de l&rsquo;USM El-Harrach va manquer les deux prochains matchs de son \u00e9quipe contre les \u00c9miratis d&rsquo;Al-A\u00efn, avant son retour pr\u00e9vu en avril \u00e0 l&rsquo;occasion de la r\u00e9ception des Saoudiens d&rsquo;Al-Nasr.<\/p>\n<p>L&rsquo;ex-meilleur buteur de la Ligue des champions asiatique avait largement contribu\u00e9 \u00e0 la victoire d&rsquo;Al-Sadd contre les Iraniens de Sepahan (3-0), mardi \u00e0 Doha en match de la 2e journ\u00e9e de la phase de poules de la prestigieuse comp\u00e9tition des clubs, \u00e9dition 2020. \u00c0 l&rsquo;issue de la deuxi\u00e8me journ\u00e9e, Al-Sadd occupe la t\u00eate du groupe D avec 4 points, \u00e0 \u00e9galit\u00e9 avec Al-Nasr. Les deux premiers du groupe se qualifient pour le prochain tour.<br \/>\u00a0<\/p>\n<p class=\"c6\"><strong>R. A.<\/strong><\/p>\n<\/div>\n<p>Auteur:<br \/>\n<a href=\"https:\/\/www.liberte-algerie.com\/sports\/bounedjah-suspendu-2-mois-334336\">Cliquez ici pour lire l&rsquo;article depuis sa source.<\/a><\/p>\n","protected":false},"excerpt":{"rendered":"<p>L&rsquo;international alg\u00e9rien d&rsquo;Al Sadd, Baghdad Bounedjah, a \u00e9t\u00e9 suspendu deux mois par la Conf\u00e9d\u00e9ration asiatique de football (AFC) pour ses critiques envers l&rsquo;arbitre de la demi-finale aller de la Ligue des champions, perdue face aux Saoudiens d&rsquo;Al-Hilal (1-4) en octobre 2019 \u00e0 Doha, a annonc\u00e9 le club qatari sur son compte twitter. L&rsquo;attaquant alg\u00e9rien avait [&hellip;]<\/p>\n","protected":false},"author":1742,"featured_media":0,"comment_status":"closed","ping_status":"closed","sticky":false,"template":"","format":"standard","meta":{"fifu_image_url":"","fifu_image_alt":"","footnotes":""},"categories":[73,53],"tags":[],"class_list":["post-76823","post","type-post","status-publish","format-standard","hentry","category-actualite","category-algerie"],"_links":{"self":[{"href":"https:\/\/linitiative.ca\/International\/wp-json\/wp\/v2\/posts\/76823","targetHints":{"allow":["GET"]}}],"collection":[{"href":"https:\/\/linitiative.ca\/International\/wp-json\/wp\/v2\/posts"}],"about":[{"href":"https:\/\/linitiative.ca\/International\/wp-json\/wp\/v2\/types\/post"}],"author":[{"embeddable":true,"href":"https:\/\/linitiative.ca\/International\/wp-json\/wp\/v2\/users\/1742"}],"replies":[{"embeddable":true,"href":"https:\/\/linitiative.ca\/International\/wp-json\/wp\/v2\/comments?post=76823"}],"version-history":[{"count":0,"href":"https:\/\/linitiative.ca\/International\/wp-json\/wp\/v2\/posts\/76823\/revisions"}],"wp:attachment":[{"href":"https:\/\/linitiative.ca\/International\/wp-json\/wp\/v2\/media?parent=76823"}],"wp:term":[{"taxonomy":"category","embeddable":true,"href":"https:\/\/linitiative.ca\/International\/wp-json\/wp\/v2\/categories?post=76823"},{"taxonomy":"post_tag","embeddable":true,"href":"https:\/\/linitiative.ca\/International\/wp-json\/wp\/v2\/tags?post=76823"}],"curies":[{"name":"wp","href":"https:\/\/api.w.org\/{rel}","templated":true}]}}