{"id":76843,"date":"2020-02-22T15:14:45","date_gmt":"2020-02-22T20:14:45","guid":{"rendered":"https:\/\/linitiative.ca\/International\/international-mancity-guardiola-fait-une-annonce-de-taille-pour-son-avenir\/"},"modified":"2020-02-22T15:14:45","modified_gmt":"2020-02-22T20:14:45","slug":"international-mancity-guardiola-fait-une-annonce-de-taille-pour-son-avenir","status":"publish","type":"post","link":"https:\/\/linitiative.ca\/International\/international-mancity-guardiola-fait-une-annonce-de-taille-pour-son-avenir\/","title":{"rendered":"International : Mancity : Guardiola fait une annonce de taille pour son avenir"},"content":{"rendered":"<div readability=\"32\">\n<p>Auteur : <span class=\"time\">samedi 22 f\u00e9vrier 2020 18:31<\/span><\/p>\n<\/div>\n<div id=\"post_core\" readability=\"43\">\n<p>Le technicien espagnol a fait preuve d\u2019une grande transparence ce samedi en conf\u00e9rence de presse :<\/p>\n<p>\u00ab\u00a0Je veux rester un an de plus. Apr\u00e8s, \u00e7a va d\u00e9pendre des r\u00e9sultats. J\u2019ai parl\u00e9 de mon futur le mois dernier, je suis au club depuis quatre saisons. Si le club est heureux avec moi et tout le groupe, pourquoi ne pas envisager de prolonger le contrat ? Je veux me concentrer sur les trois mois qui viennent, il faut prendre les matchs les uns apr\u00e8s les autres. Il faut jouer du mieux possible, gagner nos matchs et ensuite on en parlera\u00a0\u00bb. Des propos relay\u00e9s par Football365.<\/p>\n<\/div>\n<p>Auteur:<br \/>\n<a href=\"http:\/\/www.lebuteur.com\/article\/detail?titre=mancity-guardiola-fait-une-annonce-de-taille-pour-son-avenir&#038;id=94937&#038;utm_source=feedburner&#038;utm_medium=feed&#038;utm_campaign=Feed%3A+GalerieFArtciles+%28Les+derniers+articles++-+lebuteur.com%29\">Cliquez ici pour lire l&rsquo;article depuis sa source.<\/a><\/p>\n","protected":false},"excerpt":{"rendered":"<p>Auteur : samedi 22 f\u00e9vrier 2020 18:31 Le technicien espagnol a fait preuve d\u2019une grande transparence ce samedi en conf\u00e9rence de presse : \u00ab\u00a0Je veux rester un an de plus. Apr\u00e8s, \u00e7a va d\u00e9pendre des r\u00e9sultats. J\u2019ai parl\u00e9 de mon futur le mois dernier, je suis au club depuis quatre saisons. Si le club est [&hellip;]<\/p>\n","protected":false},"author":1738,"featured_media":76844,"comment_status":"closed","ping_status":"closed","sticky":false,"template":"","format":"standard","meta":{"fifu_image_url":"","fifu_image_alt":"","footnotes":""},"categories":[53,75],"tags":[],"class_list":["post-76843","post","type-post","status-publish","format-standard","has-post-thumbnail","hentry","category-algerie","category-sport"],"_links":{"self":[{"href":"https:\/\/linitiative.ca\/International\/wp-json\/wp\/v2\/posts\/76843","targetHints":{"allow":["GET"]}}],"collection":[{"href":"https:\/\/linitiative.ca\/International\/wp-json\/wp\/v2\/posts"}],"about":[{"href":"https:\/\/linitiative.ca\/International\/wp-json\/wp\/v2\/types\/post"}],"author":[{"embeddable":true,"href":"https:\/\/linitiative.ca\/International\/wp-json\/wp\/v2\/users\/1738"}],"replies":[{"embeddable":true,"href":"https:\/\/linitiative.ca\/International\/wp-json\/wp\/v2\/comments?post=76843"}],"version-history":[{"count":0,"href":"https:\/\/linitiative.ca\/International\/wp-json\/wp\/v2\/posts\/76843\/revisions"}],"wp:featuredmedia":[{"embeddable":true,"href":"https:\/\/linitiative.ca\/International\/wp-json\/"}],"wp:attachment":[{"href":"https:\/\/linitiative.ca\/International\/wp-json\/wp\/v2\/media?parent=76843"}],"wp:term":[{"taxonomy":"category","embeddable":true,"href":"https:\/\/linitiative.ca\/International\/wp-json\/wp\/v2\/categories?post=76843"},{"taxonomy":"post_tag","embeddable":true,"href":"https:\/\/linitiative.ca\/International\/wp-json\/wp\/v2\/tags?post=76843"}],"curies":[{"name":"wp","href":"https:\/\/api.w.org\/{rel}","templated":true}]}}