{"id":76859,"date":"2020-02-22T11:17:00","date_gmt":"2020-02-22T16:17:00","guid":{"rendered":"https:\/\/linitiative.ca\/International\/mostaganem-les-distributeurs-de-lait-ne-decolerent-pas\/"},"modified":"2020-02-22T11:17:00","modified_gmt":"2020-02-22T16:17:00","slug":"mostaganem-les-distributeurs-de-lait-ne-decolerent-pas","status":"publish","type":"post","link":"https:\/\/linitiative.ca\/International\/mostaganem-les-distributeurs-de-lait-ne-decolerent-pas\/","title":{"rendered":"MOSTAGANEM : Les distributeurs de lait ne d\u00e9col\u00e8rent pas"},"content":{"rendered":"<p><br id=\"sep_para_1\" class=\"sep_para access\"\/><\/p>\n<div id=\"para_1\" class=\"para_35649075 resize\">\n<div class=\"texte access firstletter\">Ce mercredi pass\u00e9, certains des distributeurs de lait en sachet r\u00e9glement\u00e9 n\u2019en d\u00e9mordent pas\u00a0 dans leur action revendicative\u00a0 et ils l\u2019ont fait savoir une autre fois \u00e0 Mostaganem\u00a0 en protestant contre la d\u00e9cision interdisant la vente concomitante et le prix plafond de vente du lait reconstitu\u00e9 et subventionn\u00e9, a-t-on appris. Il a \u00e9t\u00e9 rapport\u00e9 que, selon certains de ces distributeurs de\u00a0 ce type de lait, ont argu\u00e9 que leur marge de profit unitaire n\u2019est\u00a0 que de 0,80 Dinar par sachet de lait livr\u00e9, laissant entendre que celle-ci est loin de couvrir toutes leurs charges, et dans ce cas, ce sont les soixante (60) distributeurs qui font de la distribution au d\u00e9taillant sans aucun int\u00e9r\u00eat avec les risques que cela impliquerait. Pour beaucoup de ces distributeurs, la livraison de 3000 unit\u00e9s de lait ne rapporterait pas plus 2700,00 Dinars, consid\u00e9r\u00e9s comme un revenu assez faible au point de ne pouvoir couvrir les charges d\u2019exploitation qui sont estim\u00e9es entre 6000 et 7000 Dinars, ont-ils indiqu\u00e9. Pour faire valoir leur raisonnement par rapport \u00e0 d\u2019autres distributeurs qui ach\u00e8tent le sachet de lait \u00e0 24,10 Dinars pour le revendre aux d\u00e9taillants \u00e0 24,20 Dinars, ils estiment que ce n\u2019est pas une r\u00e9f\u00e9rence objective \u00e0 prendre en consid\u00e9ration car, dans la r\u00e9alit\u00e9, ce n\u2019est pas avec un taux de profit de 1% que le distributeur de sachets de lait\u00a0 r\u00e9glement\u00e9 ,pourra faire face \u00e0 toutes les charges d\u2019exploitation de son activit\u00e9. Apparemment, le bras de fer entre le d\u00e9partement du Commerce et celui des distributeurs de lait subventionn\u00e9, demeure et avec lui le probl\u00e8me de fond qui est la marge b\u00e9n\u00e9ficiaire, jug\u00e9e tr\u00e8s insuffisante, par les livreurs agr\u00e9\u00e9s\u00a0\u00a0\u00a0\u00a0\u00a0<\/div>\n<\/div>\n<p>Auteur: Y.Zahachi<br \/>\n<a href=\"https:\/\/www.reflexiondz.net\/MOSTAGANEM-Les-distributeurs-de-lait-ne-decolerent-pas_a60807.html\">Cliquez ici pour lire l&rsquo;article depuis sa source.<\/a><\/p>\n","protected":false},"excerpt":{"rendered":"<p>Ce mercredi pass\u00e9, certains des distributeurs de lait en sachet r\u00e9glement\u00e9 n\u2019en d\u00e9mordent pas\u00a0 dans leur action revendicative\u00a0 et ils l\u2019ont fait savoir une autre fois \u00e0 Mostaganem\u00a0 en protestant contre la d\u00e9cision interdisant la vente concomitante et le prix plafond de vente du lait reconstitu\u00e9 et subventionn\u00e9, a-t-on appris. Il a \u00e9t\u00e9 rapport\u00e9 que, [&hellip;]<\/p>\n","protected":false},"author":1740,"featured_media":0,"comment_status":"closed","ping_status":"closed","sticky":false,"template":"","format":"standard","meta":{"fifu_image_url":"","fifu_image_alt":"","footnotes":""},"categories":[53,76],"tags":[],"class_list":["post-76859","post","type-post","status-publish","format-standard","hentry","category-algerie","category-regions"],"_links":{"self":[{"href":"https:\/\/linitiative.ca\/International\/wp-json\/wp\/v2\/posts\/76859","targetHints":{"allow":["GET"]}}],"collection":[{"href":"https:\/\/linitiative.ca\/International\/wp-json\/wp\/v2\/posts"}],"about":[{"href":"https:\/\/linitiative.ca\/International\/wp-json\/wp\/v2\/types\/post"}],"author":[{"embeddable":true,"href":"https:\/\/linitiative.ca\/International\/wp-json\/wp\/v2\/users\/1740"}],"replies":[{"embeddable":true,"href":"https:\/\/linitiative.ca\/International\/wp-json\/wp\/v2\/comments?post=76859"}],"version-history":[{"count":0,"href":"https:\/\/linitiative.ca\/International\/wp-json\/wp\/v2\/posts\/76859\/revisions"}],"wp:attachment":[{"href":"https:\/\/linitiative.ca\/International\/wp-json\/wp\/v2\/media?parent=76859"}],"wp:term":[{"taxonomy":"category","embeddable":true,"href":"https:\/\/linitiative.ca\/International\/wp-json\/wp\/v2\/categories?post=76859"},{"taxonomy":"post_tag","embeddable":true,"href":"https:\/\/linitiative.ca\/International\/wp-json\/wp\/v2\/tags?post=76859"}],"curies":[{"name":"wp","href":"https:\/\/api.w.org\/{rel}","templated":true}]}}