{"id":76868,"date":"2020-02-22T05:05:00","date_gmt":"2020-02-22T10:05:00","guid":{"rendered":"https:\/\/linitiative.ca\/International\/lhommage-de-hafedh-caid-essebsi-a-jean-daniel-lami-le-journaliste-et-lecrivain\/"},"modified":"2020-02-22T05:05:00","modified_gmt":"2020-02-22T10:05:00","slug":"lhommage-de-hafedh-caid-essebsi-a-jean-daniel-lami-le-journaliste-et-lecrivain","status":"publish","type":"post","link":"https:\/\/linitiative.ca\/International\/lhommage-de-hafedh-caid-essebsi-a-jean-daniel-lami-le-journaliste-et-lecrivain\/","title":{"rendered":"L&rsquo;hommage de Hafedh Ca\u00efd Essebsi \u00e0 Jean Daniel, \u2018\u2019l\u2019ami, le journaliste et l&rsquo;\u00e9crivain&#8230;\u2019\u2019"},"content":{"rendered":"<p><img loading=\"lazy\" decoding=\"async\" src=\"\/uploads\/FCK_files\/Hafedh%20Caid%20Essebsi.jpg\" width=\"180\" height=\"218\" vspace=\"5\" hspace=\"5\" align=\"left\" alt=\"\"\/>Le plus brillant des grands journalistes fran\u00e7ais, Jean Daniel, s&rsquo;est \u00e9teint \u00e0 l&rsquo;aube de son centi\u00e8me anniversaire&#8230;<\/p>\n<p>C&rsquo;est avec une grande tristesse que j&rsquo;\u00e9cris ces quelques lignes en t\u00e9moignage \u00e0 l&rsquo;illustre journaliste, au grand \u00e9crivain. Mais aussi, au fid\u00e8le ami que la Tunisie vient de perdre, et \u00e9galement \u00e0 l&rsquo;homme exceptionnel qui a travers\u00e9 le si\u00e8cle, et qui fut \u00e0 la fois un t\u00e9moin, un acteur et une conscience par son \u0153uvre, son action et ses nombreuses publications, ouvrages et \u00e9ditoriaux&#8230;<\/p>\n<p>Il s&rsquo;\u00e9tait affirm\u00e9 comme \u00e9tant le plus fin des connaisseurs de la g\u00e9opolitique du Maghreb.<\/p>\n<p>Il \u00e9tait autant l&rsquo;ami du Pr\u00e9sident Habib Bourguiba, que de si Taieb el M\u2019hiri, si el Hedi Nouira, si Mohamed el Masmoudi, si B\u00e9chir Ben Yahmed, et aussi un proche de mon p\u00e8re le Pr\u00e9sident Beji Ca\u00efd Essebsi avec lequel il entretenait une relation de sinc\u00e9rit\u00e9 et d&rsquo;amiti\u00e9 qui s&rsquo;\u00e9tait renforc\u00e9e du temps o\u00f9 feu le Pr\u00e9sident \u00e9tait alors Ambassadeur \u00e0 Paris. D&rsquo;ailleurs, \u00e0 cette \u00e9poque, jeune enfant vivant aux c\u00f4t\u00e9s de mon p\u00e8re en France, je me rappelle encore de ses longues visites et de leurs interminables discussions au 25 rue Barbet de Jouy.<\/p>\n<p>Ce natif de Blida, \u00e0 quelques encablures d\u2019Alger, en 1920 avait fait de la Tunisie sa seconde patrie.<\/p>\n<p><img loading=\"lazy\" decoding=\"async\" src=\"\/uploads\/FCK_files\/BCE%20Jean%20daniel%203.jpg\" width=\"315\" height=\"360\" vspace=\"5\" hspace=\"5\" align=\"middle\" alt=\"\"\/><\/p>\n<p><img loading=\"lazy\" decoding=\"async\" src=\"\/uploads\/FCK_files\/BCE%20Jean%20Daniel%201.jpg\" width=\"349\" height=\"320\" vspace=\"5\" hspace=\"5\" align=\"middle\" alt=\"\"\/><br \/>Et en juillet 1961, en reportage \u00e0 Bizerte, il \u00e9tait gravement bless\u00e9 par des tirs de l&rsquo;arm\u00e9e fran\u00e7aise, et avait alors fr\u00f4l\u00e9 de tr\u00e8s pr\u00e8s la mort.<\/p>\n<p>D\u00e9sormais, le doyen des journalistes fran\u00e7ais, connu aussi pour son engagement envers le peuple alg\u00e9rien et son Alg\u00e9rie natale, devenu fondateur et directeur du Nouvel observateur qui a sillonn\u00e9 le monde et couvert les grands \u00e9v\u00e9nements contemporains, nous a quitt\u00e9 apr\u00e8s une longue vie d&rsquo;engagement&#8230;<\/p>\n<p><img loading=\"lazy\" decoding=\"async\" src=\"\/uploads\/FCK_files\/BCE%20Jean%20Daniel.jpg\" width=\"287\" height=\"466\" vspace=\"5\" hspace=\"5\" align=\"middle\" alt=\"\"\/><\/p>\n<p>En ces douloureuses circonstances, J&rsquo;associe la m\u00e9moire de mon d\u00e9funt p\u00e8re \u00e0 la peine de sa famille et \u00e0 la tristesse de ses amis.<\/p>\n<p>Qu&rsquo;il repose en paix&#8230;<\/p>\n<p><strong>Hafedh Ca\u00efd Essebsi<\/strong><\/p>\n<p>Auteur:<br \/>\n<a href=\"https:\/\/www.leaders.com.tn\/article\/29210-l-hommage-de-hafedh-caid-essebsi-a-jean-daniel-l-ami-le-journaliste-et-l-ecrivain\">Cliquez ici pour lire l&rsquo;article depuis sa source.<\/a><\/p>\n","protected":false},"excerpt":{"rendered":"<p>Le plus brillant des grands journalistes fran\u00e7ais, Jean Daniel, s&rsquo;est \u00e9teint \u00e0 l&rsquo;aube de son centi\u00e8me anniversaire&#8230; C&rsquo;est avec une grande tristesse que j&rsquo;\u00e9cris ces quelques lignes en t\u00e9moignage \u00e0 l&rsquo;illustre journaliste, au grand \u00e9crivain. Mais aussi, au fid\u00e8le ami que la Tunisie vient de perdre, et \u00e9galement \u00e0 l&rsquo;homme exceptionnel qui a travers\u00e9 le [&hellip;]<\/p>\n","protected":false},"author":1772,"featured_media":76869,"comment_status":"closed","ping_status":"closed","sticky":false,"template":"","format":"standard","meta":{"fifu_image_url":"","fifu_image_alt":"","footnotes":""},"categories":[73,55],"tags":[],"class_list":["post-76868","post","type-post","status-publish","format-standard","has-post-thumbnail","hentry","category-actualite","category-tunisie"],"_links":{"self":[{"href":"https:\/\/linitiative.ca\/International\/wp-json\/wp\/v2\/posts\/76868","targetHints":{"allow":["GET"]}}],"collection":[{"href":"https:\/\/linitiative.ca\/International\/wp-json\/wp\/v2\/posts"}],"about":[{"href":"https:\/\/linitiative.ca\/International\/wp-json\/wp\/v2\/types\/post"}],"author":[{"embeddable":true,"href":"https:\/\/linitiative.ca\/International\/wp-json\/wp\/v2\/users\/1772"}],"replies":[{"embeddable":true,"href":"https:\/\/linitiative.ca\/International\/wp-json\/wp\/v2\/comments?post=76868"}],"version-history":[{"count":0,"href":"https:\/\/linitiative.ca\/International\/wp-json\/wp\/v2\/posts\/76868\/revisions"}],"wp:featuredmedia":[{"embeddable":true,"href":"https:\/\/linitiative.ca\/International\/wp-json\/"}],"wp:attachment":[{"href":"https:\/\/linitiative.ca\/International\/wp-json\/wp\/v2\/media?parent=76868"}],"wp:term":[{"taxonomy":"category","embeddable":true,"href":"https:\/\/linitiative.ca\/International\/wp-json\/wp\/v2\/categories?post=76868"},{"taxonomy":"post_tag","embeddable":true,"href":"https:\/\/linitiative.ca\/International\/wp-json\/wp\/v2\/tags?post=76868"}],"curies":[{"name":"wp","href":"https:\/\/api.w.org\/{rel}","templated":true}]}}