{"id":76904,"date":"2020-02-23T05:43:27","date_gmt":"2020-02-23T10:43:27","guid":{"rendered":"https:\/\/linitiative.ca\/International\/le-pps-invite-au-18e-congres-des-palestiniens-deurope\/"},"modified":"2020-02-23T05:43:27","modified_gmt":"2020-02-23T10:43:27","slug":"le-pps-invite-au-18e-congres-des-palestiniens-deurope","status":"publish","type":"post","link":"https:\/\/linitiative.ca\/International\/le-pps-invite-au-18e-congres-des-palestiniens-deurope\/","title":{"rendered":"Le PPS invit\u00e9 au 18e Congr\u00e8s des Palestiniens d\u2019Europe"},"content":{"rendered":"<p class=\"has-background has-pale-cyan-blue-background-color\"><strong>Une d\u00e9l\u00e9gation du Congr\u00e8s des Palestiniens d\u2019Europe, conduite par son pr\u00e9sident Majedal-Zeer, a \u00e9t\u00e9 re\u00e7ue, jeudi en milieu d\u2019apr\u00e8s-midi au si\u00e8ge national du Parti du progr\u00e8s et du socialisme \u00e0 Rabat, par une d\u00e9l\u00e9gation du PPS, conduite par Karim Taj, membre du Bureau politique du Parti, qui a \u00e9t\u00e9 invit\u00e9 \u00e0 participer au 18<\/strong><sup><strong>e<\/strong><\/sup><strong>Congr\u00e8s des Palestiniens d\u2019Europe, pr\u00e9vu le 5 avril prochain \u00e0 Paris.<\/strong><\/p>\n<p>Faisaient partie de la d\u00e9l\u00e9gation du PPS outre Karim Taj, d\u2019autres membres du BP (Azzouz Senhaji, Rachid Roukbane et Nadia Touhami) ainsi que Grine Abied, membre du Conseil de la pr\u00e9sidence du parti et membre de la direction de l\u2019Association marocaine de soutien \u00e0 la lutte palestinienne (AMSLP) et Abdelahafid Oulalou, membre du Comit\u00e9 central et vice-pr\u00e9sident de l\u2019AMSLP.<\/p>\n<p>Quant \u00e0 la d\u00e9l\u00e9gation du Congr\u00e8s des Palestiniens d\u2019Europe, conduite par son pr\u00e9sident Majedal-Zeer, elle se composait de Charif Amine Abou Rachid, secr\u00e9taire du Congr\u00e8s et pr\u00e9sident du Bayt palestinien aux Pays Bas et Mohamed Hanoune, membre du Conseil d\u2019Administration du Congr\u00e8s et pr\u00e9sident du Rassemblement palestinien en Italie.<\/p>\n<p>D\u2019entr\u00e9e, le pr\u00e9sident de la d\u00e9l\u00e9gation palestinienne a salu\u00e9 la position constante de soutien du Maroc, Roi, gouvernement, parlement et peuple, \u00e0 la cause palestinienne, tout en rendant \u00e9galement un vibrant hommage aux Marocains du monde partout en Europe pour leur soutien et appui ind\u00e9fectibles \u00e0 la cause palestinienne. Partout ils se trouvent, ils expriment par tous les moyens leur soutien et leur amour envers le peuple palestinien, ont expliqu\u00e9 les membres de la d\u00e9l\u00e9gation palestinienne.<\/p>\n<p>Lui r\u00e9pondant, Karim Taj a indiqu\u00e9 que le PPS a toujours soutenu et soutiendra toujours la cause palestinienne jusqu\u2019\u00e0 la victoire finale, pr\u00e9cisant que le parti ne manquera pas de r\u00e9pondre favorablement \u00e0 l\u2019invitation de participer au 18<sup>e<\/sup> Congr\u00e8s des Palestiniens d\u2019Europe.<\/p>\n<p>D\u2019autres membres ont insist\u00e9 sur la n\u00e9cessit\u00e9 pour les Palestiniens, toutes tendances confondues, d\u2019unifier leurs rangs pour pouvoir faire face \u00e0 leur ennemi commun et \u00e0 la colonisation isra\u00e9lienne, en particulier en cette p\u00e9riode difficile, marqu\u00e9e par l\u2019offensive diplomatique et politique visant \u00e0 la liquidation de la cause palestinienne par le biais de la soi-disant \u00abtransaction du si\u00e8cle\u00bb, qui a tout donn\u00e9 \u00e0 Isra\u00ebl et r\u00e9serv\u00e9 un avenir mis\u00e9rable, sans patrie et sans perspectives au peuple palestinien.<\/p>\n<p>De son cot\u00e9, Abdelahafid Oulalou, vice-pr\u00e9sident de l\u2019AMSLP a fait savoir que l\u2019association regroupe toutes les forces politiques nationales (partis politiques, syndicats, associations, ONG, etc\u2026), qui soutiennent la cause palestinienne.<\/p>\n<p>Selon lui, les Marocains, toutes tendances confondues, laissent de c\u00f4t\u00e9 leurs divergences, quand il s\u2019agit de la Palestine, que le Maroc consid\u00e8re comme une cause nationale derri\u00e8re la question de l\u2019int\u00e9grit\u00e9 territoriale du Royaume. Il a \u00e9galement rappel\u00e9 que cet engagement du Maroc est confort\u00e9 aussi par le fait que c\u2019est Sa Majest\u00e9 le Roi Mohammed VI, qui pr\u00e9side le Comit\u00e9 Al Qods, sans oublier les rapports humains et historiques que les Marocains entretiennent avec la ville sainte.<\/p>\n<p>Le 18<sup>\u00e8me<\/sup> Congr\u00e8s des Palestiniens d\u2019Europe est \u00a0pr\u00e9vu dimanche 5 avril prochain, aux Docks de Paris avec la participation des membres de la diaspora palestinienne et de nombreux invit\u00e9s dont les Marocains du monde. Ses travaux seront ponctu\u00e9s par des conf\u00e9rences et de nombreux stands.<\/p>\n<p>Ce 8\u00e8me Congr\u00e8s des Palestiniens d\u2019Europe est organis\u00e9 sous le th\u00e8me : \u00abNotre retour est proche, notre capitale est J\u00e9rusalem ; NON au Deal du si\u00e8cle\u00bb.<\/p>\n<p class=\"c2\"><strong>M\u2019Barek Tafsi<\/strong><\/p>\n<p>Auteur: M&rsquo;hammed rahal<br \/>\n<a href=\"http:\/\/albayane.press.ma\/le-pps-invite-au-18e-congres-des-palestiniens-deurope.html\">Cliquez ici pour lire l&rsquo;article depuis sa source.<\/a><\/p>\n","protected":false},"excerpt":{"rendered":"<p>Une d\u00e9l\u00e9gation du Congr\u00e8s des Palestiniens d\u2019Europe, conduite par son pr\u00e9sident Majedal-Zeer, a \u00e9t\u00e9 re\u00e7ue, jeudi en milieu d\u2019apr\u00e8s-midi au si\u00e8ge national du Parti du progr\u00e8s et du socialisme \u00e0 Rabat, par une d\u00e9l\u00e9gation du PPS, conduite par Karim Taj, membre du Bureau politique du Parti, qui a \u00e9t\u00e9 invit\u00e9 \u00e0 participer au 18eCongr\u00e8s des [&hellip;]<\/p>\n","protected":false},"author":1760,"featured_media":0,"comment_status":"closed","ping_status":"closed","sticky":false,"template":"","format":"standard","meta":{"fifu_image_url":"","fifu_image_alt":"","footnotes":""},"categories":[73,54],"tags":[],"class_list":["post-76904","post","type-post","status-publish","format-standard","hentry","category-actualite","category-maroc"],"_links":{"self":[{"href":"https:\/\/linitiative.ca\/International\/wp-json\/wp\/v2\/posts\/76904","targetHints":{"allow":["GET"]}}],"collection":[{"href":"https:\/\/linitiative.ca\/International\/wp-json\/wp\/v2\/posts"}],"about":[{"href":"https:\/\/linitiative.ca\/International\/wp-json\/wp\/v2\/types\/post"}],"author":[{"embeddable":true,"href":"https:\/\/linitiative.ca\/International\/wp-json\/wp\/v2\/users\/1760"}],"replies":[{"embeddable":true,"href":"https:\/\/linitiative.ca\/International\/wp-json\/wp\/v2\/comments?post=76904"}],"version-history":[{"count":0,"href":"https:\/\/linitiative.ca\/International\/wp-json\/wp\/v2\/posts\/76904\/revisions"}],"wp:attachment":[{"href":"https:\/\/linitiative.ca\/International\/wp-json\/wp\/v2\/media?parent=76904"}],"wp:term":[{"taxonomy":"category","embeddable":true,"href":"https:\/\/linitiative.ca\/International\/wp-json\/wp\/v2\/categories?post=76904"},{"taxonomy":"post_tag","embeddable":true,"href":"https:\/\/linitiative.ca\/International\/wp-json\/wp\/v2\/tags?post=76904"}],"curies":[{"name":"wp","href":"https:\/\/api.w.org\/{rel}","templated":true}]}}