{"id":76905,"date":"2020-02-23T05:51:34","date_gmt":"2020-02-23T10:51:34","guid":{"rendered":"https:\/\/linitiative.ca\/International\/fin-de-quarantaine-pour-les-marocains-de-wuhan\/"},"modified":"2020-02-23T05:51:34","modified_gmt":"2020-02-23T10:51:34","slug":"fin-de-quarantaine-pour-les-marocains-de-wuhan","status":"publish","type":"post","link":"https:\/\/linitiative.ca\/International\/fin-de-quarantaine-pour-les-marocains-de-wuhan\/","title":{"rendered":"Fin de quarantaine pour les Marocains de Wuhan"},"content":{"rendered":"<p class=\"has-text-color c2\"><strong>Les 167 \u00e9tudiants de la ville de Wuhan, foyer du coronavirus en Chine, rapatri\u00e9s le 2 f\u00e9vrier sur instructions de SM le Roi Mohammed VI, terminent, ce samedi, leur mise en quarantaine de 20 jours.<\/strong><\/p>\n<p>Un appareil de la RAM avait \u00e9t\u00e9 sp\u00e9cialement affr\u00e9t\u00e9 \u00e0 cet effet. D\u00e8s leur arriv\u00e9e au Maroc, ils ont \u00e9t\u00e9 confin\u00e9s pour demeurer en observation durant 20 jours. Cette dur\u00e9e \u00e9tant \u00e9puis\u00e9e, les \u00e9tudiants pourront rejoindre leur domicile, d\u00e8s ce samedi 22 f\u00e9vrier.<\/p>\n<p>Rappelons que d\u00e8s leur arriv\u00e9e sur le sol marocain, les 167 \u00e9tudiants de Wuhan, dont 50 femmes, ont \u00e9t\u00e9 plac\u00e9s sous \u00e9troite surveillance m\u00e9dicale. Tous, ils pourront rentrer chez eux, sains et saufs. Leur \u00e9tat de sant\u00e9 \u00e9tant qualifi\u00e9 d\u2019excellent\u00bb.<\/p>\n<p>Ils \u00e9taient r\u00e9partis entre deux centres hospitaliers. L\u2019h\u00f4pital Sidi Sa\u00efd de Mekn\u00e8s a re\u00e7u 90 \u00e9tudiants, et l\u2019h\u00f4pital militaire de Mohammed V de Rabat en a re\u00e7u 77, dont 19 femmes.\u00a0 Ces deux structures ont \u00e9t\u00e9 minutieusement am\u00e9nag\u00e9es pour les accueillir dans des conditions optimales.<\/p>\n<p>Signalons aussi que le Centre de virologie, des maladies infectieuses et tropicales, qui rel\u00e8ve de l\u2019H\u00f4pital militaire Mohammed V de Rabat, est le seul centre m\u00e9dical \u00e0 la pointe de la modernit\u00e9 que compte le continent africain.<\/p>\n<p>Pour rappel, l\u2019\u00e9pid\u00e9mie du \u00a0coronavirus s\u2019est d\u00e9clar\u00e9e au grand jour le 8 d\u00e9cembre 2019. Depuis le d\u00e9but de la propagation de la maladie, ce fl\u00e9au a fait 2247 morts en Chine continentale. Et, \u00e0 valeur de vendredi 21 f\u00e9vrier, plus de 75000 contaminations ont \u00e9t\u00e9 enregistr\u00e9es.<\/p>\n<p>Il est \u00e0 noter que depuis le d\u00e9but de l\u2019\u00e9pid\u00e9mie, des centaines de cas ont \u00e9t\u00e9 recens\u00e9 dans 25 pays. Aussi, la Commission nationale de la Sant\u00e9 (Chine), fait \u00e9tat de 889 nouveaux cas de contaminations confirm\u00e9s en 24H en Chine, hors Hong Kong et Macao.<\/p>\n<p class=\"c3\"><strong>Karim Ben Amar<\/strong><\/p>\n<p>Auteur: M&rsquo;hammed rahal<br \/>\n<a href=\"http:\/\/albayane.press.ma\/fin-de-quarantaine-pour-les-marocains-de-wuhan.html\">Cliquez ici pour lire l&rsquo;article depuis sa source.<\/a><\/p>\n","protected":false},"excerpt":{"rendered":"<p>Les 167 \u00e9tudiants de la ville de Wuhan, foyer du coronavirus en Chine, rapatri\u00e9s le 2 f\u00e9vrier sur instructions de SM le Roi Mohammed VI, terminent, ce samedi, leur mise en quarantaine de 20 jours. Un appareil de la RAM avait \u00e9t\u00e9 sp\u00e9cialement affr\u00e9t\u00e9 \u00e0 cet effet. D\u00e8s leur arriv\u00e9e au Maroc, ils ont \u00e9t\u00e9 [&hellip;]<\/p>\n","protected":false},"author":1760,"featured_media":0,"comment_status":"closed","ping_status":"closed","sticky":false,"template":"","format":"standard","meta":{"fifu_image_url":"","fifu_image_alt":"","footnotes":""},"categories":[73,54],"tags":[],"class_list":["post-76905","post","type-post","status-publish","format-standard","hentry","category-actualite","category-maroc"],"_links":{"self":[{"href":"https:\/\/linitiative.ca\/International\/wp-json\/wp\/v2\/posts\/76905","targetHints":{"allow":["GET"]}}],"collection":[{"href":"https:\/\/linitiative.ca\/International\/wp-json\/wp\/v2\/posts"}],"about":[{"href":"https:\/\/linitiative.ca\/International\/wp-json\/wp\/v2\/types\/post"}],"author":[{"embeddable":true,"href":"https:\/\/linitiative.ca\/International\/wp-json\/wp\/v2\/users\/1760"}],"replies":[{"embeddable":true,"href":"https:\/\/linitiative.ca\/International\/wp-json\/wp\/v2\/comments?post=76905"}],"version-history":[{"count":0,"href":"https:\/\/linitiative.ca\/International\/wp-json\/wp\/v2\/posts\/76905\/revisions"}],"wp:attachment":[{"href":"https:\/\/linitiative.ca\/International\/wp-json\/wp\/v2\/media?parent=76905"}],"wp:term":[{"taxonomy":"category","embeddable":true,"href":"https:\/\/linitiative.ca\/International\/wp-json\/wp\/v2\/categories?post=76905"},{"taxonomy":"post_tag","embeddable":true,"href":"https:\/\/linitiative.ca\/International\/wp-json\/wp\/v2\/tags?post=76905"}],"curies":[{"name":"wp","href":"https:\/\/api.w.org\/{rel}","templated":true}]}}