{"id":76906,"date":"2020-02-23T13:04:17","date_gmt":"2020-02-23T18:04:17","guid":{"rendered":"https:\/\/linitiative.ca\/International\/journees-cinematographiques-de-khenchela-appel-a-la-reouverture-de-la-cinematheque\/"},"modified":"2020-02-23T13:04:17","modified_gmt":"2020-02-23T18:04:17","slug":"journees-cinematographiques-de-khenchela-appel-a-la-reouverture-de-la-cinematheque","status":"publish","type":"post","link":"https:\/\/linitiative.ca\/International\/journees-cinematographiques-de-khenchela-appel-a-la-reouverture-de-la-cinematheque\/","title":{"rendered":"Journ\u00e9es cin\u00e9matographiques de Khenchela: appel \u00e0 la r\u00e9ouverture de la cin\u00e9math\u00e8que"},"content":{"rendered":"<div readability=\"36\">\n<p><strong>KHENCHELA &#8211; Les participants \u00e0 la c\u00e9r\u00e9monie de cl\u00f4ture des premi\u00e8res journ\u00e9es cin\u00e9matographiques de Khenchela, organis\u00e9e \u00e0 la maison de la culture Ali Souaihi, ont appel\u00e9 \u00e0 la r\u00e9ouverture de la cin\u00e9math\u00e8que de la ville pour les f\u00e9rus du septi\u00e8me art.<\/strong><\/p>\n<\/div>\n<div readability=\"65.5217391304\">\n<p>La r\u00e9ouverture de la cin\u00e9math\u00e8que, situ\u00e9e au centre ville de Khenchela et ferm\u00e9e depuis plus de 8 ans, figure parmi les recommandations \u00e9mises au terme des premi\u00e8res Journ\u00e9es cin\u00e9matographiques de Khenchela, dont les participants ont appel\u00e9 \u00e0 officialiser par le minist\u00e8re de tutelle.<\/p>\n<p>La cr\u00e9ation d&rsquo;un Club de cin\u00e9ma \u00e0 la maison de la culture Ali Souaihi de Khenchela a \u00e9t\u00e9 pr\u00e9conis\u00e9e pour contenir, encadrer et mettre en valeur les talents en herbes d\u00e9couverts dans le cadre de la manifestation culturelle.<\/p>\n<hr\/>\n<h3>Lire aussi:\u00a0<a href=\"http:\/\/www.aps.dz\/culture\/101846-khenchela-ouverture-de-la-1e-edition-des-journees-cinematographiques\" target=\"_blank\" rel=\"noopener noreferrer\">Khenchela: ouverture de la 1e \u00e9dition des journ\u00e9es cin\u00e9matographiques<\/a><\/h3>\n<hr\/>\n<p>Le directeur de la maison de la culture, Noureddine Kouidri, a salu\u00e9 les efforts des artistes Djamel Dekkar, Hassan Allaoua, Feroudji Mabrouk et C\u00e9line Sahraoui, qui ont anim\u00e9s et encadr\u00e9s les diff\u00e9rents ateliers organis\u00e9s au profit des jeunes dans le cadre de la 1\u00e8re \u00e9dition des Journ\u00e9es cin\u00e9matographiques de Khenchela.<\/p>\n<blockquote readability=\"12\">\n<p><em><strong>Un film documentaire sur le parcours de l&rsquo;artiste cin\u00e9matographique \u00e9tabli \u00e0 l\u2019\u00e9tranger, Omar Hakkar, issu du village Ferngal de Khenchela, a \u00e9t\u00e9 diffus\u00e9 lors de la cl\u00f4ture de la manifestation culturelle, qui a \u00e9t\u00e9 mise \u00e0 profit pour honorer l&rsquo;artiste pour ses contributions durant plus d&rsquo;une trentaine d&rsquo;ann\u00e9e au cin\u00e9ma alg\u00e9rien.<\/strong><\/em><\/p>\n<\/blockquote>\n<p>La premi\u00e8re \u00e9dition des Journ\u00e9e cin\u00e9matographiques de Khenchela, organis\u00e9e du 18 au 22 f\u00e9vrier, sous le slogan \u00ab\u00a0La R\u00e9volution lib\u00e9ratrice, vue par le cin\u00e9ma alg\u00e9rien\u00a0\u00bb, a \u00e9t\u00e9 marqu\u00e9e par la projection de dix films (10) sur la R\u00e9volution alg\u00e9rienne \u00e0 la maison de la culture et, par le cin\u00e9ma mobile, dans les communes de Tamaza, Ka\u00efs et Chechar.<\/p>\n<\/div>\n<p>Auteur:<br \/>\n<a href=\"http:\/\/www.aps.dz\/culture\/102028-journees-cinematographiques-de-khenchela-appel-a-la-reouverture-de-la-cinematheque\">Cliquez ici pour lire l&rsquo;article depuis sa source.<\/a><\/p>\n","protected":false},"excerpt":{"rendered":"<p>KHENCHELA &#8211; Les participants \u00e0 la c\u00e9r\u00e9monie de cl\u00f4ture des premi\u00e8res journ\u00e9es cin\u00e9matographiques de Khenchela, organis\u00e9e \u00e0 la maison de la culture Ali Souaihi, ont appel\u00e9 \u00e0 la r\u00e9ouverture de la cin\u00e9math\u00e8que de la ville pour les f\u00e9rus du septi\u00e8me art. La r\u00e9ouverture de la cin\u00e9math\u00e8que, situ\u00e9e au centre ville de Khenchela et ferm\u00e9e depuis [&hellip;]<\/p>\n","protected":false},"author":1790,"featured_media":0,"comment_status":"closed","ping_status":"closed","sticky":false,"template":"","format":"standard","meta":{"fifu_image_url":"","fifu_image_alt":"","footnotes":""},"categories":[53,79],"tags":[],"class_list":["post-76906","post","type-post","status-publish","format-standard","hentry","category-algerie","category-culture"],"_links":{"self":[{"href":"https:\/\/linitiative.ca\/International\/wp-json\/wp\/v2\/posts\/76906","targetHints":{"allow":["GET"]}}],"collection":[{"href":"https:\/\/linitiative.ca\/International\/wp-json\/wp\/v2\/posts"}],"about":[{"href":"https:\/\/linitiative.ca\/International\/wp-json\/wp\/v2\/types\/post"}],"author":[{"embeddable":true,"href":"https:\/\/linitiative.ca\/International\/wp-json\/wp\/v2\/users\/1790"}],"replies":[{"embeddable":true,"href":"https:\/\/linitiative.ca\/International\/wp-json\/wp\/v2\/comments?post=76906"}],"version-history":[{"count":0,"href":"https:\/\/linitiative.ca\/International\/wp-json\/wp\/v2\/posts\/76906\/revisions"}],"wp:attachment":[{"href":"https:\/\/linitiative.ca\/International\/wp-json\/wp\/v2\/media?parent=76906"}],"wp:term":[{"taxonomy":"category","embeddable":true,"href":"https:\/\/linitiative.ca\/International\/wp-json\/wp\/v2\/categories?post=76906"},{"taxonomy":"post_tag","embeddable":true,"href":"https:\/\/linitiative.ca\/International\/wp-json\/wp\/v2\/tags?post=76906"}],"curies":[{"name":"wp","href":"https:\/\/api.w.org\/{rel}","templated":true}]}}