{"id":76914,"date":"2020-02-22T17:01:26","date_gmt":"2020-02-22T22:01:26","guid":{"rendered":"https:\/\/linitiative.ca\/International\/plaidoyer-pour-ladaptation-aux-mutations-societales-et-ecologiques\/"},"modified":"2020-02-22T17:01:26","modified_gmt":"2020-02-22T22:01:26","slug":"plaidoyer-pour-ladaptation-aux-mutations-societales-et-ecologiques","status":"publish","type":"post","link":"https:\/\/linitiative.ca\/International\/plaidoyer-pour-ladaptation-aux-mutations-societales-et-ecologiques\/","title":{"rendered":"Plaidoyer pour l\u2019adaptation aux mutations soci\u00e9tales et \u00e9cologiques"},"content":{"rendered":"<div readability=\"37\">\n<p>Marrakech \u2013 Les participants au 6\u00e8 congr\u00e8s national de l\u2019Association des Enseignants des Sciences de la Vie et de la Terre (AESVT- Maroc), ont plaid\u00e9, samedi \u00e0 Marrakech, en faveur de l\u2019acc\u00e9l\u00e9ration du rythme d\u2019adaptation aux grandes mutations soci\u00e9tales et \u00e9cologiques.<\/p>\n<\/div>\n<div readability=\"130\">\n<p>Les intervenants \u00e0 cet \u00e9v\u00e9nement, plac\u00e9 sous le th\u00e8me \u00ab\u00a0l\u2019\u00e9ducation, levier essentiel pour l\u2019atteinte des Objectifs de D\u00e9veloppement Durable (ODD) et pilier d\u2019introduction d\u2019un nouveau mod\u00e8le de d\u00e9veloppement\u00a0\u00bb, ont soulign\u00e9 l\u2019urgence de d\u00e9velopper de nouveaux m\u00e9canismes et approches aptes \u00e0 accompagner les grandes \u00e9volutions qui marquent le monde actuel.<\/p>\n<p>Le rythme de vie acc\u00e9l\u00e9r\u00e9 et les changements drastiques intervenus dans l\u2019ensemble des domaines interpellent notre capacit\u00e9 \u00e0 innover, \u00e0 s\u2019adapter et \u00e0 faire face aux d\u00e9fis communs, ont-ils estim\u00e9.<\/p>\n<p>Dans ce sens, ils ont relev\u00e9 que l\u2019AESVT- Maroc est engag\u00e9e \u00e0 accompagner cette dynamique nationale et internationale \u00e0 travers ses activit\u00e9s, ses initiatives et ses r\u00e9flexions, tout en adaptant son action \u00e0 la notion de l\u2019impact positif, en vue de r\u00e9pondre aux exigences des citoyens et de pr\u00e9server les ressources naturelles.<\/p>\n<p>L\u2019approche de l\u2019impact adopt\u00e9e par l\u2019AEVST-Maroc a d\u00e9montr\u00e9 son efficacit\u00e9, en d\u00e9veloppant et am\u00e9liorant les m\u00e9thodes d\u2019\u00e9ducation susceptibles de provoquer des changements durables, individuels et collectifs des comportements, ont-ils not\u00e9.<\/p>\n<p>Ils ont \u00e9galement mis en avant l\u2019importance de d\u00e9velopper des partenariats novateurs avec les secteurs publics et priv\u00e9s nationaux et les ONGs nationales et internationales, afin de contribuer \u00e0 la r\u00e9alisation des ODD et l\u2019instauration d\u2019un nouveau mod\u00e8le de d\u00e9veloppement qui prend en compte les sp\u00e9cificit\u00e9s du Maroc actuel.<\/p>\n<p>Selon les participants, cette Association repr\u00e9sente un mod\u00e8le de partenariat entre l\u2019Etat et la soci\u00e9t\u00e9 civile, mettant en avant sa contribution consid\u00e9rable depuis 22 ans sur les plans national et international pour la pr\u00e9servation des \u00e9cosyst\u00e8mes naturels et l\u2019\u00e9dification d\u2019une soci\u00e9t\u00e9 civile \u00e9cologique.<\/p>\n<p>La d\u00e9mocratie participative se veut aussi un choix irr\u00e9versible pour le d\u00e9veloppement harmonieux du Royaume et un pilier incontournable de la r\u00e9gionalisation avanc\u00e9e, ont-ils insist\u00e9.<\/p>\n<p>Ce congr\u00e8s est l\u2019occasion pour environ 200 participants repr\u00e9sentant les quarante sections de l\u2019AESVT \u00e0 travers le Royaume, de renforcer les nouveaux m\u00e9canismes et approches d\u00e9velopp\u00e9s dans le cadre de trois axes d\u2019intervention : sensibilisation-\u00e9ducation, projets de d\u00e9veloppement locaux, et dialogue- plaidoyer.<\/p>\n<p>L\u2019objectif \u00e9tant de faire conna\u00eetre au grand public, les approches et orientations de l\u2019AESVT-Maroc, l\u2019une des plus grandes associations environnementales dans le Royaume, en termes de d\u00e9veloppement durable et de lutte contre le changement climatique.<\/p>\n<p>A travers ce congr\u00e8s, l\u2019AESVT- Maroc ambitionne de renouveler ses m\u00e9canismes de fonctionnement, renforcer son professionnalisme, et ses partenaires afin de d\u00e9velopper de nouveaux programmes d\u2019action pour contribuer davantage aux domaines de l\u2019environnement, de la sant\u00e9 et des sciences de la vie et de la terre.<\/p>\n<p>L\u2019AESVT entend jouer son r\u00f4le avec les r\u00e9seaux, les associations environnementales de l\u2019Alliance Marocaine pour le Climat et le D\u00e9veloppement Durable (AMCDD), ainsi qu\u2019avec les diff\u00e9rentes institutions, organisations nationales, africaines et internationales au sein desquelles elle op\u00e8re, en mati\u00e8re d\u2019analyse des politiques publiques internationales et territoriales.<\/p>\n<p>Au menu de ce congr\u00e8s, figurent la pr\u00e9sentation et la validation des rapports moral et financier, la d\u00e9signation des membres de la pr\u00e9sidence du Congr\u00e8s, des ateliers de travail ax\u00e9s sur \u00ab\u00a0d\u00e9veloppement des pratiques organisationnelles\u00a0\u00bb, \u00ab\u00a0strat\u00e9gie de d\u00e9veloppement des sciences de la vie et de la terre\u00a0\u00bb, et \u00ab\u00a0strat\u00e9gie de d\u00e9veloppement de l\u2019\u00e9ducation \u00e0 l\u2019environnement et au d\u00e9veloppement durable\u00a0\u00bb.<\/p>\n<p>Lors de ce conclave, il sera proc\u00e9d\u00e9 \u00e9galement \u00e0 l\u2019\u00e9lection des membres du conseil national, des membres du comit\u00e9 des experts et du comit\u00e9 de la gouvernance administrative et financi\u00e8re, des coordinateurs r\u00e9gionaux et du pr\u00e9sident du conseil national, ainsi que des membres du bureau national.<\/p>\n<\/div>\n<p>Auteur: Meriem IGASS<br \/>\n<a href=\"http:\/\/www.mapmarrakech.ma\/fr\/plaidoyer-pour-ladaptation-aux-mutations-societales-et-ecologiques\/\">Cliquez ici pour lire l&rsquo;article depuis sa source.<\/a><\/p>\n","protected":false},"excerpt":{"rendered":"<p>Marrakech \u2013 Les participants au 6\u00e8 congr\u00e8s national de l\u2019Association des Enseignants des Sciences de la Vie et de la Terre (AESVT- Maroc), ont plaid\u00e9, samedi \u00e0 Marrakech, en faveur de l\u2019acc\u00e9l\u00e9ration du rythme d\u2019adaptation aux grandes mutations soci\u00e9tales et \u00e9cologiques. Les intervenants \u00e0 cet \u00e9v\u00e9nement, plac\u00e9 sous le th\u00e8me \u00ab\u00a0l\u2019\u00e9ducation, levier essentiel pour l\u2019atteinte [&hellip;]<\/p>\n","protected":false},"author":1788,"featured_media":0,"comment_status":"closed","ping_status":"closed","sticky":false,"template":"","format":"standard","meta":{"fifu_image_url":"","fifu_image_alt":"","footnotes":""},"categories":[54,76],"tags":[],"class_list":["post-76914","post","type-post","status-publish","format-standard","hentry","category-maroc","category-regions"],"_links":{"self":[{"href":"https:\/\/linitiative.ca\/International\/wp-json\/wp\/v2\/posts\/76914","targetHints":{"allow":["GET"]}}],"collection":[{"href":"https:\/\/linitiative.ca\/International\/wp-json\/wp\/v2\/posts"}],"about":[{"href":"https:\/\/linitiative.ca\/International\/wp-json\/wp\/v2\/types\/post"}],"author":[{"embeddable":true,"href":"https:\/\/linitiative.ca\/International\/wp-json\/wp\/v2\/users\/1788"}],"replies":[{"embeddable":true,"href":"https:\/\/linitiative.ca\/International\/wp-json\/wp\/v2\/comments?post=76914"}],"version-history":[{"count":0,"href":"https:\/\/linitiative.ca\/International\/wp-json\/wp\/v2\/posts\/76914\/revisions"}],"wp:attachment":[{"href":"https:\/\/linitiative.ca\/International\/wp-json\/wp\/v2\/media?parent=76914"}],"wp:term":[{"taxonomy":"category","embeddable":true,"href":"https:\/\/linitiative.ca\/International\/wp-json\/wp\/v2\/categories?post=76914"},{"taxonomy":"post_tag","embeddable":true,"href":"https:\/\/linitiative.ca\/International\/wp-json\/wp\/v2\/tags?post=76914"}],"curies":[{"name":"wp","href":"https:\/\/api.w.org\/{rel}","templated":true}]}}