{"id":76923,"date":"2020-02-23T13:27:58","date_gmt":"2020-02-23T18:27:58","guid":{"rendered":"https:\/\/linitiative.ca\/International\/coronavirus-le-ministere-de-la-sante-dement-des-rumeurs\/"},"modified":"2020-02-23T13:27:58","modified_gmt":"2020-02-23T18:27:58","slug":"coronavirus-le-ministere-de-la-sante-dement-des-rumeurs","status":"publish","type":"post","link":"https:\/\/linitiative.ca\/International\/coronavirus-le-ministere-de-la-sante-dement-des-rumeurs\/","title":{"rendered":"Coronavirus: Le minist\u00e8re de la Sant\u00e9 d\u00e9ment des rumeurs"},"content":{"rendered":"<div class=\"single-featured\"><img alt=\"\" data-src=\"http:\/\/www.mapoujda.ma\/map\/uploads\/2020\/02\/Minist\u00e8re-de-la-sant\u00e9-M750\u00d7430-MAP.jpg\"\/><\/div>\n<div class=\"entry-content clearfix single-post-content\" readability=\"56\">\n<p class=\"c5\">Le minist\u00e8re de la Sant\u00e9 a d\u00e9menti dimanche une rumeur selon laquelle un \u00e9tudiant subsaharien de la facult\u00e9 pluridisciplinaire de\u00a0Nador\u00a0serait atteint du coronavirus.<\/p>\n<p class=\"c5\">R\u00e9agissant aux information selon lesquelles un cas positif de coronavirus a \u00e9t\u00e9 enregistr\u00e9 chez un \u00e9tudiant subsaharien \u00e0 la facult\u00e9 pluridisciplinaire de la ville de\u00a0Nador, le minist\u00e8re de la sant\u00e9 affirme dans un communiqu\u00e9, qu\u2019il ne s\u2019agissait que d\u2019une rumeur malveillante visant \u00e0 semer la panique et la confusion parmi les citoyens.<\/p>\n<p class=\"c5\">Le minist\u00e8re de la Sant\u00e9 rassure qu\u2019\u00e0 ce jour, aucun cas d\u2019infection de coronavirus n\u2019a \u00e9t\u00e9 enregistr\u00e9, que ce soit \u00e0\u00a0Nador\u00a0ou dans d\u2019autres villes marocaines, relevant que les r\u00e9sultats des analyses de laboratoire des 13 cas suspects d\u00e9tect\u00e9s par le syst\u00e8me national de veille et de surveillance \u00e9pid\u00e9miologique, se sont r\u00e9v\u00e9l\u00e9s n\u00e9gatifs au nouveau coronavirus.<\/p>\n<p class=\"c5\">Relevant une mise \u00e0 jour quotidienne des donn\u00e9es relatives \u00e0 la situation \u00e9pid\u00e9miologique associ\u00e9e au coronavirus sur son site web officiel et sur les r\u00e9seaux sociaux, le minist\u00e8re affirme qu\u2019il continuera \u00e0 communiquer en toute transparence avec l\u2019opinion publique nationale en l\u2019informant de tous les d\u00e9veloppements, comme il l\u2019a fait depuis le d\u00e9but de cette urgence sanitaire mondiale.<\/p>\n<\/div>\n<p>Auteur: Soufiane ELAHMAR<br \/>\n<a href=\"http:\/\/www.mapoujda.ma\/fr\/coronavirus-le-ministere-de-la-sante-dement-des-rumeurs\/\">Cliquez ici pour lire l&rsquo;article depuis sa source.<\/a><\/p>\n","protected":false},"excerpt":{"rendered":"<p>Le minist\u00e8re de la Sant\u00e9 a d\u00e9menti dimanche une rumeur selon laquelle un \u00e9tudiant subsaharien de la facult\u00e9 pluridisciplinaire de\u00a0Nador\u00a0serait atteint du coronavirus. R\u00e9agissant aux information selon lesquelles un cas positif de coronavirus a \u00e9t\u00e9 enregistr\u00e9 chez un \u00e9tudiant subsaharien \u00e0 la facult\u00e9 pluridisciplinaire de la ville de\u00a0Nador, le minist\u00e8re de la sant\u00e9 affirme dans [&hellip;]<\/p>\n","protected":false},"author":1788,"featured_media":76924,"comment_status":"closed","ping_status":"closed","sticky":false,"template":"","format":"standard","meta":{"fifu_image_url":"","fifu_image_alt":"","footnotes":""},"categories":[54,76],"tags":[],"class_list":["post-76923","post","type-post","status-publish","format-standard","has-post-thumbnail","hentry","category-maroc","category-regions"],"_links":{"self":[{"href":"https:\/\/linitiative.ca\/International\/wp-json\/wp\/v2\/posts\/76923","targetHints":{"allow":["GET"]}}],"collection":[{"href":"https:\/\/linitiative.ca\/International\/wp-json\/wp\/v2\/posts"}],"about":[{"href":"https:\/\/linitiative.ca\/International\/wp-json\/wp\/v2\/types\/post"}],"author":[{"embeddable":true,"href":"https:\/\/linitiative.ca\/International\/wp-json\/wp\/v2\/users\/1788"}],"replies":[{"embeddable":true,"href":"https:\/\/linitiative.ca\/International\/wp-json\/wp\/v2\/comments?post=76923"}],"version-history":[{"count":0,"href":"https:\/\/linitiative.ca\/International\/wp-json\/wp\/v2\/posts\/76923\/revisions"}],"wp:featuredmedia":[{"embeddable":true,"href":"https:\/\/linitiative.ca\/International\/wp-json\/"}],"wp:attachment":[{"href":"https:\/\/linitiative.ca\/International\/wp-json\/wp\/v2\/media?parent=76923"}],"wp:term":[{"taxonomy":"category","embeddable":true,"href":"https:\/\/linitiative.ca\/International\/wp-json\/wp\/v2\/categories?post=76923"},{"taxonomy":"post_tag","embeddable":true,"href":"https:\/\/linitiative.ca\/International\/wp-json\/wp\/v2\/tags?post=76923"}],"curies":[{"name":"wp","href":"https:\/\/api.w.org\/{rel}","templated":true}]}}