{"id":76929,"date":"2020-02-23T15:14:04","date_gmt":"2020-02-23T20:14:04","guid":{"rendered":"https:\/\/linitiative.ca\/International\/pros-bennacer-egale-a-lui-meme\/"},"modified":"2020-02-23T15:14:04","modified_gmt":"2020-02-23T20:14:04","slug":"pros-bennacer-egale-a-lui-meme","status":"publish","type":"post","link":"https:\/\/linitiative.ca\/International\/pros-bennacer-egale-a-lui-meme\/","title":{"rendered":"Pros : Bennacer \u00e9gale \u00e0 lui-m\u00eame !"},"content":{"rendered":"<div readability=\"32\">\n<p>Auteur : <span>Moumen A.<\/span> <span class=\"time\">dimanche 23 f\u00e9vrier 2020 19:25<\/span><\/p>\n<\/div>\n<div id=\"post_core\" readability=\"42\">\n<p>Le milieu de terrain alg\u00e9rien \u00a0du Milan AC Ismael Bennacer a encore une fois fait parler de lui en Italie. L\u2019ancien joueur d\u2019Arsenal a sorti une partie magnifique malheureusement g\u00e2ch\u00e9e par un carton jaune, encore un, qui a provoqu\u00e9 l\u2019\u00e9tonnement de de la presse transalpine. C\u2019est son 12 e avertissement de la saison. Par ailleurs, \u00e9gale \u00e0 lui-m\u00eame comme l\u2019indique Calciomercato.fr Bennacer a \u00e9t\u00e9 le joueur le mieux not\u00e9 du Milan AC dans ce match nul ramen\u00e9 en d\u00e9placement contre la Fiorentina, samedi soir. \u00a0\u00a0Sofascore.com lui a accord\u00e9 7,4\/10.<\/p>\n<p><strong>Moumen A.<\/strong><\/p>\n<p><strong>Publi\u00e9 dans :<\/strong> <span>djamel belmadi<\/span> <span>BENNACER<\/span><\/p>\n<\/div>\n<p>Auteur:<br \/>\n<a href=\"http:\/\/www.lebuteur.com\/article\/detail?titre=bennacer-egale-a-lui-meme&#038;id=94956&#038;utm_source=feedburner&#038;utm_medium=feed&#038;utm_campaign=Feed%3A+GalerieFArtciles+%28Les+derniers+articles++-+lebuteur.com%29\">Cliquez ici pour lire l&rsquo;article depuis sa source.<\/a><\/p>\n","protected":false},"excerpt":{"rendered":"<p>Auteur : Moumen A. dimanche 23 f\u00e9vrier 2020 19:25 Le milieu de terrain alg\u00e9rien \u00a0du Milan AC Ismael Bennacer a encore une fois fait parler de lui en Italie. L\u2019ancien joueur d\u2019Arsenal a sorti une partie magnifique malheureusement g\u00e2ch\u00e9e par un carton jaune, encore un, qui a provoqu\u00e9 l\u2019\u00e9tonnement de de la presse transalpine. C\u2019est [&hellip;]<\/p>\n","protected":false},"author":1738,"featured_media":76930,"comment_status":"closed","ping_status":"closed","sticky":false,"template":"","format":"standard","meta":{"fifu_image_url":"","fifu_image_alt":"","footnotes":""},"categories":[53,75],"tags":[],"class_list":["post-76929","post","type-post","status-publish","format-standard","has-post-thumbnail","hentry","category-algerie","category-sport"],"_links":{"self":[{"href":"https:\/\/linitiative.ca\/International\/wp-json\/wp\/v2\/posts\/76929","targetHints":{"allow":["GET"]}}],"collection":[{"href":"https:\/\/linitiative.ca\/International\/wp-json\/wp\/v2\/posts"}],"about":[{"href":"https:\/\/linitiative.ca\/International\/wp-json\/wp\/v2\/types\/post"}],"author":[{"embeddable":true,"href":"https:\/\/linitiative.ca\/International\/wp-json\/wp\/v2\/users\/1738"}],"replies":[{"embeddable":true,"href":"https:\/\/linitiative.ca\/International\/wp-json\/wp\/v2\/comments?post=76929"}],"version-history":[{"count":0,"href":"https:\/\/linitiative.ca\/International\/wp-json\/wp\/v2\/posts\/76929\/revisions"}],"wp:featuredmedia":[{"embeddable":true,"href":"https:\/\/linitiative.ca\/International\/wp-json\/"}],"wp:attachment":[{"href":"https:\/\/linitiative.ca\/International\/wp-json\/wp\/v2\/media?parent=76929"}],"wp:term":[{"taxonomy":"category","embeddable":true,"href":"https:\/\/linitiative.ca\/International\/wp-json\/wp\/v2\/categories?post=76929"},{"taxonomy":"post_tag","embeddable":true,"href":"https:\/\/linitiative.ca\/International\/wp-json\/wp\/v2\/tags?post=76929"}],"curies":[{"name":"wp","href":"https:\/\/api.w.org\/{rel}","templated":true}]}}