{"id":76931,"date":"2020-02-23T15:14:06","date_gmt":"2020-02-23T20:14:06","guid":{"rendered":"https:\/\/linitiative.ca\/International\/pros-turquie-feghouli-et-galatasaray-prennent-la-deuxieme-place-du-championnat\/"},"modified":"2020-02-23T15:14:06","modified_gmt":"2020-02-23T20:14:06","slug":"pros-turquie-feghouli-et-galatasaray-prennent-la-deuxieme-place-du-championnat","status":"publish","type":"post","link":"https:\/\/linitiative.ca\/International\/pros-turquie-feghouli-et-galatasaray-prennent-la-deuxieme-place-du-championnat\/","title":{"rendered":"Pros : Turquie : Feghouli et Galatasaray prennent la deuxi\u00e8me place du championnat"},"content":{"rendered":"<div readability=\"32\">\n<p>Auteur : <span class=\"time\">dimanche 23 f\u00e9vrier 2020 19:57<\/span><\/p>\n<\/div>\n<div id=\"post_core\" readability=\"48\">\n<p>Gr\u00e2ce \u00e0 une septi\u00e8me victoire de rang en Championnat, acquise dans le derby d&rsquo;Istanbul contre Fenerbah\u00e7e (3-1) ce dimanche, Galatasaray a provisoirement pris la deuxi\u00e8me place de la S\u00fcper Lig turque. Le Fener avait ouvert le score gr\u00e2ce \u00e0 un penalty de Max Kruse (21e) mais les visiteurs ont renvers\u00e9 la situation gr\u00e2ce \u00e0 Ryan Donk (40e), l&rsquo;ancien Mon\u00e9gasque Radamel Falcao (80e s.p.) et Henry Onyekuru (90e+7), pr\u00eat\u00e9 par l&rsquo;ASM comme l&rsquo;indique L&rsquo;Equipe.<\/p>\n<p>La rencontre s&rsquo;est termin\u00e9e \u00e0 dix contre dix, puisque Deniz Turuc a \u00e9t\u00e9 expuls\u00e9 chez le perdant, alors que Younes Belhanda a \u00e9cop\u00e9 de deux cartons jaunes qui l&rsquo;ont priv\u00e9 des cinq derni\u00e8res minutes. C&rsquo;est la premi\u00e8re victoire de Galatasaray contre Fenerbah\u00e7e en Championnat depuis octobre 2014.<\/p>\n<p><strong>Publi\u00e9 dans :<\/strong> <span>Galatasaray<\/span><\/p>\n<\/div>\n<p>Auteur:<br \/>\n<a href=\"http:\/\/www.lebuteur.com\/article\/detail?titre=turquie-feghouli-et-galatasaray-prennent-la-deuxieme-place-du-championnat&#038;id=94957&#038;utm_source=feedburner&#038;utm_medium=feed&#038;utm_campaign=Feed%3A+GalerieFArtciles+%28Les+derniers+articles++-+lebuteur.com%29\">Cliquez ici pour lire l&rsquo;article depuis sa source.<\/a><\/p>\n","protected":false},"excerpt":{"rendered":"<p>Auteur : dimanche 23 f\u00e9vrier 2020 19:57 Gr\u00e2ce \u00e0 une septi\u00e8me victoire de rang en Championnat, acquise dans le derby d&rsquo;Istanbul contre Fenerbah\u00e7e (3-1) ce dimanche, Galatasaray a provisoirement pris la deuxi\u00e8me place de la S\u00fcper Lig turque. Le Fener avait ouvert le score gr\u00e2ce \u00e0 un penalty de Max Kruse (21e) mais les visiteurs [&hellip;]<\/p>\n","protected":false},"author":1738,"featured_media":76932,"comment_status":"closed","ping_status":"closed","sticky":false,"template":"","format":"standard","meta":{"fifu_image_url":"","fifu_image_alt":"","footnotes":""},"categories":[53,75],"tags":[],"class_list":["post-76931","post","type-post","status-publish","format-standard","has-post-thumbnail","hentry","category-algerie","category-sport"],"_links":{"self":[{"href":"https:\/\/linitiative.ca\/International\/wp-json\/wp\/v2\/posts\/76931","targetHints":{"allow":["GET"]}}],"collection":[{"href":"https:\/\/linitiative.ca\/International\/wp-json\/wp\/v2\/posts"}],"about":[{"href":"https:\/\/linitiative.ca\/International\/wp-json\/wp\/v2\/types\/post"}],"author":[{"embeddable":true,"href":"https:\/\/linitiative.ca\/International\/wp-json\/wp\/v2\/users\/1738"}],"replies":[{"embeddable":true,"href":"https:\/\/linitiative.ca\/International\/wp-json\/wp\/v2\/comments?post=76931"}],"version-history":[{"count":0,"href":"https:\/\/linitiative.ca\/International\/wp-json\/wp\/v2\/posts\/76931\/revisions"}],"wp:featuredmedia":[{"embeddable":true,"href":"https:\/\/linitiative.ca\/International\/wp-json\/"}],"wp:attachment":[{"href":"https:\/\/linitiative.ca\/International\/wp-json\/wp\/v2\/media?parent=76931"}],"wp:term":[{"taxonomy":"category","embeddable":true,"href":"https:\/\/linitiative.ca\/International\/wp-json\/wp\/v2\/categories?post=76931"},{"taxonomy":"post_tag","embeddable":true,"href":"https:\/\/linitiative.ca\/International\/wp-json\/wp\/v2\/tags?post=76931"}],"curies":[{"name":"wp","href":"https:\/\/api.w.org\/{rel}","templated":true}]}}