{"id":76933,"date":"2020-02-23T15:14:08","date_gmt":"2020-02-23T20:14:08","guid":{"rendered":"https:\/\/linitiative.ca\/International\/international-galatasaray-belhanda-provoque-une-bagarre-generale\/"},"modified":"2020-02-23T15:14:08","modified_gmt":"2020-02-23T20:14:08","slug":"international-galatasaray-belhanda-provoque-une-bagarre-generale","status":"publish","type":"post","link":"https:\/\/linitiative.ca\/International\/international-galatasaray-belhanda-provoque-une-bagarre-generale\/","title":{"rendered":"International : Galatasaray : Belhanda provoque une bagarre g\u00e9n\u00e9rale"},"content":{"rendered":"<div readability=\"32\">\n<p>Auteur : <span class=\"time\">dimanche 23 f\u00e9vrier 2020 20:25<\/span><\/p>\n<\/div>\n<div id=\"post_core\" readability=\"44\">\n<p>Alors que l&rsquo;on joue la 82e minute de jeu, Younes Belhanda est appel\u00e9 \u00e0 c\u00e9der sa place. Prenant son temps, l\u2019ancien Montpelli\u00e9rain est tir\u00e9 du bras par Deniz Turuc que le Marocain repousse au niveau du menton. S\u2019en suit alors un \u00e9norme attroupement comme l&rsquo;indique Football. L\u2019arbitre n\u2019a d\u2019autre choix que d\u2019expulser Belhanda et Turuc, annulant par cons\u00e9quent le changement op\u00e9r\u00e9 par Fatih Terim. Ahmet Calik est tout de m\u00eame entr\u00e9 en jeu mais \u00e0 la place de Radamel Falcao finalement.<\/p>\n<p>Cet \u00e9pisode n\u2019a qu\u2019accentu\u00e9 la col\u00e8re des supporters du Fener, agressant litt\u00e9ralement Sofiane Feghouli \u00e0 sa sortie du terrain dans le temps additionnel (90e+3).<\/p>\n<p><strong>Publi\u00e9 dans :<\/strong> <span>Galatasaray<\/span><\/p>\n<\/div>\n<p>Auteur:<br \/>\n<a href=\"http:\/\/www.lebuteur.com\/article\/detail?titre=galatasaray-belhanda-provoque-une-bagarre-generale&#038;id=94958&#038;utm_source=feedburner&#038;utm_medium=feed&#038;utm_campaign=Feed%3A+GalerieFArtciles+%28Les+derniers+articles++-+lebuteur.com%29\">Cliquez ici pour lire l&rsquo;article depuis sa source.<\/a><\/p>\n","protected":false},"excerpt":{"rendered":"<p>Auteur : dimanche 23 f\u00e9vrier 2020 20:25 Alors que l&rsquo;on joue la 82e minute de jeu, Younes Belhanda est appel\u00e9 \u00e0 c\u00e9der sa place. Prenant son temps, l\u2019ancien Montpelli\u00e9rain est tir\u00e9 du bras par Deniz Turuc que le Marocain repousse au niveau du menton. S\u2019en suit alors un \u00e9norme attroupement comme l&rsquo;indique Football. L\u2019arbitre n\u2019a [&hellip;]<\/p>\n","protected":false},"author":1738,"featured_media":76934,"comment_status":"closed","ping_status":"closed","sticky":false,"template":"","format":"standard","meta":{"fifu_image_url":"","fifu_image_alt":"","footnotes":""},"categories":[53,75],"tags":[],"class_list":["post-76933","post","type-post","status-publish","format-standard","has-post-thumbnail","hentry","category-algerie","category-sport"],"_links":{"self":[{"href":"https:\/\/linitiative.ca\/International\/wp-json\/wp\/v2\/posts\/76933","targetHints":{"allow":["GET"]}}],"collection":[{"href":"https:\/\/linitiative.ca\/International\/wp-json\/wp\/v2\/posts"}],"about":[{"href":"https:\/\/linitiative.ca\/International\/wp-json\/wp\/v2\/types\/post"}],"author":[{"embeddable":true,"href":"https:\/\/linitiative.ca\/International\/wp-json\/wp\/v2\/users\/1738"}],"replies":[{"embeddable":true,"href":"https:\/\/linitiative.ca\/International\/wp-json\/wp\/v2\/comments?post=76933"}],"version-history":[{"count":0,"href":"https:\/\/linitiative.ca\/International\/wp-json\/wp\/v2\/posts\/76933\/revisions"}],"wp:featuredmedia":[{"embeddable":true,"href":"https:\/\/linitiative.ca\/International\/wp-json\/"}],"wp:attachment":[{"href":"https:\/\/linitiative.ca\/International\/wp-json\/wp\/v2\/media?parent=76933"}],"wp:term":[{"taxonomy":"category","embeddable":true,"href":"https:\/\/linitiative.ca\/International\/wp-json\/wp\/v2\/categories?post=76933"},{"taxonomy":"post_tag","embeddable":true,"href":"https:\/\/linitiative.ca\/International\/wp-json\/wp\/v2\/tags?post=76933"}],"curies":[{"name":"wp","href":"https:\/\/api.w.org\/{rel}","templated":true}]}}