{"id":76937,"date":"2020-02-23T07:00:00","date_gmt":"2020-02-23T12:00:00","guid":{"rendered":"https:\/\/linitiative.ca\/International\/m-tebboune-preside-une-reunion-du-conseil-des-ministres\/"},"modified":"2020-02-23T07:00:00","modified_gmt":"2020-02-23T12:00:00","slug":"m-tebboune-preside-une-reunion-du-conseil-des-ministres","status":"publish","type":"post","link":"https:\/\/linitiative.ca\/International\/m-tebboune-preside-une-reunion-du-conseil-des-ministres\/","title":{"rendered":"M. Tebboune pr\u00e9side une r\u00e9union du Conseil des ministres"},"content":{"rendered":"<p>Lors de cette r\u00e9union, le Conseil examinera le projet de loi relatif \u00e0 la pr\u00e9vention et \u00e0 la lutte contre la discrimination et le discours de haine, \u00e0 l&rsquo;\u00e9tat du foncier industriel et \u00e0 la gestion des zones industrielles, aux perspectives de relance et de d\u00e9veloppement des activit\u00e9s culturelles, de la production culturelle et de l&rsquo;industrie cin\u00e9matographique, aux jeunes et aux sports ainsi qu&rsquo;au tourisme et \u00e0 l&rsquo;artisanat.<\/p>\n<p>Le Conseil des ministres examinera \u00e9galement un expos\u00e9 sur la strat\u00e9gie de communication gouvernementale.(APS)<\/p>\n<p>Auteur: elmoudjahid<br \/>\n<a href=\"http:\/\/www.elmoudjahid.com\/fr\/actualites\/148747\">Cliquez ici pour lire l&rsquo;article depuis sa source.<\/a><\/p>\n","protected":false},"excerpt":{"rendered":"<p>Lors de cette r\u00e9union, le Conseil examinera le projet de loi relatif \u00e0 la pr\u00e9vention et \u00e0 la lutte contre la discrimination et le discours de haine, \u00e0 l&rsquo;\u00e9tat du foncier industriel et \u00e0 la gestion des zones industrielles, aux perspectives de relance et de d\u00e9veloppement des activit\u00e9s culturelles, de la production culturelle et de [&hellip;]<\/p>\n","protected":false},"author":1744,"featured_media":0,"comment_status":"closed","ping_status":"closed","sticky":false,"template":"","format":"standard","meta":{"fifu_image_url":"","fifu_image_alt":"","footnotes":""},"categories":[73,53],"tags":[],"class_list":["post-76937","post","type-post","status-publish","format-standard","hentry","category-actualite","category-algerie"],"_links":{"self":[{"href":"https:\/\/linitiative.ca\/International\/wp-json\/wp\/v2\/posts\/76937","targetHints":{"allow":["GET"]}}],"collection":[{"href":"https:\/\/linitiative.ca\/International\/wp-json\/wp\/v2\/posts"}],"about":[{"href":"https:\/\/linitiative.ca\/International\/wp-json\/wp\/v2\/types\/post"}],"author":[{"embeddable":true,"href":"https:\/\/linitiative.ca\/International\/wp-json\/wp\/v2\/users\/1744"}],"replies":[{"embeddable":true,"href":"https:\/\/linitiative.ca\/International\/wp-json\/wp\/v2\/comments?post=76937"}],"version-history":[{"count":0,"href":"https:\/\/linitiative.ca\/International\/wp-json\/wp\/v2\/posts\/76937\/revisions"}],"wp:attachment":[{"href":"https:\/\/linitiative.ca\/International\/wp-json\/wp\/v2\/media?parent=76937"}],"wp:term":[{"taxonomy":"category","embeddable":true,"href":"https:\/\/linitiative.ca\/International\/wp-json\/wp\/v2\/categories?post=76937"},{"taxonomy":"post_tag","embeddable":true,"href":"https:\/\/linitiative.ca\/International\/wp-json\/wp\/v2\/tags?post=76937"}],"curies":[{"name":"wp","href":"https:\/\/api.w.org\/{rel}","templated":true}]}}