{"id":76938,"date":"2020-02-23T07:00:00","date_gmt":"2020-02-23T12:00:00","guid":{"rendered":"https:\/\/linitiative.ca\/International\/49e-anniversaire-de-la-nationalisation-des-hydrocarbures-lalgerie-face-au-defi-de-la-transition-energetique\/"},"modified":"2020-02-23T07:00:00","modified_gmt":"2020-02-23T12:00:00","slug":"49e-anniversaire-de-la-nationalisation-des-hydrocarbures-lalgerie-face-au-defi-de-la-transition-energetique","status":"publish","type":"post","link":"https:\/\/linitiative.ca\/International\/49e-anniversaire-de-la-nationalisation-des-hydrocarbures-lalgerie-face-au-defi-de-la-transition-energetique\/","title":{"rendered":"49e anniversaire de la nationalisation des hydrocarbures: L&rsquo;Alg\u00e9rie face  au d\u00e9fi de la transition \u00e9nerg\u00e9tique"},"content":{"rendered":"<p>Le 49\u00e8me anniversaire de la nationalisation des hydrocarbures intervient dans un contexte particulier marqu\u00e9 par des mutations politiques et \u00e9conomiques importantes, \u00e0 travers un \u00ab\u00a0nouveau pacte\u00a0\u00bb reposant notamment sur la transition \u00e9nerg\u00e9tique qui constituera d\u00e9sormais un levier du d\u00e9veloppement,\u00a0 vues les potentialit\u00e9s que rec\u00e8le le pays en termes de ressources d&rsquo;\u00e9nergies renouvelables.<\/p>\n<p>Cette transition devrait permettre \u00e0 l&rsquo;Alg\u00e9rie de s&rsquo;affranchir de mani\u00e8re progressive de la d\u00e9pendance vis-\u00e0-vis des ressources conventionnelles et d&rsquo;amorcer une dynamique d&rsquo;\u00e9mergence d&rsquo;un mod\u00e8le d&rsquo;\u00e9nergie durable.<\/p>\n<p>Le Pr\u00e9sident de la R\u00e9publique, Abdelmadjid Tebboune a r\u00e9cemment mis l&rsquo;accent sur l&rsquo;urgence de sortir l\u2019Alg\u00e9rie de la d\u00e9pendance aux hydrocarbures.<\/p>\n<p>Dans cette perspective, un programme de d\u00e9veloppement des \u00e9nergies renouvelables permettant la production de 15.000 MW \u00e9lectricit\u00e9 \u00e0 l&rsquo;horizon 2035, dont 4.000 MW d&rsquo;ici \u00e0 2024 a \u00e9t\u00e9 trac\u00e9 par le gouvernement dans son plan d&rsquo;action pour la mise en \u0153uvre du programme du pr\u00e9sident de la R\u00e9publique.<\/p>\n<p>En mati\u00e8re d\u2019efficacit\u00e9 \u00e9nerg\u00e9tique, la d\u00e9marche du gouvernement sera ax\u00e9e sur la g\u00e9n\u00e9ralisation des proc\u00e9d\u00e9s d\u2019isolation thermiques dans les nouvelles constructions, la mise en place d\u2019un programme nationalpour la conversion des v\u00e9hicules au GPLc, le d\u00e9veloppement du GNC pour les v\u00e9hicules de transport collectif, l\u2019\u00e9quipement du r\u00e9seau d\u2019\u00e9clairage public et des administrations publiques avec des dispositifs \u00e0 basse consommation ainsi que la mise en place d\u2019un cadre r\u00e9glementaire prohibant l\u2019importation et la production d\u2019\u00e9quipements \u00e9nergivores.<\/p>\n<p>Il sera question \u00e9galement d&rsquo;\u00e9largir le dispositif incitatif \u00e0 l\u2019investissement aux fili\u00e8res permettant la localisation de l\u2019activit\u00e9 de production d\u2019\u00e9quipements et de composants d\u00e9di\u00e9s \u00e0 l\u2019efficacit\u00e9 \u00e9nerg\u00e9tique.<\/p>\n<p>\u00a0Des projets de production d&rsquo;\u00e9lectricit\u00e9 \u00e0 partir de sources d&rsquo;\u00e9nergies renouvelables ont \u00e9t\u00e9 d\u00e9j\u00e0 r\u00e9alis\u00e9s, \u00e0 travers le lancement d&rsquo;une centrale \u00e9lectrique hybride fonctionnant \u00e0 l&rsquo;\u00e9nergie solaire et au gaz \u00e0 Hassi R&rsquo;mel en 2011, suivi de la r\u00e9alisation d&rsquo;autres projets, dont la centrale de Gharda\u00efa avec 1,1 MW et une ferme \u00e9olienne \u00e0 Adrar d&rsquo;une capacit\u00e9 de 10,2 MW.<\/p>\n<p>Pour sa part, le groupe Sonelgaz a r\u00e9alis\u00e9 jusque-l\u00e0 400 MW d&rsquo;\u00e9nergies renouvelables, r\u00e9parties \u00e0 travers les r\u00e9gions des Hauts plateaux et du Grand sud.<\/p>\n<p>Par ailleurs, une op\u00e9ration est men\u00e9e par la soci\u00e9t\u00e9 des \u00e9nergies renouvelables SKTM consistant en l&rsquo;hybridation des centrales Diesel en \u00e9nergie photovolta\u00efque dans le Sud d&rsquo;une capacit\u00e9 de 50 MW pour pr\u00e9server l&rsquo;environnement et r\u00e9duire la consommation du Diesel.<\/p>\n<p>Afin de bien mener la transition \u00e9nerg\u00e9tique escompt\u00e9e, l&rsquo;Alg\u00e9rie s&rsquo;est dot\u00e9e d&rsquo;un Commissariat national aux \u00e9nergies renouvelables et \u00e0 l&rsquo;efficacit\u00e9 \u00e9nerg\u00e9tique.<\/p>\n<p>Dirig\u00e9 par le Professeur Noureddine Yassaa, ce Commissariat vise \u00e0 renforcer la strat\u00e9gies nationale en mati\u00e8re d&rsquo;\u00e9nergies renouvelables et d&rsquo;imprimer la dynamique n\u00e9cessaire \u00e0 sa concr\u00e9tisation.<\/p>\n<p><strong>Hydrocarbures: Un cadre l\u00e9gislatif plus attractif<\/strong><\/p>\n<p>Parall\u00e8lement au d\u00e9veloppement des ENR , le gouvernement compte intensifier l\u2019effort de recherche et d\u2019exploration, y compris dans les zones Offshore et le nord du pays, pour mettre en \u00e9vidence de nouvelles<\/p>\n<p>r\u00e9serves d\u2019hydrocarbures, l\u2019optimisation de l\u2019exploitation des gisements d\u2019hydrocarbures par l\u2019utilisation de m\u00e9thodes de r\u00e9cup\u00e9ration assist\u00e9e tout en garantissant la conservation des gisements, ainsi que le renforcement des capacit\u00e9s de production.<\/p>\n<p>Sur le plan l\u00e9gislatif, l&rsquo;Alg\u00e9rie s&rsquo;est dot\u00e9e d&rsquo;une nouvelle loi r\u00e9gissant les activit\u00e9s d\u2019hydrocarbures, laquelle introduit une r\u00e9vision du cadre fiscal, juridique et institutionnel relatif \u00e0 ce secteur.<\/p>\n<p>Adopt\u00e9e en 2019 par les deux chambres de Parlement, ce texte d\u00e9termine le r\u00e9gime juridique, le cadre institutionnel, le r\u00e9gime fiscal applicable aux activit\u00e9s en amont, ainsi que les droits et obligations des personnes exer\u00e7ant les activit\u00e9s d&rsquo;hydrocarbures.<\/p>\n<p>Ainsi, trois formes de contrats ont \u00e9t\u00e9 introduites dans la nouvelle loi pour assurer plus d&rsquo;attractivit\u00e9 dans le secteur et \u00e9pargner les ressources financi\u00e8re de Sonatrach, en mati\u00e8re d&rsquo;investissement.<\/p>\n<p>En mati\u00e8re de gestion, un nouveau Pr\u00e9sident-directeur g\u00e9n\u00e9ral (P-DG) a \u00e9t\u00e9 d\u00e9sign\u00e9 par le pr\u00e9sident de la R\u00e9publique \u00e0 la t\u00eate du Groupe Sonatrach.<\/p>\n<p>Il s&rsquo;agit de M. Toufik Hakkar qui avait occup\u00e9 plusieurs postes importants dans le secteur des hydrocarbures notamment celui de vice-pr\u00e9sident Business Development et Marketing de la Sonatrach.<\/p>\n<p>Le nouveau P-DG a indiqu\u00e9 que la premi\u00e8re mission de Sonatrach consistait \u00e0 satisfaire les besoins du march\u00e9 national et de contribuer au d\u00e9veloppement socio-\u00e9conomique du pays, et c&rsquo;est pourquoi la responsabilit\u00e9 du groupe s&rsquo;av\u00e8re \u00e0 la fois grande et sensible, impliquant un renouvellement constant des capacit\u00e9s en faveur de la communaut\u00e9 nationale, aussi bien \u00e0 travers la mise \u00e0 niveau, la valorisation et la prise en charge constante de la ressource humaine, qu&rsquo;\u00e0 travers le renouvellement des r\u00e9serves d&rsquo;hydrocarbures, en recul d&rsquo;ann\u00e9e en ann\u00e9e.\u00a0\u00a0 (APS)<\/p>\n<p>Auteur: elmoudjahid<br \/>\n<a href=\"http:\/\/www.elmoudjahid.com\/fr\/actualites\/148748\">Cliquez ici pour lire l&rsquo;article depuis sa source.<\/a><\/p>\n","protected":false},"excerpt":{"rendered":"<p>Le 49\u00e8me anniversaire de la nationalisation des hydrocarbures intervient dans un contexte particulier marqu\u00e9 par des mutations politiques et \u00e9conomiques importantes, \u00e0 travers un \u00ab\u00a0nouveau pacte\u00a0\u00bb reposant notamment sur la transition \u00e9nerg\u00e9tique qui constituera d\u00e9sormais un levier du d\u00e9veloppement,\u00a0 vues les potentialit\u00e9s que rec\u00e8le le pays en termes de ressources d&rsquo;\u00e9nergies renouvelables. Cette transition devrait [&hellip;]<\/p>\n","protected":false},"author":1744,"featured_media":0,"comment_status":"closed","ping_status":"closed","sticky":false,"template":"","format":"standard","meta":{"fifu_image_url":"","fifu_image_alt":"","footnotes":""},"categories":[73,53],"tags":[],"class_list":["post-76938","post","type-post","status-publish","format-standard","hentry","category-actualite","category-algerie"],"_links":{"self":[{"href":"https:\/\/linitiative.ca\/International\/wp-json\/wp\/v2\/posts\/76938","targetHints":{"allow":["GET"]}}],"collection":[{"href":"https:\/\/linitiative.ca\/International\/wp-json\/wp\/v2\/posts"}],"about":[{"href":"https:\/\/linitiative.ca\/International\/wp-json\/wp\/v2\/types\/post"}],"author":[{"embeddable":true,"href":"https:\/\/linitiative.ca\/International\/wp-json\/wp\/v2\/users\/1744"}],"replies":[{"embeddable":true,"href":"https:\/\/linitiative.ca\/International\/wp-json\/wp\/v2\/comments?post=76938"}],"version-history":[{"count":0,"href":"https:\/\/linitiative.ca\/International\/wp-json\/wp\/v2\/posts\/76938\/revisions"}],"wp:attachment":[{"href":"https:\/\/linitiative.ca\/International\/wp-json\/wp\/v2\/media?parent=76938"}],"wp:term":[{"taxonomy":"category","embeddable":true,"href":"https:\/\/linitiative.ca\/International\/wp-json\/wp\/v2\/categories?post=76938"},{"taxonomy":"post_tag","embeddable":true,"href":"https:\/\/linitiative.ca\/International\/wp-json\/wp\/v2\/tags?post=76938"}],"curies":[{"name":"wp","href":"https:\/\/api.w.org\/{rel}","templated":true}]}}