{"id":76943,"date":"2020-02-23T08:35:00","date_gmt":"2020-02-23T13:35:00","guid":{"rendered":"https:\/\/linitiative.ca\/International\/102059-cyclisme-tour-du-rwanda-2020-1re-etape-azzedine-lagab-termine-a-la-22e-place\/"},"modified":"2020-02-23T08:35:00","modified_gmt":"2020-02-23T13:35:00","slug":"102059-cyclisme-tour-du-rwanda-2020-1re-etape-azzedine-lagab-termine-a-la-22e-place","status":"publish","type":"post","link":"https:\/\/linitiative.ca\/International\/102059-cyclisme-tour-du-rwanda-2020-1re-etape-azzedine-lagab-termine-a-la-22e-place\/","title":{"rendered":"Cyclisme\/ Tour du Rwanda 2020: Azzedine Lagab termine \u00e0 la 22e place"},"content":{"rendered":"<div readability=\"40\">\n<p><strong>KIGALI- Le cycliste alg\u00e9rien Azzedine Lagab, soci\u00e9taire du GS P\u00e9troliers, a termin\u00e9 dimanche \u00e0 la 22e place, lors de la premi\u00e8re \u00e9tape de la 12e \u00e9dition du tour international cycliste du Rwanda 2020 (23 f\u00e9vrier &#8211; 1e mars), courue entre Kigali Arena et Kimironko sur une distance de 114,4 Km.<\/strong><\/p>\n<\/div>\n<div readability=\"78.5\">\n<p>Lagab a boucl\u00e9 cette \u00e9tape inaugurale en 2h45&rsquo;39\u00a0\u00bb, \u00e0 40 secondes de retard sur le vainqueur de l&rsquo;\u00e9tape le Kazakh Fedorov Yevgeniy (Vino &#8211; Astana Motors), auteur d&rsquo;un chrono de 2h44&rsquo;59\u00a0\u00bb.<\/p>\n<p>La deuxi\u00e8me place est revenue \u00e0 l&rsquo;Erythr\u00e9en Mulueberhan Henok (2h45&rsquo;14\u00a0\u00bb), alors que son compatriote Hailu Biniam (Nippo Delko Provence) a pris la troisi\u00e8me place (2h45&rsquo;17\u00a0\u00bb). A l&rsquo;issue de sa victoire,\u00a0 Fedorov Yevgeniy s&#8217;empare du maillot jaune de leader.<\/p>\n<blockquote readability=\"10\">\n<p><em><strong>Outre Lagab, quatre autres cyclistes alg\u00e9riens sont pr\u00e9sents au Rwanda : Abdelraouf Bengayou, Oussama Chablaoui, Hadj-Bouzid Abderrahmane Karim, et Ayoub Sahiri.<\/strong><\/em><\/p>\n<\/blockquote>\n<p>La deuxi\u00e8me \u00e9tape est pr\u00e9vue lundi entre Kigali et Huye sur une distance de 120,5 Km.<\/p>\n<p>Organis\u00e9 depuis 1988, le Tour du Rwanda \u00e9tait une course amateur, jusqu\u2019en 2009. L\u2019ann\u00e9e derni\u00e8re, apr\u00e8s 10 ans en cat\u00e9gorie 2.1, l\u2019UCI lui a donn\u00e9 le badge pour le 2.2. Le tenant du maillot jaune est l\u2019Erythr\u00e9en Merhawi Kudus.<\/p>\n<p><strong>Les 7 \u00e9tapes restantes du Tour du Rwanda 2020 :<\/strong><\/p>\n<p>2e \u00e9tape (24 f\u00e9vrier) : Kigali-Huye: 120,5 Km<\/p>\n<p>3e \u00e9tape (25 f\u00e9vrier) : Huye-Rusizi: 142,0 Km<\/p>\n<p>4e \u00e9tape (26 f\u00e9vrier) : Rusizi-Rubavu: 206,3 Km<\/p>\n<p>5e \u00e9tape (27 f\u00e9vrier) : Rubavu-Musanze: 84,7 Km<\/p>\n<p>6e \u00e9tape (28 f\u00e9vrier) : Musanze-Muhanga:127,3 Km<\/p>\n<p>7e \u00e9tape (29 f\u00e9vrier) : Nyamirambo-Mur de Kigali: 4,5 Km<\/p>\n<p>8e \u00e9tape (1 mars)\u00a0\u00a0\u00a0\u00a0 : Kigali Expo Ground-Rebero: 89,3 Km .<\/p>\n<\/div>\n<p>Auteur:<br \/>\n<a href=\"http:\/\/www.aps.dz\/sport\/102059-cyclisme-tour-du-rwanda-2020-1re-etape-azzedine-lagab-termine-a-la-22e-place?utm_source=feedburner&#038;utm_medium=feed&#038;utm_campaign=Feed%3A+aps-sport+%28APS+-+SPORT%29\">Cliquez ici pour lire l&rsquo;article depuis sa source.<\/a><\/p>\n","protected":false},"excerpt":{"rendered":"<p>KIGALI- Le cycliste alg\u00e9rien Azzedine Lagab, soci\u00e9taire du GS P\u00e9troliers, a termin\u00e9 dimanche \u00e0 la 22e place, lors de la premi\u00e8re \u00e9tape de la 12e \u00e9dition du tour international cycliste du Rwanda 2020 (23 f\u00e9vrier &#8211; 1e mars), courue entre Kigali Arena et Kimironko sur une distance de 114,4 Km. Lagab a boucl\u00e9 cette \u00e9tape [&hellip;]<\/p>\n","protected":false},"author":1790,"featured_media":0,"comment_status":"closed","ping_status":"closed","sticky":false,"template":"","format":"standard","meta":{"fifu_image_url":"","fifu_image_alt":"","footnotes":""},"categories":[53,75],"tags":[],"class_list":["post-76943","post","type-post","status-publish","format-standard","hentry","category-algerie","category-sport"],"_links":{"self":[{"href":"https:\/\/linitiative.ca\/International\/wp-json\/wp\/v2\/posts\/76943","targetHints":{"allow":["GET"]}}],"collection":[{"href":"https:\/\/linitiative.ca\/International\/wp-json\/wp\/v2\/posts"}],"about":[{"href":"https:\/\/linitiative.ca\/International\/wp-json\/wp\/v2\/types\/post"}],"author":[{"embeddable":true,"href":"https:\/\/linitiative.ca\/International\/wp-json\/wp\/v2\/users\/1790"}],"replies":[{"embeddable":true,"href":"https:\/\/linitiative.ca\/International\/wp-json\/wp\/v2\/comments?post=76943"}],"version-history":[{"count":0,"href":"https:\/\/linitiative.ca\/International\/wp-json\/wp\/v2\/posts\/76943\/revisions"}],"wp:attachment":[{"href":"https:\/\/linitiative.ca\/International\/wp-json\/wp\/v2\/media?parent=76943"}],"wp:term":[{"taxonomy":"category","embeddable":true,"href":"https:\/\/linitiative.ca\/International\/wp-json\/wp\/v2\/categories?post=76943"},{"taxonomy":"post_tag","embeddable":true,"href":"https:\/\/linitiative.ca\/International\/wp-json\/wp\/v2\/tags?post=76943"}],"curies":[{"name":"wp","href":"https:\/\/api.w.org\/{rel}","templated":true}]}}