{"id":76948,"date":"2020-02-23T12:19:00","date_gmt":"2020-02-23T17:19:00","guid":{"rendered":"https:\/\/linitiative.ca\/International\/moul-firma-a-la-place-du-barail\/"},"modified":"2020-02-23T12:19:00","modified_gmt":"2020-02-23T17:19:00","slug":"moul-firma-a-la-place-du-barail","status":"publish","type":"post","link":"https:\/\/linitiative.ca\/International\/moul-firma-a-la-place-du-barail\/","title":{"rendered":"Moul Firma \u00e0  la place du Barail"},"content":{"rendered":"<p><br id=\"sep_para_1\" class=\"sep_para access\"\/><\/p>\n<div id=\"para_1\" class=\"para_35658249 resize\">\n<div class=\"photo shadow left\"><img decoding=\"async\" class=\"responsive c9\" src=\"https:\/\/www.reflexiondz.net\/photo\/art\/grande\/43051651-35658249.jpg?v=1582479440\" alt=\"Moul Firma \u00e0 la place du Barail\" title=\"Moul Firma \u00e0 la place du Barail\"\/><img decoding=\"async\" class=\"not-responsive\" src=\"https:\/\/www.reflexiondz.net\/photo\/art\/default\/43051651-35658249.jpg?v=1582479440\" alt=\"Moul Firma \u00e0 la place du Barail\" title=\"Moul Firma \u00e0 la place du Barail\"\/><\/div>\n<div class=\"texte access firstletter\">Moul Firma \u00e9tait hier \u00e0 la place \u2018\u2019Abdelkrim AYACHI\u2019\u2019 \u00e0 Mostaganem ex-place du Barail, il \u00e9tait l\u00e0 avec son beau costume, un cigare \u00e0 la main, contemplant avec arrogance, les gens attabl\u00e9s sur la placette, tenant entre les mains le journal R\u00e9flexion, feuilletant les pages enflamm\u00e9es par des articles sur le Fassad, les yeux \u00e9carquill\u00e9s de peur ; tandis qu\u2019une autre foule, un m\u00e9lange surtout de politiciens syndicalistes et Faceboukeurs coudoyant le comptoir de la cafeteria de \u2018\u2019Tout va bien\u2019\u2019,\u00a0 horrifi\u00e9s en fixant Moul Firma avec un d\u00e9chirant regard. Un paysage \u00e9mouvant, qui l\u00e9gitime la fiert\u00e9 de Moul Firma qui a remu\u00e9 la marmite des scandales fonciers \u2026<br \/>Moul Firma bien dans ses habits, prend place \u00e0 c\u00f4t\u00e9 d\u2019un \u00e9lu qui \u00e9tait en pleine discussion sur l\u2019affaire scandaleuse du d\u00e9tournement de la Sonitex, tend ses oreilles : Ce dernier, d\u2019un air furieux disait \u00e0 son ami qui s\u2019int\u00e9ressait \u00e0 peine \u00e0 sa discussion,\u2018\u2019 tu vois cher ami , cet ex-wali a vendu Mostaganem et voulait nous faire croire qu\u2019il combattait le Fassad, alors qu\u2019il jouait la com\u00e9die en suspendant des petits maires pour mauvaise gestion , \u00e9pargnant certains de ses directeurs de l\u2019ex\u00e9cutif sous contr\u00f4le judicaire , ajoutant : mais la faute incombe aux \u00e9lus de l\u2019APW et les d\u00e9put\u00e9s , qui au lieu d\u2019interpeller ce wali sur la mauvaise gestion du foncier, il lui ont organis\u00e9 une c\u00e9r\u00e9monie d\u2019adieu et lui ont offert des cadeaux , mart\u00e8le l\u2019\u00e9lu !\u00a0 \u00a0<br \/>C&rsquo;est toujours le m\u00eame rite, murmura Moul Firma, au fond de cette placette, la \u2018\u2019tchatche\u2019\u2019, l\u2019hypocrisie et la politique \u00e0 deux visages, sur cette table s\u2019assoient des fr\u00e8res ennemis et sur l\u2019autre les politicos qui vantent leurs palmar\u00e8s. A les entendre, ils sont tous fr\u00e8res unis corps et \u00e2mes pour d\u00e9fendre leur ville mais une fois face aux autorit\u00e9s, ils se poignardent dans le dos les uns les autres \u2026 encha\u00eenant : Mostaganem est victime de ses enfants, et c\u2019est \u00e7a qui a fait la force des autorit\u00e9s corrompues, dira Moul Firma avant de se diriger vers le comptoir pour se faire servir un caf\u00e9.<br \/>Le voyant venir, un jeune devant le comptoir d\u00e9gustant son caf\u00e9, invita poliment Moul Firma avant de lui dire : Je suis un jeune du Hirak, et je suis de pr\u00e8s toutes vos publications, je suis tr\u00e8s fier qu\u2019\u00e0 Mostaganem, il\u00a0 existe encore d\u2019honn\u00eates gens qui d\u00e9fendent leur pays !<br \/>Moul Firma, r\u00e9chauff\u00e9 par le t\u00e9moignage de ce jeune, lui dit, c\u2019est r\u00e9ciproque mon fils, et c\u2019est aussi gr\u00e2ce \u00e0 la r\u00e9volution pacifique de notre jeunesse que l\u2019Alg\u00e9rie s\u2019est d\u00e9barrass\u00e9e de la Issaba, et respire aujourd\u2019hui le vent de la libert\u00e9 de la nouvelle Alg\u00e9rie, ajoutant, il n\u2019y a pas plus valeureux t\u00e9moignage que celui de notre pr\u00e9sident qui a fait du 22 f\u00e9vrier, le d\u00e9but du Hirak, comme journ\u00e9e nationale, confirme Moul firma avant de lui couper la parole le jeune pour lui dire : Je suis heureux Si El Hadj ,parce que je n\u2019ai jamais imagin\u00e9 dans ma vie qu\u2019un jour , je verrais de mes propres yeux , le grand Rabrab , Mehri, des walis et des directeurs\u00a0 convoqu\u00e9s au tribunal et d\u2019autres hauts responsables mis en prison , alors qu\u2019il fut un temps o\u00f9 je croyais que seuls les petits voleurs , les drogu\u00e9s et les petits corrompus sont mis en taule et les autres sont intouchables !\u2019\u2019 Voil\u00e0 la vraie nouvelle Alg\u00e9rie lui r\u00e9pond Moul Firma avant de s\u2019en aller.\u00a0\u00a0\u00a0\u00a0\u00a0\u00a0\u00a0\u00a0\u00a0 \u00a0<\/div>\n<\/div>\n<p>Auteur: R\u00e9flexion<br \/>\n<a href=\"https:\/\/www.reflexiondz.net\/Moul-Firma-a-la-place-du-Barail_a60837.html\">Cliquez ici pour lire l&rsquo;article depuis sa source.<\/a><\/p>\n","protected":false},"excerpt":{"rendered":"<p>Moul Firma \u00e9tait hier \u00e0 la place \u2018\u2019Abdelkrim AYACHI\u2019\u2019 \u00e0 Mostaganem ex-place du Barail, il \u00e9tait l\u00e0 avec son beau costume, un cigare \u00e0 la main, contemplant avec arrogance, les gens attabl\u00e9s sur la placette, tenant entre les mains le journal R\u00e9flexion, feuilletant les pages enflamm\u00e9es par des articles sur le Fassad, les yeux \u00e9carquill\u00e9s [&hellip;]<\/p>\n","protected":false},"author":1740,"featured_media":0,"comment_status":"closed","ping_status":"closed","sticky":false,"template":"","format":"standard","meta":{"fifu_image_url":"","fifu_image_alt":"","footnotes":""},"categories":[53,76],"tags":[],"class_list":["post-76948","post","type-post","status-publish","format-standard","hentry","category-algerie","category-regions"],"_links":{"self":[{"href":"https:\/\/linitiative.ca\/International\/wp-json\/wp\/v2\/posts\/76948","targetHints":{"allow":["GET"]}}],"collection":[{"href":"https:\/\/linitiative.ca\/International\/wp-json\/wp\/v2\/posts"}],"about":[{"href":"https:\/\/linitiative.ca\/International\/wp-json\/wp\/v2\/types\/post"}],"author":[{"embeddable":true,"href":"https:\/\/linitiative.ca\/International\/wp-json\/wp\/v2\/users\/1740"}],"replies":[{"embeddable":true,"href":"https:\/\/linitiative.ca\/International\/wp-json\/wp\/v2\/comments?post=76948"}],"version-history":[{"count":0,"href":"https:\/\/linitiative.ca\/International\/wp-json\/wp\/v2\/posts\/76948\/revisions"}],"wp:attachment":[{"href":"https:\/\/linitiative.ca\/International\/wp-json\/wp\/v2\/media?parent=76948"}],"wp:term":[{"taxonomy":"category","embeddable":true,"href":"https:\/\/linitiative.ca\/International\/wp-json\/wp\/v2\/categories?post=76948"},{"taxonomy":"post_tag","embeddable":true,"href":"https:\/\/linitiative.ca\/International\/wp-json\/wp\/v2\/tags?post=76948"}],"curies":[{"name":"wp","href":"https:\/\/api.w.org\/{rel}","templated":true}]}}