{"id":76949,"date":"2020-02-23T12:19:00","date_gmt":"2020-02-23T17:19:00","guid":{"rendered":"https:\/\/linitiative.ca\/International\/le-general-major-medjahed-nomme-a-la-presidence\/"},"modified":"2020-02-23T12:19:00","modified_gmt":"2020-02-23T17:19:00","slug":"le-general-major-medjahed-nomme-a-la-presidence","status":"publish","type":"post","link":"https:\/\/linitiative.ca\/International\/le-general-major-medjahed-nomme-a-la-presidence\/","title":{"rendered":"Le g\u00e9n\u00e9ral-major Medjahed, nomm\u00e9 \u00e0 la Pr\u00e9sidence"},"content":{"rendered":"<p><br id=\"sep_para_1\" class=\"sep_para access\"\/><\/p>\n<div id=\"para_1\" class=\"para_35658245 resize\">\n<div class=\"texte access firstletter\">Le Pr\u00e9sident de la R\u00e9publique, Abdelmadjid Tebboune, a nomm\u00e9 le g\u00e9n\u00e9ral- major \u00e0 la retraite, Abdelaziz Medjahed\u00a0 comme conseiller \u00e0 la Pr\u00e9sidence, en qualit\u00e9 de charg\u00e9 des affaires s\u00e9curitaires et militaires. Le d\u00e9cret N\u00b009\/2020, a \u00e9t\u00e9 promulgu\u00e9 en date du 12 f\u00e9vrier 2020. Il porte, \u00e9galement, sur d\u2019autres nominations \u00e0 des postes de charg\u00e9s de missions. A noter qu\u2019Abdelaziz Medjahed est connu pour ses interventions sur les plateaux TV o\u00f9 il d\u00e9livre des analyses pertinentes sur les questions d\u2019ordre s\u00e9curitaires et militaires globales. Ex chef d\u2019\u00e9tat major des forces terrestres, il a dirig\u00e9 l\u2019\u00e9cole militaire inter armes de Cherchell. Le g\u00e9n\u00e9ral major \u00e0 la retraite Abdelaziz Medjahed est \u00e9galement analyste et expert en s\u00e9curit\u00e9 et strat\u00e9gie.<\/div>\n<\/div>\n<p>Auteur: R\u00e9flexion<br \/>\n<a href=\"https:\/\/www.reflexiondz.net\/Le-general-major-Medjahed-nomme-a-la-Presidence_a60836.html\">Cliquez ici pour lire l&rsquo;article depuis sa source.<\/a><\/p>\n","protected":false},"excerpt":{"rendered":"<p>Le Pr\u00e9sident de la R\u00e9publique, Abdelmadjid Tebboune, a nomm\u00e9 le g\u00e9n\u00e9ral- major \u00e0 la retraite, Abdelaziz Medjahed\u00a0 comme conseiller \u00e0 la Pr\u00e9sidence, en qualit\u00e9 de charg\u00e9 des affaires s\u00e9curitaires et militaires. Le d\u00e9cret N\u00b009\/2020, a \u00e9t\u00e9 promulgu\u00e9 en date du 12 f\u00e9vrier 2020. Il porte, \u00e9galement, sur d\u2019autres nominations \u00e0 des postes de charg\u00e9s de [&hellip;]<\/p>\n","protected":false},"author":1740,"featured_media":0,"comment_status":"closed","ping_status":"closed","sticky":false,"template":"","format":"standard","meta":{"fifu_image_url":"","fifu_image_alt":"","footnotes":""},"categories":[53,76],"tags":[],"class_list":["post-76949","post","type-post","status-publish","format-standard","hentry","category-algerie","category-regions"],"_links":{"self":[{"href":"https:\/\/linitiative.ca\/International\/wp-json\/wp\/v2\/posts\/76949","targetHints":{"allow":["GET"]}}],"collection":[{"href":"https:\/\/linitiative.ca\/International\/wp-json\/wp\/v2\/posts"}],"about":[{"href":"https:\/\/linitiative.ca\/International\/wp-json\/wp\/v2\/types\/post"}],"author":[{"embeddable":true,"href":"https:\/\/linitiative.ca\/International\/wp-json\/wp\/v2\/users\/1740"}],"replies":[{"embeddable":true,"href":"https:\/\/linitiative.ca\/International\/wp-json\/wp\/v2\/comments?post=76949"}],"version-history":[{"count":0,"href":"https:\/\/linitiative.ca\/International\/wp-json\/wp\/v2\/posts\/76949\/revisions"}],"wp:attachment":[{"href":"https:\/\/linitiative.ca\/International\/wp-json\/wp\/v2\/media?parent=76949"}],"wp:term":[{"taxonomy":"category","embeddable":true,"href":"https:\/\/linitiative.ca\/International\/wp-json\/wp\/v2\/categories?post=76949"},{"taxonomy":"post_tag","embeddable":true,"href":"https:\/\/linitiative.ca\/International\/wp-json\/wp\/v2\/tags?post=76949"}],"curies":[{"name":"wp","href":"https:\/\/api.w.org\/{rel}","templated":true}]}}