{"id":76954,"date":"2020-02-23T04:12:34","date_gmt":"2020-02-23T09:12:34","guid":{"rendered":"https:\/\/linitiative.ca\/International\/ammar-belhimer-ministre-de-la-communication-et-porte-parole-du-gouvernement-le-hirak-a-evite-au-pays-un-effondrement-annonce\/"},"modified":"2020-02-23T04:12:34","modified_gmt":"2020-02-23T09:12:34","slug":"ammar-belhimer-ministre-de-la-communication-et-porte-parole-du-gouvernement-le-hirak-a-evite-au-pays-un-effondrement-annonce","status":"publish","type":"post","link":"https:\/\/linitiative.ca\/International\/ammar-belhimer-ministre-de-la-communication-et-porte-parole-du-gouvernement-le-hirak-a-evite-au-pays-un-effondrement-annonce\/","title":{"rendered":"Ammar Belhimer. Ministre de la Communication et porte-parole du gouvernement : \u00abLe hirak a \u00e9vit\u00e9 au pays un effondrement annonc\u00e9\u00bb"},"content":{"rendered":"<h4 class=\"title-14\"\/>\n<div class=\"featured_image\"><img loading=\"lazy\" decoding=\"async\" width=\"500\" height=\"474\" src=\"https:\/\/www.elwatan.com\/wp-content\/uploads\/2020\/02\/Belhimer1-620x330.gif\" class=\"attachment-post-thumbnail size-post-thumbnail wp-post-image\" alt=\"Ammar Belhimer. Ministre de la Communication et porte-parole du gouvernement\"\/><\/div>\n<p class=\"p4\"><em><strong><span class=\"s2\">\u2013 Monsieur le ministre, vous avez parl\u00e9 sur les ondes de la radio Cha\u00eene 3 du d\u00e9labrement de l\u2019\u00e9conomie nationale h\u00e9rit\u00e9e de l\u2019\u00e8re Bouteflika. Comment en sommes-nous arriv\u00e9s \u00e0 cette situation pourtant pr\u00e9visible ? Quels sont les m\u00e9canismes qui n\u2019ont pas fonctionn\u00e9 au niveau institutionnel pour assister aujourd\u2019hui \u00e0 une telle catastrophe ?<\/span><\/strong><\/em><\/p>\n<p class=\"p4\"><span class=\"s2\">A vrai dire, le gouvernement ne s\u2019appesantit pas sur le bilan du pass\u00e9. C\u2019est incidemment que son programme d\u2019action l\u2019\u00e9voque pour mettre en \u00e9vidence trois directions d\u2019effort.<\/span><\/p>\n<p class=\"p4\"><span class=\"s2\">Au plan politique, l\u2019urgence de r\u00e9visions profondes quant aux modes de gouvernance qui ont creus\u00e9 le foss\u00e9 entre un Etat dispendieux et des pans entiers de la soci\u00e9t\u00e9 toujours plus fragilis\u00e9s ; la perte de cr\u00e9dit des institutions, la perte de confiance et la difficult\u00e9 \u00e0 communiquer sont des aspects diff\u00e9rents d\u2019une m\u00eame r\u00e9alit\u00e9.<\/span><\/p>\n<p class=\"p4\"><span class=\"s2\">Au plan social, la n\u00e9cessit\u00e9 de mettre un terme \u00e0 la paup\u00e9risation croissante de larges couches sociales \u2013 les \u00abzones d\u2019ombre\u00bb de l\u2019Alg\u00e9rie ind\u00e9pendante \u2013, de garantir l\u2019\u00e9galit\u00e9 de chances dans l\u2019acc\u00e8s \u00e0 l\u2019emploi et aux fonctions officielles, de proscrire la hogra et de susciter un climat de confiance et d\u2019adh\u00e9sion ; l\u2019Alg\u00e9rie nouvelle \u00e0 laquelle nous aspirons n\u2019exclut personne.<\/span><\/p>\n<p class=\"p4\"><span class=\"s2\">Au plan \u00e9conomique, il conviendra \u00e9galement de rassurer les op\u00e9rateurs lourdement impact\u00e9s par le caract\u00e8re inadapt\u00e9 des choix faits en mati\u00e8re de gestion de la chose \u00e9conomique par le blocage des m\u00e9canismes de la concurrence, mais aussi par l\u2019instabilit\u00e9 l\u00e9gislative et l\u2019absence de visibilit\u00e9, en raison notamment de l\u2019ins\u00e9curit\u00e9 juridique.<\/span><\/p>\n<p class=\"p4\"><span class=\"s2\">La crise syst\u00e9mique que vit notre pays est d\u2019essence politique. Elle commande donc un traitement radical du mode de gouvernance, des conditions d\u2019acc\u00e8s au pouvoir et de son exercice, avec une soci\u00e9t\u00e9 civile vigoureuse et une classe politique digne de ce nom.<\/span><\/p>\n<p class=\"p4\"><span class=\"s2\">C\u2019est la raison pour laquelle le plan d\u2019action du gouvernement place la reconqu\u00eate des libert\u00e9s au premier niveau de ses pr\u00e9occupations.<\/span><\/p>\n<p class=\"p4\"><span class=\"s2\">C\u2019est la voie idoine, la clef pour traiter efficacement les autres dossiers : la r\u00e9forme financi\u00e8re, le renouveau \u00e9conomique, le d\u00e9veloppement humain, la politique sociale, la politique \u00e9trang\u00e8re, et celle de la s\u00e9curit\u00e9 et de la d\u00e9fense nationales.<\/span><\/p>\n<p class=\"p4\"><em><strong><span class=\"s2\">\u2013 Tous les Alg\u00e9riens suivent avec une attention accrue les proc\u00e8s des anciens ministres et Premiers ministres en d\u00e9tention provisoire sous de graves chefs d\u2019inculpation, axant leur int\u00e9r\u00eat sur la r\u00e9cup\u00e9ration des fonds d\u00e9tourn\u00e9s et \u00e0 la mise en place de m\u00e9canismes efficients pour \u00e9viter la reproduction de tels m\u00e9faits. Comment le pr\u00e9sident de la R\u00e9publique et son gouvernement projettent-ils de r\u00e9pondre \u00e0 ces attentes l\u00e9gitimes ?<\/span><\/strong><\/em><\/p>\n<p class=\"p4\">Le pr\u00e9sident de la R\u00e9publique affirme une ferme d\u00e9termination \u00e0 rapatrier les fonds ill\u00e9galement transf\u00e9r\u00e9s \u00e0 l\u2019\u00e9tranger et le ministre de la Justice, garde des Sceaux, s\u2019applique d\u00e9j\u00e0 \u00e0 activer les proc\u00e9dures requises \u00e0 cet effet.<\/p>\n<p class=\"p4\"><span class=\"s2\">Comme je l\u2019ai d\u00e9j\u00e0 soulign\u00e9 ici m\u00eame dans les colonnes d\u2019<em>El Watan<\/em>, la convention des Nations unies contre la corruption pr\u00e9voit la restitution obligatoire des avoirs illicites d\u00e9tenus \u00e0 l\u2019\u00e9tranger, mais \u00e0 l\u2019exp\u00e9rience, seuls trois pays \u2013 la Suisse, l\u2019Angleterre et les Etats-Unis \u2013 restituent peu ou prou les avoirs confisqu\u00e9s.<\/span><\/p>\n<p class=\"p4\"><span class=\"s2\">La Suisse a d\u00e9j\u00e0 organis\u00e9 le rapatriement de 2 milliards de dollars d\u2019avoirs illicites par le canal des fondations appropri\u00e9es ou d\u2019accords de coop\u00e9ration avec des institutions de d\u00e9veloppement comme la Banque mondiale.<\/span><\/p>\n<p class=\"p4\"><span class=\"s2\">S\u2019agissant de notre pays, c\u2019est vers la France que se tournent tous les regards, mais rien n\u2019indique qu\u2019elle consente \u00e0 se dessaisir ais\u00e9ment des biens transf\u00e9r\u00e9s vers elle sous forme d\u2019acquisitions immobili\u00e8res, de fonds de commerce et autres activit\u00e9s commerciales ou industrielles.<\/span><\/p>\n<p class=\"p4\"><span class=\"s2\">La proposition de loi relative \u00e0 l\u2019affectation des avoirs issus de la corruption internationale, adopt\u00e9e par le S\u00e9nat fran\u00e7ais le 2 mai 2019, \u00e0 l\u2019initiative de Jean-Pierre Sueur (Parti socialiste) envisage non pas la restitution de ces fonds aux pays d\u2019origine, mais la cr\u00e9ation d\u2019un fonds destin\u00e9 \u00e0 recueillir les recettes provenant de la confiscation des biens mobiliers et immobiliers de ces personnalit\u00e9s politiques \u00e9trang\u00e8res condamn\u00e9es en France pour avoir us\u00e9 de leurs fonctions \u00e0 des fins d\u2019enrichissement personnel.<\/span><\/p>\n<p class=\"p4\"><span class=\"s2\">Comme cela est indiqu\u00e9 dans les 54 engagements de Monsieur le pr\u00e9sident de la R\u00e9publique, ainsi que dans ses orientations et directives formul\u00e9es lors des r\u00e9unions des Conseils de ministres et ses d\u00e9clarations \u00e0 la presse nationale, l\u2019Alg\u00e9rie sera au rendez-vous d\u2019un moment fondateur avec une nouvelle Constitution qui jettera les bases d\u2019une Alg\u00e9rie d\u00e9mocratique et sociale qui tient pleinement compte de son identit\u00e9.<\/span><\/p>\n<p class=\"p4\"><em><strong><span class=\"s2\">\u2013 La bonne gouvernance pr\u00f4n\u00e9e par le pr\u00e9sident Abdelmadjid Tebboune n\u00e9cessite un r\u00e9am\u00e9nagement notable des lois et des r\u00e8glements existants, ce qui demande beaucoup de temps\u2026 Quelles sont, d\u2019apr\u00e8s vous, les premi\u00e8res r\u00e9formes que doit op\u00e9rer le gouvernement de M. Djerad, ou du moins les plus urgentes ?<\/span><\/strong><\/em><\/p>\n<p class=\"p4\">Le rapport de la Banque mondiale sur la croissance \u00abStrat\u00e9gies \u00e0 l\u2019appui d\u2019une croissance durable et d\u2019un d\u00e9veloppement solidaire\u00bb, \u00e9labor\u00e9 par la Commission sur la croissance et le d\u00e9veloppement, fait depuis longtemps doctrine en mati\u00e8re de r\u00e9formes requises pour passer de notre statut actuel de pays \u00e0 revenu interm\u00e9diaire \u00e0 celui de pays \u00e9mergent.<\/p>\n<p class=\"p4\"><span class=\"s2\">Il dresse un inventaire des vecteurs d\u2019une croissance forte et durable sur une tr\u00e8s longue p\u00e9riode : l\u2019apr\u00e8s-guerre. Les treize pays qui ont rempli les conditions requises pour ce type de croissance r\u00e9unissent \u00abcinq points de similitude frappants\u00bb :<\/span><\/p>\n<p class=\"p4\"><span class=\"s2\">\u2013 ils ont exploit\u00e9 au maximum l\u2019\u00e9conomie mondiale ; ils ont maintenu la stabilit\u00e9 macro\u00e9conomique ; ils ont associ\u00e9 des taux d\u2019\u00e9pargne et des taux d\u2019investissement \u00e9lev\u00e9s ; ils ont laiss\u00e9 les march\u00e9s affecter les ressources ; leurs gouvernants \u00e9taient tr\u00e8s impliqu\u00e9s, cr\u00e9dibles et comp\u00e9tents.<\/span><\/p>\n<p class=\"p4\"><span class=\"s2\">Sur le premier point, nous avons jusque-l\u00e0 entrepris une insertion n\u00e9gative dans la division du travail par le biais de la seule offre d\u2019\u00e9nergie.<\/span><\/p>\n<p class=\"p4\"><span class=\"s2\">L\u2019instabilit\u00e9 macro\u00e9conomique qui emp\u00eache que soit pris un cap de croissance durable est attest\u00e9e par des cycles d\u2019ajustements internes (1988-1990) et externes (1994-2000). Le mod\u00e8le alg\u00e9rien de d\u00e9veloppement est anachronique, inachev\u00e9, fr\u00e9quemment contrari\u00e9 et peu cumulatif.<\/span><\/p>\n<p class=\"p4\">Un \u00abr\u00e9am\u00e9nagement\u00bb, comme vous le dites, s\u2019impose avec pour objectif ultime de sortir du syst\u00e8me rentier, informel et bureaucratique. Pour y parvenir, trois axes d\u2019efforts sont privil\u00e9gi\u00e9s : la r\u00e9forme financi\u00e8re, le renouveau \u00e9conomique et la lutte contre le ch\u00f4mage et la promotion de l\u2019emploi (afin qu\u2019il rel\u00e8ve d\u00e9sormais de l\u2019\u00e9quation \u00e9conomique et non de la sph\u00e8re administrative).<\/p>\n<p class=\"p4\"><span class=\"s2\">La r\u00e9forme du syst\u00e8me financier est envisag\u00e9e dans quatre directions :<\/span><\/p>\n<p class=\"p4\"><span class=\"s2\">\u2013 la refonte du syst\u00e8me fiscal qui assure la justice \u2013 exon\u00e9ration des revenus mensuels inf\u00e9rieurs \u00e0 30 000 DA \u2013, l\u2019efficacit\u00e9 et la rapidit\u00e9 dans la perception des imp\u00f4ts, l\u2019instauration de nouvelles r\u00e8gles de gouvernance budg\u00e9taire : ici, la situation est telle qu\u2019elle frappe d\u2019invalidit\u00e9 toutes les politiques qui avaient \u00e9t\u00e9 mises en marche pour r\u00e9pondre \u00e0 la demande sociale et, au final, impose une nouvelle narration de l\u2019Etat avec pour id\u00e9es-cl\u00e9s, d\u2019une part, la r\u00e9duction des frais de fonctionnement de l\u2019Etat, le mot d\u2019ordre est \u00e9rig\u00e9 en principe et vaut dor\u00e9navant \u00abr\u00e8gle d\u2019or\u00bb ; d\u2019autre part, l\u2019abandon du paradigme de la relance par la seule d\u00e9pense publique et la redynamisation de l\u2019\u00e9conomie par l\u2019ouverture de nouveaux espaces et de nouvelles fen\u00eatres d\u2019opportunit\u00e9 pour l\u2019investissement et les solutions alternatives.<\/span><\/p>\n<p class=\"p4\"><span class=\"s2\">La modernisation du syst\u00e8me bancaire et financier, avec l\u2019av\u00e8nement de banques sp\u00e9cialis\u00e9es et de fonds d\u2019investissement d\u00e9di\u00e9s respectivement \u00e0 l\u2019habitat et aux petites et moyennes entreprises et start-up, ainsi que l\u2019ouverture d\u2019une premi\u00e8re agence bancaire nationale \u00e0 l\u2019\u00e9tranger.<\/span><\/p>\n<p class=\"p4\"><span class=\"s2\">Le d\u00e9veloppement de l\u2019information statistique et de la prospective, avec principalement la r\u00e9alisation prochaine du Recensement g\u00e9n\u00e9ral des populations et de l\u2019habitat et, dans son prolongement, la finalisation de l\u2019\u00e9tude strat\u00e9gique \u00abAlg\u00e9rie 2035\u00bb.<\/span><\/p>\n<p class=\"p4\"><em><strong><span class=\"s2\">\u2013 Vous avez joint votre parole \u00e0 celle du pr\u00e9sident de la R\u00e9publique pour saluer l\u2019av\u00e8nement du hirak qui a permis de mettre hors d\u2019\u00e9tat de nuire une horde de pr\u00e9dateurs \u00e0 la t\u00eate de l\u2019Etat, mais d\u2019un autre c\u00f4t\u00e9 on ne peut que d\u00e9plorer le maintien en d\u00e9tention de nombreux acteurs du hirak pour avoir exprim\u00e9 leurs opinions et leur col\u00e8re en public. Ne serait-il pas mieux pour le pr\u00e9sident de la R\u00e9publique de d\u00e9cr\u00e9ter une amnistie g\u00e9n\u00e9rale pour les d\u00e9tenus d\u2019opinion uniquement afin de satisfaire l\u2019une des principales revendications du hirak ?<\/span><\/strong><\/em><\/p>\n<p class=\"p4\"><span class=\"s2\">Le pr\u00e9sident de la R\u00e9publique Abdelmadjid Tebboune a sign\u00e9 le jeudi 6 f\u00e9vrier courant un d\u00e9cret pr\u00e9sidentiel pr\u00e9voyant des proc\u00e9dures d\u2019amnistie au profit d\u2019un deuxi\u00e8me groupe de<br \/>6249 condamn\u00e9s dont la peine restante est \u00e9gale ou inf\u00e9rieure \u00e0 18 mois de leur peine.<\/span><\/p>\n<p class=\"p4\"><span class=\"s2\">Le nombre total de prisonniers graci\u00e9s en vertu de ces d\u00e9crets pr\u00e9sidentiels et de ceux qui les ont pr\u00e9c\u00e9d\u00e9s le 1<sup>er<\/sup> f\u00e9vrier est de 9765 personnes.<\/span><\/p>\n<p class=\"p4\"><span class=\"s2\">Les d\u00e9crets pr\u00e9sidentiels excluent toutefois les personnes reconnues coupables de d\u00e9lits de terrorisme, de trahison, d\u2019espionnage, de meurtre, de trafic de drogue, de fuite, de destruction de biens, d\u2019empoisonnement, de d\u00e9lits avec ou sans violence, contre un mineur, viol, gaspillage intentionnel, d\u00e9tournements de fonds publics et, en g\u00e9n\u00e9ral, tous les d\u00e9lits de corruption stipul\u00e9s dans la loi 06-01 sur la pr\u00e9vention et la lutte contre la corruption, le blanchiment d\u2019argent, la contrefa\u00e7on de cr\u00e9dit, la contrebande et les infractions li\u00e9es \u00e0 la l\u00e9gislation et \u00e0 la r\u00e9glementation concernant les \u00e9changes et les mouvements de capitaux.<\/span><\/p>\n<p class=\"p4\"><span class=\"s2\">Parall\u00e8lement, le pr\u00e9sident de la R\u00e9publique a conf\u00e9r\u00e9 au \u00abhirak b\u00e9ni\u00bb l\u2019objectif patriotique historique d\u2019avoir \u00e9pargn\u00e9 \u00e0 l\u2019Etat alg\u00e9rien un effondrement annonc\u00e9. C\u2019est la raison pour laquelle il a d\u00e9cr\u00e9t\u00e9 le 22 f\u00e9vrier \u00abJourn\u00e9e nationale de la fraternit\u00e9 et de la coh\u00e9sion peuple-arm\u00e9e pour la d\u00e9mocratie\u00bb.<\/span><\/p>\n<p class=\"p4\"><em><strong><span class=\"s2\">\u2013 Vous avez h\u00e9rit\u00e9 vous-m\u00eame d\u2019une situation alarmante de la presse nationale. Comment comptez-vous r\u00e9gler le probl\u00e8me des cha\u00eenes de t\u00e9l\u00e9vision \u00aboffshore\u00bb qui sont de droit \u00e9tranger et b\u00e9n\u00e9ficient de la publicit\u00e9 publique, ce qui est contraire \u00e0 la loi ?<\/span><\/strong><\/em><\/p>\n<p class=\"p4\"><span class=\"s2\">Le plan d\u2019action du secteur de la communication comporte une t\u00e2che majeure : la r\u00e9gulation et l\u2019organisation de l\u2019activit\u00e9 des cha\u00eenes de t\u00e9l\u00e9vision priv\u00e9es.<\/span><\/p>\n<p class=\"p4\"><span class=\"s2\">La r\u00e9vision de la loi organique sur l\u2019information va in\u00e9vitablement engendrer la r\u00e9vision de la loi relative \u00e0 l\u2019audiovisuel, notamment en ce qui concerne l\u2019\u00e9largissement du champ audiovisuel au priv\u00e9 pour englober les cha\u00eenes \u00e0 caract\u00e8re g\u00e9n\u00e9ral et non plus \u00abth\u00e9matiques\u00bb, comme elles sont injustement qualifi\u00e9es aujourd\u2019hui.<\/span><\/p>\n<p class=\"p4\"><span class=\"s2\">Rappelons aussi qu\u2019en application de la loi relative \u00e0 l\u2019activit\u00e9 audiovisuelle qui repr\u00e9sente le cadre juridique organisant le champ audiovisuel, les cha\u00eenes publiques et priv\u00e9es activant en Alg\u00e9rie sont encadr\u00e9es par trois textes r\u00e9glementaires encore ineffectifs : primo, le d\u00e9cret ex\u00e9cutif fixant les conditions et les modalit\u00e9s de mise en \u0153uvre de l\u2019appel \u00e0 candidature pour l\u2019octroi de l\u2019autorisation de cr\u00e9ation d\u2019un service de communication audiovisuelle th\u00e9matique ; secundo, le d\u00e9cret ex\u00e9cutif fixant le montant et les modalit\u00e9s de versement de la contrepartie financi\u00e8re li\u00e9e \u00e0 l\u2019autorisation de cr\u00e9ation d\u2019un service de communication audiovisuelle th\u00e9matique et, tertio, le d\u00e9cret ex\u00e9cutif portant cahier des charges g\u00e9n\u00e9rales fixant les r\u00e8gles imposables \u00e0 tout service de diffusion t\u00e9l\u00e9visuelle ou de diffusion sonore.<\/span><\/p>\n<p class=\"p4\"><span class=\"s2\">Bien qu\u2019elles s\u2019adressent au public alg\u00e9rien, les cha\u00eenes \u00e9mettrices, au nombre de cinquante (50), sont r\u00e9gies par le droit \u00e9tranger.<\/span><\/p>\n<p class=\"p4\"><span class=\"s2\">Six (6) cha\u00eenes seulement ont b\u00e9n\u00e9fici\u00e9 d\u2019une accr\u00e9ditation provisoire pour l\u2019ouverture de bureaux de repr\u00e9sentation en Alg\u00e9rie. Rappelons \u00e0 ce sujet que ces accr\u00e9ditations ne repr\u00e9sentent nullement des autorisations pour la cr\u00e9ation des cha\u00eenes de t\u00e9l\u00e9vision priv\u00e9es.<\/span><\/p>\n<p class=\"p4\"><span class=\"s2\">L\u2019urgence de r\u00e9guler cette activit\u00e9 est dict\u00e9e par le traitement subjectif et contraire \u00e0 la d\u00e9ontologie, voire subversif, de certaines cha\u00eenes priv\u00e9es \u00e0 l\u2019encontre de notre pays.<\/span><\/p>\n<p class=\"p4\"><span class=\"s2\">Cette d\u00e9marche, qui permettra l\u2019encadrement des cha\u00eenes de t\u00e9l\u00e9vision priv\u00e9es par la loi alg\u00e9rienne, contribuera aussi \u00e0 l\u2019am\u00e9lioration de l\u2019exploitation des capacit\u00e9s du satellite \u00abAlcomsat-1\u00bb.<\/span><\/p>\n<p class=\"p4\"><span class=\"s2\">Enfin, la finalisation du premier r\u00e9seau de T\u00e9l\u00e9vision num\u00e9rique terrestre (TNT) permettra l\u2019extinction de la T\u00e9l\u00e9vision analogique qui est fix\u00e9e par l\u2019Union internationale de t\u00e9l\u00e9communication (UIT), organisme sp\u00e9cialis\u00e9 des Nations unies, \u00e0 compter du 17 juin 2020.<\/span><\/p>\n<p class=\"p4\"><span class=\"s2\">Ceci permettra le d\u00e9ploiement de la Radio num\u00e9rique terrestre (RNT), et donc de prendre en charge les futures cha\u00eenes radios autoris\u00e9es.<\/span><\/p>\n<p class=\"p4\"><span class=\"s2\">Cette technologie num\u00e9rique a pour avantage la diffusion d\u2019un tr\u00e8s grand nombre de cha\u00eenes (9 \u00e0 18 radios par fr\u00e9quence) avec une meilleure qualit\u00e9 d\u2019\u00e9coute et des services \u00e0 valeur ajout\u00e9e (insertion d\u2019image, info trafic, etc.).<\/span><\/p>\n<p class=\"p4\"><em><strong><span class=\"s2\">\u2013 On parle d\u2019une nouvelle loi sur la publicit\u00e9\u00a0; peut-on conna\u00eetre quelques d\u00e9tails des changements ou des innovations qui seront introduits ?<\/span><\/strong><\/em><\/p>\n<p class=\"p4\"><span class=\"s2\">Le dispositif r\u00e8glementant actuellement les activit\u00e9s publicitaires est caract\u00e9ris\u00e9 par l\u2019existence de nombreuses dispositions \u00e9parses inscrites dans diff\u00e9rents textes l\u00e9gislatifs et r\u00e9glementaires.<\/span><\/p>\n<p class=\"p4\"><span class=\"s2\">Reste alors \u00e0 \u00e9laborer une loi qui concilie les imp\u00e9ratifs \u00e9conomiques (la qu\u00eate de supports efficients et performants), les exigences politiques (la pr\u00e9servation du pluralisme par la lutte contre la formation de monopoles et d\u2019abus de positions dominantes) et les n\u00e9cessit\u00e9s sociales (d\u00e9fense de l\u2019enfance, lutte contre les fl\u00e9aux sociaux, etc).<\/span><\/p>\n<p class=\"p4\"><span class=\"s2\">Au vu de ce qui pr\u00e9c\u00e8de, le minist\u00e8re de la Communication \u00e9laborera un avant-projet de loi relative aux activit\u00e9s publicitaires afin de les organiser et de fixer les r\u00e8gles inh\u00e9rentes \u00e0 leur exercice.<\/span><\/p>\n<p><span class=\"post-views-label\">Post Views:<\/span> <span class=\"post-views-count\">2\u00a0235<\/span><\/p>\n<p><br class=\"c2\"\/><br class=\"c5\"\/><\/p>\n<p>Auteur: Anis Khecheba<br \/>\n<a href=\"https:\/\/www.elwatan.com\/edition\/actualite\/le-hirak-a-evite-au-pays-un-effondrement-annonce-23-02-2020\">Cliquez ici pour lire l&rsquo;article depuis sa source.<\/a><\/p>\n","protected":false},"excerpt":{"rendered":"<p>\u2013 Monsieur le ministre, vous avez parl\u00e9 sur les ondes de la radio Cha\u00eene 3 du d\u00e9labrement de l\u2019\u00e9conomie nationale h\u00e9rit\u00e9e de l\u2019\u00e8re Bouteflika. Comment en sommes-nous arriv\u00e9s \u00e0 cette situation pourtant pr\u00e9visible ? Quels sont les m\u00e9canismes qui n\u2019ont pas fonctionn\u00e9 au niveau institutionnel pour assister aujourd\u2019hui \u00e0 une telle catastrophe ? A vrai [&hellip;]<\/p>\n","protected":false},"author":1743,"featured_media":76955,"comment_status":"closed","ping_status":"closed","sticky":false,"template":"","format":"standard","meta":{"fifu_image_url":"","fifu_image_alt":"","footnotes":""},"categories":[73,53],"tags":[],"class_list":["post-76954","post","type-post","status-publish","format-standard","has-post-thumbnail","hentry","category-actualite","category-algerie"],"_links":{"self":[{"href":"https:\/\/linitiative.ca\/International\/wp-json\/wp\/v2\/posts\/76954","targetHints":{"allow":["GET"]}}],"collection":[{"href":"https:\/\/linitiative.ca\/International\/wp-json\/wp\/v2\/posts"}],"about":[{"href":"https:\/\/linitiative.ca\/International\/wp-json\/wp\/v2\/types\/post"}],"author":[{"embeddable":true,"href":"https:\/\/linitiative.ca\/International\/wp-json\/wp\/v2\/users\/1743"}],"replies":[{"embeddable":true,"href":"https:\/\/linitiative.ca\/International\/wp-json\/wp\/v2\/comments?post=76954"}],"version-history":[{"count":0,"href":"https:\/\/linitiative.ca\/International\/wp-json\/wp\/v2\/posts\/76954\/revisions"}],"wp:featuredmedia":[{"embeddable":true,"href":"https:\/\/linitiative.ca\/International\/wp-json\/"}],"wp:attachment":[{"href":"https:\/\/linitiative.ca\/International\/wp-json\/wp\/v2\/media?parent=76954"}],"wp:term":[{"taxonomy":"category","embeddable":true,"href":"https:\/\/linitiative.ca\/International\/wp-json\/wp\/v2\/categories?post=76954"},{"taxonomy":"post_tag","embeddable":true,"href":"https:\/\/linitiative.ca\/International\/wp-json\/wp\/v2\/tags?post=76954"}],"curies":[{"name":"wp","href":"https:\/\/api.w.org\/{rel}","templated":true}]}}