{"id":76956,"date":"2020-02-23T04:13:06","date_gmt":"2020-02-23T09:13:06","guid":{"rendered":"https:\/\/linitiative.ca\/International\/affaire-de-lex-ministre-de-lhabitat-abdelwahid-temmar-34-cadres-et-ex-directeurs-dexecutif-a-mostaganem-ecroues\/"},"modified":"2020-02-23T04:13:06","modified_gmt":"2020-02-23T09:13:06","slug":"affaire-de-lex-ministre-de-lhabitat-abdelwahid-temmar-34-cadres-et-ex-directeurs-dexecutif-a-mostaganem-ecroues","status":"publish","type":"post","link":"https:\/\/linitiative.ca\/International\/affaire-de-lex-ministre-de-lhabitat-abdelwahid-temmar-34-cadres-et-ex-directeurs-dexecutif-a-mostaganem-ecroues\/","title":{"rendered":"Affaire de l\u2019ex-ministre de l\u2019habitat Abdelwahid Temmar : 34 cadres et ex-directeurs d\u2019ex\u00e9cutif \u00e0 Mostaganem \u00e9crou\u00e9s"},"content":{"rendered":"<h4 class=\"title-14\"\/>\n<div class=\"featured_image\"><img loading=\"lazy\" decoding=\"async\" width=\"1817\" height=\"1309\" src=\"https:\/\/www.elwatan.com\/wp-content\/uploads\/2020\/02\/Wahid-Temmar-e1582452488308.jpg\" class=\"attachment-post-thumbnail size-post-thumbnail wp-post-image\" alt=\"Abdelwahid Temmar ex-ministre de l\u2019habitat\" srcset=\"https:\/\/www.elwatan.com\/wp-content\/uploads\/2020\/02\/Wahid-Temmar-e1582452488308.jpg 1817w, https:\/\/www.elwatan.com\/wp-content\/uploads\/2020\/02\/Wahid-Temmar-e1582452488308-300x216.jpg 300w, https:\/\/www.elwatan.com\/wp-content\/uploads\/2020\/02\/Wahid-Temmar-e1582452488308-768x553.jpg 768w, https:\/\/www.elwatan.com\/wp-content\/uploads\/2020\/02\/Wahid-Temmar-e1582452488308-1024x738.jpg 1024w, https:\/\/www.elwatan.com\/wp-content\/uploads\/2020\/02\/Wahid-Temmar-e1582452488308-1320x951.jpg 1320w\" sizes=\"auto, (max-width: 1817px) 100vw, 1817px\"\/><\/div>\n<p class=\"p4\"><span class=\"s1\"><strong>L<\/strong><\/span>e chef de cabinet de la wilaya de Mostaganem a \u00e9t\u00e9 plac\u00e9, jeudi vers 18h, en d\u00e9tention provisoire \u00e0 la prison de Sidi Othmane par le juge d\u2019instruction pr\u00e8s le tribunal de Mostaganem, dans le cadre de l\u2019affaire dans laquelle est impliqu\u00e9 l\u2019ancien wali de Mostaganem et ex-ministre de l\u2019Habitat, Abdelwahid Temmar.<\/p>\n<p class=\"p4\">On apprend que 34 personnes, dont des ex-directeurs de l\u2019ex\u00e9cutif, des cadres de la wilaya et autres responsables, sont \u00e9galement accus\u00e9es dans le cadre de cette affaire. Abdelwahid Temmar a \u00e9t\u00e9 plac\u00e9, le 6 f\u00e9vrier dernier, en d\u00e9tention provisoire au terme de son audition par le juge instructeur pr\u00e8s la Cour supr\u00eame.<\/p>\n<p class=\"p4\">L\u2019ancien wali de Mostaganem est poursuivi dans une premi\u00e8re affaire de \u00abfaux en \u00e9critures publiques par alt\u00e9ration d\u2019\u00e9criture\u00bb, \u00abdilapidation et usage ill\u00e9gal de deniers publics\u00bb accord\u00e9s \u00e0 un fonctionnaire dans le cadre de l\u2019exercice de ses fonctions, \u00aboctroi d\u2019indus privil\u00e8ges \u00e0 autrui en violation des dispositions l\u00e9gislatives et r\u00e9glementaires\u00bb, \u00ababus de pouvoir\u00bb, \u00ababus de fonction\u00bb, \u00abchangement de la vocation agricole d\u2019une terre agricole\u00bb, \u00abatteinte au domaine national et \u00e0 l\u2019\u00e9tat naturel du littoral\u00bb.<\/p>\n<p class=\"p4\">Le pr\u00e9venu est accus\u00e9 \u00e9galement dans une deuxi\u00e8me affaire de \u00abr\u00e9daction de documents administratifs portant des faits erron\u00e9s\u00bb et \u00ababus de fonction\u00bb.<\/p>\n<p class=\"p4\">Le juge instructeur a ordonn\u00e9 le placement du pr\u00e9venu en d\u00e9tention provisoire dans la premi\u00e8re affaire, alors qu\u2019il a rendu une ordonnance de son acquittement dans la deuxi\u00e8me affaire.<\/p>\n<p><span class=\"post-views-label\">Post Views:<\/span> <span class=\"post-views-count\">5\u00a0943<\/span><\/p>\n<p><br class=\"c2\"\/><br class=\"c5\"\/><\/p>\n<p>Auteur: Anis Khecheba<br \/>\n<a href=\"https:\/\/www.elwatan.com\/edition\/actualite\/34-cadres-et-ex-directeurs-dexecutif-a-mostaganem-ecroues-23-02-2020\">Cliquez ici pour lire l&rsquo;article depuis sa source.<\/a><\/p>\n","protected":false},"excerpt":{"rendered":"<p>Le chef de cabinet de la wilaya de Mostaganem a \u00e9t\u00e9 plac\u00e9, jeudi vers 18h, en d\u00e9tention provisoire \u00e0 la prison de Sidi Othmane par le juge d\u2019instruction pr\u00e8s le tribunal de Mostaganem, dans le cadre de l\u2019affaire dans laquelle est impliqu\u00e9 l\u2019ancien wali de Mostaganem et ex-ministre de l\u2019Habitat, Abdelwahid Temmar. On apprend que [&hellip;]<\/p>\n","protected":false},"author":1743,"featured_media":76957,"comment_status":"closed","ping_status":"closed","sticky":false,"template":"","format":"standard","meta":{"fifu_image_url":"","fifu_image_alt":"","footnotes":""},"categories":[73,53],"tags":[],"class_list":["post-76956","post","type-post","status-publish","format-standard","has-post-thumbnail","hentry","category-actualite","category-algerie"],"_links":{"self":[{"href":"https:\/\/linitiative.ca\/International\/wp-json\/wp\/v2\/posts\/76956","targetHints":{"allow":["GET"]}}],"collection":[{"href":"https:\/\/linitiative.ca\/International\/wp-json\/wp\/v2\/posts"}],"about":[{"href":"https:\/\/linitiative.ca\/International\/wp-json\/wp\/v2\/types\/post"}],"author":[{"embeddable":true,"href":"https:\/\/linitiative.ca\/International\/wp-json\/wp\/v2\/users\/1743"}],"replies":[{"embeddable":true,"href":"https:\/\/linitiative.ca\/International\/wp-json\/wp\/v2\/comments?post=76956"}],"version-history":[{"count":0,"href":"https:\/\/linitiative.ca\/International\/wp-json\/wp\/v2\/posts\/76956\/revisions"}],"wp:featuredmedia":[{"embeddable":true,"href":"https:\/\/linitiative.ca\/International\/wp-json\/"}],"wp:attachment":[{"href":"https:\/\/linitiative.ca\/International\/wp-json\/wp\/v2\/media?parent=76956"}],"wp:term":[{"taxonomy":"category","embeddable":true,"href":"https:\/\/linitiative.ca\/International\/wp-json\/wp\/v2\/categories?post=76956"},{"taxonomy":"post_tag","embeddable":true,"href":"https:\/\/linitiative.ca\/International\/wp-json\/wp\/v2\/tags?post=76956"}],"curies":[{"name":"wp","href":"https:\/\/api.w.org\/{rel}","templated":true}]}}