{"id":76960,"date":"2020-02-23T07:05:10","date_gmt":"2020-02-23T12:05:10","guid":{"rendered":"https:\/\/linitiative.ca\/International\/pour-la-liberation-dabdelouahab-fersaoui-et-de-tous-les-detenues-du-hirak\/"},"modified":"2020-02-23T07:05:10","modified_gmt":"2020-02-23T12:05:10","slug":"pour-la-liberation-dabdelouahab-fersaoui-et-de-tous-les-detenues-du-hirak","status":"publish","type":"post","link":"https:\/\/linitiative.ca\/International\/pour-la-liberation-dabdelouahab-fersaoui-et-de-tous-les-detenues-du-hirak\/","title":{"rendered":"Pour la lib\u00e9ration d\u2019Abdelouahab Fersaoui et de tous les d\u00e9tenu(e)s du Hirak"},"content":{"rendered":"<h4 class=\"title-14\"\/>\n<p>Il y a plus d\u2019un an, en Alg\u00e9rie, a surgi un mouvement populaire massif et in\u00e9dit dans l\u2019histoire de ce pays, qui a fait rena\u00eetre l\u2019espoir pour les Alg\u00e9riennes et les Alg\u00e9riens et, au-del\u00e0, pour tout le Maghreb\u00a0: l\u2019espoir d\u2019un pays libre et d\u00e9mocratique,o\u00f9 les citoyennes et citoyens vivraient dans la s\u00e9curit\u00e9 et dans la dignit\u00e9.<\/p>\n<p><span class=\"c4\">Malgr\u00e9 le caract\u00e8re pacifique de ce mouvement \u2013 son atout majeur et d\u00e9cisif \u2013, le pouvoir autoritaire n\u2019a cess\u00e9 de multiplier les actes de r\u00e9pression : harc\u00e8lements, kidnappings, passages \u00e0 tabac, arrestations arbitraires de militants et de manifestants, matraquages m\u00e9diatiques et campagnes de haine sur les r\u00e9seaux sociaux, bouclage de la capitale par la gendarmerie, pr\u00e9sence polici\u00e8re massive\u2026 Sont tout particuli\u00e8rement vis\u00e9s les animateurs de la vie politique et associative, qui jouent un r\u00f4le important dans la mobilisation populaire.<\/span><\/p>\n<p><span class=\"c4\">Il en est ainsi de notre camarade AbdelouahabFersaoui, pr\u00e9sident de RAJ (Rassemblements Actions Jeunesse), membre \u00e9minent du Forum social maghr\u00e9bin et partenaire d\u2019Euromed Droits, qui a \u00e9t\u00e9 arr\u00eat\u00e9 par la police \u00e0 Alger, le 10 octobre 2019, lors d\u2019un rassemblement de soutien aux d\u00e9tenus d\u2019opinion. Alors qu\u2019il manifestait de mani\u00e8re pacifique, il est poursuivi pour \u00ab incitation \u00e0 la violence \u00bb et \u00ab atteinte \u00e0 l\u2019int\u00e9grit\u00e9 territoriale \u00bb. Depuis cette date, la justice a rejet\u00e9 toutes les demandes de sa lib\u00e9ration, et ne cesse de prolonger sa d\u00e9tention : son mandat de d\u00e9p\u00f4t, qui devait expirer le 10 f\u00e9vrier dernier, a \u00e9t\u00e9 renouvel\u00e9 de quatre mois par le tribunal de Sidi-M\u2019hammed.<\/span><\/p>\n<p><span class=\"c4\">Nous, militant.e.s et citoyen.ne.smaghr\u00e9bin.e.s solidaires, ami.e.s de l\u2019Alg\u00e9rie, signataires de cet appel, condamnons cette d\u00e9tention arbitraire de notre camarade AbdelouahabFersaoui, ainsi que toutes celles qui frappent aujourd\u2019hui journalistes, \u00e9tudiants et militants, ou simples citoyens. Nous demandons leur lib\u00e9ration sans d\u00e9lai et sans condition, en conformit\u00e9 avec les lois alg\u00e9riennes garantissant la libert\u00e9 d\u2019expression et le droit de manifester pacifiquement, et en respect des engagements internationaux de l\u2019Alg\u00e9rie, notamment du Pacte international relatif aux droits civils et politiques qu\u2019elle a sign\u00e9 et ratifi\u00e9.<\/span><\/p>\n<p><strong>Premiers signataires<\/strong><\/p>\n<p><span class=\"c4\">ASSOCIATIONS<\/span><\/p>\n<p><span class=\"c4\">Agir pour le changement et la d\u00e9mocratie en Alg\u00e9rie (ACDA)<\/span><\/p>\n<p><span class=\"c4\">Action Jeunesse (FMAS), Maroc<\/span><\/p>\n<p><span class=\"c4\">ASBL Na\u2019oura, Bruxelles<\/span><\/p>\n<p><span class=\"c4\">Assembl\u00e9e citoyenne des originaires de Turquie (ACORT)<\/span><\/p>\n<p><span class=\"c4\">Association ADALA, Maroc<\/span><\/p>\n<p><span class=\"c4\">Association Alternatives citoyennes, Maroc<\/span><\/p>\n<p><span class=\"c4\">Association Amis de l\u2019Alg\u00e9rie, Rennes<\/span><\/p>\n<p><span class=\"c4\">Association BEITY, Tunisie<\/span><\/p>\n<p><span class=\"c4\">Association Beni-Snassen pour la culture le d\u00e9veloppement et la solidarit\u00e9 (ABCDS), Oujda\/Maroc\u00a0\u00a0<\/span><\/p>\n<p><span class=\"c4\">Association Citoyennet\u00e9, d\u00e9veloppement, cultures et migrations des deux rives (CDCMIR), Tunisie<\/span><\/p>\n<p><span class=\"c4\">Association de d\u00e9fense des droits de l\u2019Homme au Maroc (ASDOHM)<\/span><\/p>\n<p><span class=\"c4\">Association d\u00e9mocratique de Tunisiens en France (ADTF)<\/span><\/p>\n<p><span class=\"c4\">Association des familles des prisonniers et disparus sahraouis (AFAPREDESA)<\/span><\/p>\n<p><span class=\"c4\">Association des Femmes tunisiennes pour la recherche et le d\u00e9veloppement (AFTURD)\u00a0\u00a0<\/span><\/p>\n<p><span class=\"c4\">Association des Marocains en France (AMF)<\/span><\/p>\n<p><span class=\"c4\">Association des travailleurs maghr\u00e9bins de France (ATMF)<\/span><\/p>\n<p><span class=\"c4\">Association des Tunisiens en France (ATF)<\/span><\/p>\n<p><span class=\"c4\">Association marocaine des droits de l\u2019Homme (AMDH)<\/span><\/p>\n<p><span class=\"c4\">l\u2019AssociationNachaz-Dissonances<\/span><\/p>\n<p><span class=\"c4\">Association Nomade 08, Tunisie\u00a0<\/span><\/p>\n<p><span class=\"c4\">Association Troisi\u00e8me Mill\u00e9naire, Maroc<\/span><\/p>\n<p><span class=\"c4\">Association tunisienne de l\u2019Is\u00e8re citoyens des deux rives (ATI-CDR)\u00a0<\/span><\/p>\n<p><span class=\"c4\">Association tunisienne des femmes d\u00e9mocrates (ATFD)<\/span><\/p>\n<p><span class=\"c4\">Association tunisienne de d\u00e9fense des valeurs universitaires (ATDVU)\u00a0<\/span><\/p>\n<p><span class=\"c4\">Association Vigilance pour la d\u00e9mocratie et l\u2019Etat civique, Tunisie<\/span><\/p>\n<p><span class=\"c4\">CEDETIM, France\u00a0\u00a0<\/span><\/p>\n<p><span class=\"c4\">Centre euro-m\u00e9diterran\u00e9en Migration et d\u00e9veloppement (EMCEMO), Pays-Bas\u00a0<\/span><\/p>\n<p><span class=\"c4\">Centre tunisien pour la libert\u00e9 de la presse\u00a0\u00a0<\/span><\/p>\n<p><span class=\"c4\">Coalition marocaine pour la justice climatique<\/span><\/p>\n<p><span class=\"c4\">Collectif Alg\u00e9rie libre et d\u00e9mocratique, \u00efle-et-Vilaine (35)<\/span><\/p>\n<p><span class=\"c4\">Collectifs des Alg\u00e9rien(ne)s en Belgique<\/span><\/p>\n<p><span class=\"c4\">Collectif des ami(e)s du Manifeste pour une Alg\u00e9rie nouvelle (CAMAN)<\/span><\/p>\n<p><span class=\"c4\">Collectif \u00ab\u00a0Debout l\u2019Alg\u00e9rie\u00a0\u00bb<\/span><\/p>\n<p><span class=\"c4\">Collectif DZUNITED, San Francisco, USA<\/span><\/p>\n<p><span class=\"c4\">Collectif des familles de disparus (CFDA)<\/span><\/p>\n<p><span class=\"c4\">Collectif national pour la lib\u00e9ration des d\u00e9tenus (CNLD), Alg\u00e9rie<\/span><\/p>\n<p><span class=\"c4\">Comit\u00e9 national de d\u00e9fense des droits des ch\u00f4meurs (CNDDC), Alg\u00e9rie<\/span><\/p>\n<p><span class=\"c4\">Comit\u00e9 de Vigilance pour la d\u00e9mocratie en Tunisie (CVDT), Belgique\u00a0<\/span><\/p>\n<p><span class=\"c4\">Comit\u00e9 pour le respect des libert\u00e9s et des droits de l\u2019Homme en Tunisie (CRLDHT)<\/span><\/p>\n<p><span class=\"c4\">Comit\u00e9s pour le d\u00e9veloppement et le patrimoine (CDP), Palestine\/France\u00a0<\/span><\/p>\n<p><span class=\"c4\">Conseil des lyc\u00e9es d\u2019Alg\u00e9rie (CLA)<\/span><\/p>\n<p><span class=\"c4\">Coordination maghr\u00e9bine des organisations des droits de l\u2019Homme (CMODH)<\/span><\/p>\n<p><span class=\"c4\">Droits devant !!, France<\/span><\/p>\n<p><span class=\"c4\">Droits ici et l\u00e0-bas (DIEL), France<\/span><\/p>\n<p><span class=\"c4\">Euromed Droits<\/span><\/p>\n<p><span class=\"c4\">F\u00e9d\u00e9ration des Tunisiens pour une citoyennet\u00e9 des deux rives (FTCR)<\/span><\/p>\n<p><span class=\"c4\">Femmes plurielles<\/span><\/p>\n<p><span class=\"c4\">Fondation Ahmed-Tlili, Tunisie<\/span><\/p>\n<p><span class=\"c4\">Fondation Frantz-Fanon<\/span><\/p>\n<p><span class=\"c4\">Forum associatif (FAS), Maroc<\/span><\/p>\n<p><span class=\"c4\">Forum marocain D\u00e9mocratie et citoyennet\u00e9<\/span><\/p>\n<p><span class=\"c4\">Forum marocain des alternatives Sud (FMAS)<\/span><\/p>\n<p><span class=\"c4\">Forum marocain V\u00e9rit\u00e9 et justice (FMVT)<\/span><\/p>\n<p><span class=\"c4\">Forum Palestine Citoyennet\u00e9<\/span><\/p>\n<p><span class=\"c4\">Forum tunisien des droits \u00e9conomiques et sociaux (FTDES)<\/span><\/p>\n<p><span class=\"c4\">Front uni des immigrations et des quartiers populaires (FUIQP)<\/span><\/p>\n<p><span class=\"c4\">Immigration D\u00e9veloppement D\u00e9mocratie (IDD)\u00a0<\/span><\/p>\n<p><span class=\"c4\">Instance marocaine des droits de l\u2019Homme (IMDH)\u00a0<\/span><\/p>\n<p><span class=\"c4\">Institut de formation et l\u2019accompagnement des associations de proximit\u00e9 (IFAAP), Maroc<\/span><\/p>\n<p><span class=\"c4\">Institut Mehdi-Ben Barka \u2013 M\u00e9moire vivante\u00a0<\/span><\/p>\n<p><span class=\"c4\">Jeunesse ouvri\u00e8re marocaine (JOM)<\/span><\/p>\n<p><span class=\"c4\">Juristes sans fronti\u00e8res, Libye<\/span><\/p>\n<p><span class=\"c4\">Ligue des droits de l\u2019Homme (LDH), France<\/span><\/p>\n<p><span class=\"c4\">Ligue alg\u00e9rienne de d\u00e9fense des droits de l\u2019Homme (LADDH)<\/span><\/p>\n<p><span class=\"c4\">Ligue marocaine des droits de l\u2019Homme (LMDH)\u00a0<\/span><\/p>\n<p><span class=\"c4\">Ligue tunisienne des droits de l\u2019Homme (LTDH)<\/span><\/p>\n<p><span class=\"c4\">Observatoire amazigh des droits et libert\u00e9s, Maroc<\/span><\/p>\n<p><span class=\"c4\">Observatoire marocain des libert\u00e9s publiques<\/span><\/p>\n<p><span class=\"c4\">Observatoire marocain des prisons (OMP)\u00a0<\/span><\/p>\n<p><span class=\"c4\">Organisation des jeunes de Tawergha, Libye<\/span><\/p>\n<p><span class=\"c4\">Organisation contre la torture en Tunisie (OCTT)<\/span><\/p>\n<p><span class=\"c4\">Organisation pour les libert\u00e9s d\u2019information et d\u2019expression (OLIE\/HATEM), Maroc<\/span><\/p>\n<p><span class=\"c4\">Plateforme euro-marocaine migration, d\u00e9veloppement, citoyennet\u00e9, d\u00e9mocratie (MDCD)<\/span><\/p>\n<p><span class=\"c4\">Rassemblement Actions Jeunesse (RAJ)<\/span><\/p>\n<p><span class=\"c4\">R\u00e9seau amazighe pour la citoyennet\u00e9-Azetta, Maroc<\/span><\/p>\n<p><span class=\"c4\">R\u00e9seau de d\u00e9fense des droits des femmes, Libye<\/span><\/p>\n<p><span class=\"c4\">R\u00e9seau Espace libre mohammedi,Mohammadia, Maroc<\/span><\/p>\n<p><span class=\"c4\">R\u00e9seau Wassyla<\/span><\/p>\n<p><span class=\"c4\">SOS Migrants, Belgique<\/span><\/p>\n<p><span class=\"c4\">Tharwa n\u2019Fadhma n\u2019Soumer<\/span><\/p>\n<p><span class=\"c4\">Union nationale de la femme tunisienne (UNFT)<\/span><\/p>\n<p><span class=\"c4\">Union des Tunisiens pour l\u2019action citoyenne (UTAC)<\/span><\/p>\n<p><span class=\"c4\">Terre Espoir Mauritanie<\/span><\/p>\n<p><span class=\"c4\">Transparency Maroc\u00a0<\/span><\/p>\n<p><span class=\"c4\"><br \/><\/span><span class=\"c4\">SYNDICATS<\/span><\/p>\n<p><span class=\"c4\">Conf\u00e9d\u00e9ration g\u00e9n\u00e9rale des travailleurs en Alg\u00e9rie (CGTA)<\/span><\/p>\n<p><span class=\"c4\">Conf\u00e9d\u00e9ration g\u00e9n\u00e9rale des travailleurs de Mauritanie (CGTM)\u00a0<\/span><\/p>\n<p><span class=\"c4\">Syndicat autonome de l\u2019administration publique en Alg\u00e9rie (SNAPAP)\u00a0<\/span><\/p>\n<p><span class=\"c4\">Union g\u00e9n\u00e9ral du travail de Tunisie (UGTT)\u00a0<\/span><\/p>\n<p><span class=\"c4\">Syndicat national des journalistes tunisiens (SNJT)<\/span><\/p>\n<p><span class=\"c4\">PARTIS<\/span><\/p>\n<p><span class=\"c4\">Jil Jadid-France<\/span><\/p>\n<p><span class=\"c4\">Front des forces socialistes(FFS)-France nord<\/span><\/p>\n<p><span class=\"c4\">Rassemblement pour la culture et la d\u00e9mocratie (RCD)-France Nord<\/span><\/p>\n<p><span class=\"c4\">Ensemble\u00a0!<\/span><\/p>\n<p><span class=\"c4\">La France insoumise (LFI)<\/span><span class=\"c4\"><br \/><\/span><span class=\"c4\">Parti communiste fran\u00e7ais (PCF)<\/span><span class=\"c4\"><br \/><\/span><span class=\"c4\">Pour une \u00e9cologie populaire et sociale (PEPS)<\/span><\/p>\n<p><span class=\"c4\">PERSONNES<\/span><\/p>\n<p><span class=\"c4\">H\u00e9la<\/span><strong>Abdeljaouad<\/strong><span class=\"c4\">, militante f\u00e9ministe, Tunisie<\/span><\/p>\n<p><span class=\"c4\">Adel<\/span> <strong>Abderezak<\/strong><span class=\"c4\">, enseignant universitaire, Alg\u00e9rie<\/span><\/p>\n<p><span class=\"c4\">Hichem<\/span> <strong>Abdessamad<\/strong><span class=\"c4\">, militant associatif, Tunisie\u00a0 \u00a0<\/span><\/p>\n<p><span class=\"c4\">Sma\u00efl<\/span><strong>Abdoun<\/strong><span class=\"c4\">, citoyen alg\u00e9rien<\/span><\/p>\n<p><span class=\"c4\">Abderrahim<\/span><strong>Afarki<\/strong><span class=\"c4\">, biblioth\u00e9caire, France\/Maroc\u00a0<\/span><\/p>\n<p><span class=\"c4\">Kacem<\/span><strong>Afaya<\/strong><span class=\"c4\">, militant de la soci\u00e9t\u00e9 civile et ancien membre du bureau ex\u00e9cutif de l\u2019UGTT<\/span><\/p>\n<p><span class=\"c4\">Fatna<\/span><strong>Afid<\/strong><span class=\"c4\">, syndicaliste, Maroc<\/span><\/p>\n<p><span class=\"c4\">Menad<\/span><strong>Ahmed-Za\u00efd<\/strong><span class=\"c4\">, pr\u00e9sident du RCD-France nord<\/span><\/p>\n<p><span class=\"c4\">Ayad<\/span><strong>Ahram<\/strong><span class=\"c4\">, d\u00e9fenseur des droits humains, Paris<\/span><\/p>\n<p><span class=\"c4\">Farid<\/span> <strong>A\u00efssani<\/strong><span class=\"c4\">, militant politique (membre du conseil national du PS, militant du FFS)<\/span><\/p>\n<p><span class=\"c4\">Ali<\/span> <strong>A\u00eft Djoudi<\/strong><span class=\"c4\">, militant associatif, France\/Alg\u00e9rie<\/span><\/p>\n<p><span class=\"c4\">Hamida<\/span><strong>A\u00eft el-Hadj<\/strong><span class=\"c4\">, Alg\u00e9rie<\/span><\/p>\n<p><span class=\"c4\">Hamid<\/span> <strong>A\u00eft Eljoudi<\/strong><span class=\"c4\">, caricaturiste, Alg\u00e9rie<\/span><\/p>\n<p><span class=\"c4\">Louiza<\/span><strong>A\u00eft Hamou<\/strong><span class=\"c4\">, universitaire, militante f\u00e9ministe, Alg\u00e9rie<\/span><\/p>\n<p><span class=\"c4\">Madjid<\/span> <strong>A\u00eft Mohamed<\/strong><span class=\"c4\">, membre fondateur de la Ligue alg\u00e9rienne de d\u00e9fense des droits de l\u2019Homme (LADDH)\u00a0<\/span><\/p>\n<p><span class=\"c4\">Ali<\/span> <strong>Akika<\/strong><span class=\"c4\">, documentariste, France\/Alg\u00e9rie<\/span><\/p>\n<p><span class=\"c4\">Sanhadja<\/span> <strong>Akrouf<\/strong><span class=\"c4\">, militante f\u00e9ministe et associative<\/span><\/p>\n<p><span class=\"c4\">Hala<\/span> <strong>Alabdala<\/strong><span class=\"c4\">, cin\u00e9aste syrienne<\/span><\/p>\n<p><span class=\"c4\">Fatma<\/span> <strong>Alioua<\/strong><span class=\"c4\">, militante droits des femmes, Alg\u00e9rie<\/span><\/p>\n<p><span class=\"c4\">Mourad<\/span> <strong>Allal<\/strong><span class=\"c4\">, militant associatif, Tunisie\/France<\/span><\/p>\n<p><span class=\"c4\">Tewfik<\/span> <strong>Allal<\/strong><span class=\"c4\">, militant associatif, Alg\u00e9rie\/France<\/span><\/p>\n<p><span class=\"c4\">Idir<\/span><strong>Allileche<\/strong><span class=\"c4\">, militant politique et associatif\u00a0<\/span><\/p>\n<p><span class=\"c4\">Mohamed<\/span> <strong>Allouache<\/strong><span class=\"c4\">, citoyen alg\u00e9rien<\/span><\/p>\n<p><span class=\"c4\">Ahmed<\/span> <strong>Amara<\/strong><span class=\"c4\">, ancien prisonnier politique, Tunisie<\/span><\/p>\n<p><span class=\"c4\">Jean-Claude<\/span> <strong>Amara<\/strong><span class=\"c4\">, porte-parole de Droits devant !!<\/span><\/p>\n<p><span class=\"c4\">Ahmed<\/span><strong>Amarouch\u00e8ne<\/strong><span class=\"c4\">, \u00e9tudiant \u00e0 l\u2019UMMTO et militant associatif (RAJ)<\/span><\/p>\n<p><span class=\"c4\">Arezki<\/span><strong>Amazouz,<\/strong> <span class=\"c4\">Alg\u00e9rie<\/span><\/p>\n<p><span class=\"c4\">Ghanima<\/span><strong>Ammour<\/strong><span class=\"c4\">, po\u00e9tesse, Alg\u00e9rie\/France<\/span><\/p>\n<p><span class=\"c4\">Nadia<\/span> <strong>Ammour<\/strong><span class=\"c4\">, artiste<\/span><\/p>\n<p><span class=\"c4\">Samia<\/span><strong>Ammour<\/strong><span class=\"c4\">, f\u00e9ministe internationaliste, Alg\u00e9rie\/France<\/span><\/p>\n<p><span class=\"c4\">Amirouche<\/span><strong>Amour<\/strong><span class=\"c4\">, \u00e9tudiant alg\u00e9rien<\/span><\/p>\n<p><span class=\"c4\">Jean-Loup<\/span><strong>Amselle<\/strong><span class=\"c4\">, anthropologue<\/span><\/p>\n<p><span class=\"c4\">Ahmed<\/span> <strong>Assid<\/strong><span class=\"c4\">, militant des droits humains (OADL), Maroc\u00a0<\/span><\/p>\n<p><span class=\"c4\">Pierre<\/span><strong>Audin<\/strong><span class=\"c4\">, fils de Josette et Maurice Audin<\/span><\/p>\n<p><span class=\"c4\">Nabil<\/span> <strong>Ayouch<\/strong><span class=\"c4\">, cin\u00e9aste, Maroc<\/span><\/p>\n<p><span class=\"c4\">Thamy<\/span><strong>Ayouch<\/strong><span class=\"c4\">, professeur des universit\u00e9s, Paris<\/span><\/p>\n<p><span class=\"c4\">Noureddine<\/span> <strong>Baaboura<\/strong><span class=\"c4\">, militant associatif, Tunisie\/France<\/span><\/p>\n<p><span class=\"c4\">Soad<\/span><strong>Baba-A\u00efssa,<\/strong> <span class=\"c4\">militante associative, France\/Alg\u00e9rie<\/span><\/p>\n<p><span class=\"c4\">Malika<\/span> <strong>Bakhti<\/strong><span class=\"c4\">, ing\u00e9nieure d\u2019\u00e9tudes<\/span><\/p>\n<p><span class=\"c4\">Djamel<\/span> <strong>Baloul<\/strong><span class=\"c4\">, d\u00e9put\u00e9 FFS, Alg\u00e9rie<\/span><\/p>\n<p><span class=\"c4\">Hichem<\/span> <strong>Baraka<\/strong><span class=\"c4\">, pr\u00e9sident d\u2019ABCS, Oujda Maroc\u00a0<\/span><\/p>\n<p><span class=\"c4\">Brigitte<\/span> <strong>Bardet-Allal<\/strong><span class=\"c4\">, professeure de lettres<\/span><\/p>\n<p><span class=\"c4\">Ahmed<\/span><strong>Bardouhi<\/strong><span class=\"c4\">, RECFD-Mohamadia, Maroc<\/span><\/p>\n<p><span class=\"c4\">Sami<\/span> <strong>Bargaoui<\/strong><span class=\"c4\">, universitaire, Tunisie<\/span><\/p>\n<p><span class=\"c4\">Mohammed<\/span><strong>Bazza<\/strong><span class=\"c4\">, co-pr\u00e9sident du R\u00e9seau IDD (Immigration D\u00e9veloppement D\u00e9mocratie)<\/span><\/p>\n<p><span class=\"c4\">Abdeljelil<\/span><strong>Bedoui<\/strong><span class=\"c4\">, \u00e9conomiste, ancien pr\u00e9sident du FTDES, Tunisie<\/span><\/p>\n<p><span class=\"c4\">Tahar<\/span> <strong>Belabb\u00e8s<\/strong><span class=\"c4\">, Comit\u00e9 national de d\u00e9fense des droits des ch\u00f4meurs (CNDDC), Alg\u00e9rie<\/span><\/p>\n<p><span class=\"c4\">Habib<\/span><strong>Belhadi<\/strong><span class=\"c4\">, animateur culturel, Tunisie<\/span><\/p>\n<p><span class=\"c4\">Souhayr<\/span><strong>Belhassen<\/strong><span class=\"c4\">, pr\u00e9sidente d\u2019honneur de la FIDH, Tunisie<\/span><\/p>\n<p><span class=\"c4\">Mourad<\/span> <strong>Belkahla<\/strong><span class=\"c4\">, m\u00e9decin biologiste, militant des droits humains, Lyon\/Alg\u00e9rie<\/span><\/p>\n<p><span class=\"c4\">Akram<\/span><strong>Belka\u00efd<\/strong><span class=\"c4\">, journaliste, \u00e9crivain<\/span><\/p>\n<p><span class=\"c4\">Farouk<\/span> <strong>Belkeddar<\/strong><span class=\"c4\">, militant associatif, France\/Alg\u00e9rie<\/span><\/p>\n<p><span class=\"c4\">Baghta<\/span><strong>Belkhadi<\/strong><span class=\"c4\">, militante f\u00e9ministe, Tunisie<\/span><\/p>\n<p><span class=\"c4\">Sofiane<\/span> <strong>Benadjila<\/strong><span class=\"c4\">, agronome militant des droits de l\u2019Homme, Laghouat, Alg\u00e9rie<\/span><\/p>\n<p><span class=\"c4\">Lotfi<\/span> <strong>Ben A\u00efssa<\/strong><span class=\"c4\">, militant politique, Tunisie<\/span><\/p>\n<p><span class=\"c4\">Ali<\/span> <strong>Ben Ameur<\/strong><span class=\"c4\">, universitaire, France\/Tunisie\u00a0<\/span><\/p>\n<p><span class=\"c4\">Tahar<\/span> <strong>Benayache<\/strong><span class=\"c4\">, citoyen alg\u00e9rien<\/span><\/p>\n<p><span class=\"c4\">Bachir<\/span> <strong>Ben Barka<\/strong><span class=\"c4\">, enseignant retrait\u00e9, France\/Maroc<\/span><\/p>\n<p><span class=\"c4\">Youcef<\/span> <strong>Benbrahim<\/strong><span class=\"c4\">, avocat, Alg\u00e9rie<\/span><\/p>\n<p><span class=\"c4\">Madjid<\/span> <strong>Benchikh,<\/strong> <span class=\"c4\">ancien Pr\u00e9sident d\u2019Amnesty international en Alg\u00e9rie<\/span><\/p>\n<p><span class=\"c4\">Chafik<\/span> <strong>Ben Guesmia<\/strong><span class=\"c4\">, journaliste, Dallas, Etats-Unis<\/span><\/p>\n<p><span class=\"c4\">Tarek<\/span> <strong>Ben Hiba<\/strong><span class=\"c4\">, militant associatif, France\/Tunis<\/span><\/p>\n<p><span class=\"c4\">Fathi<\/span> <strong>Ben Haj Yahya<\/strong><span class=\"c4\">, \u00e9crivain, Tunisie\u00a0<\/span><\/p>\n<p><span class=\"c4\">Noureddine<\/span> <strong>Benisaad<\/strong><span class=\"c4\">, pr\u00e9sident de la LADDH, Alg\u00e9rie<\/span><\/p>\n<p><span class=\"c4\">Za\u00efneb<\/span><strong>Ben Lagha<\/strong><span class=\"c4\">, universitaire, Paris<\/span><\/p>\n<p><span class=\"c4\">Ali<\/span> <strong>Bensaad<\/strong><span class=\"c4\">, g\u00e9ographe, professeur des universit\u00e9s<\/span><\/p>\n<p><span class=\"c4\">Mohammed<\/span><strong>Bensa\u00efd<\/strong><span class=\"c4\">, militant associatif<\/span><\/p>\n<p><span class=\"c4\">Hayat<\/span> <strong>Berrada-Bousta<\/strong><span class=\"c4\">, responsable du site \u00ab\u00a0Maroc R\u00e9alit\u00e9s\u00a0\u00bb<\/span><\/p>\n<p><span class=\"c4\">Sophie<\/span><strong>Bessis<\/strong><span class=\"c4\">, historienne<\/span><\/p>\n<p><span class=\"c4\">Boussa\u00e2d<\/span><strong>Boua\u00efch<\/strong><span class=\"c4\">, documentaliste multim\u00e9dia<\/span><\/p>\n<p><span class=\"c4\">Boualem<\/span><strong>Kermouche<\/strong><span class=\"c4\">, administrateur du site 22 \u00ab\u00a0f\u00e9vrier 2019\u00a0\u00bb, Canada\/Alg\u00e9rie<\/span><\/p>\n<p><span class=\"c4\">Sa\u00efd<\/span><strong>Bouamama<\/strong><span class=\"c4\">, sociologue<\/span><\/p>\n<p><span class=\"c4\">Hajer<\/span><strong>Bouden<\/strong><span class=\"c4\">, traductrice, France\/Tunisie<\/span><\/p>\n<p><span class=\"c4\">Mahrez<\/span><strong>Bouich<\/strong><span class=\"c4\">, militant des droits humains (LADDH), Alg\u00e9rie<\/span><\/p>\n<p><span class=\"c4\">Nadir<\/span> <strong>Boumaza<\/strong><span class=\"c4\">, professeur \u00e9m\u00e9rite, chercheur PACTE CNRS Grenoble, CNER Alg\u00e9rie<\/span><\/p>\n<p><span class=\"c4\">Alima<\/span><strong>Boumediene Thiery<\/strong><span class=\"c4\">, avocate\u00a0<\/span><\/p>\n<p><span class=\"c4\">Mouloud<\/span> <strong>Boumghar<\/strong><span class=\"c4\">, juriste\u00a0<\/span><\/p>\n<p><span class=\"c4\">Ahmed<\/span> <strong>Boumkass<\/strong><span class=\"c4\">, Maroc\u00a0\u00a0<\/span><\/p>\n<p><span class=\"c4\">Karim<\/span><strong>Bourai<\/strong><span class=\"c4\">, d\u00e9put\u00e9 \u00e0 l\u2019APN de la wilaya de Bejaia, Alg\u00e9rie<\/span><\/p>\n<p><span class=\"c4\">Omar<\/span> <strong>Bouraba<\/strong><span class=\"c4\">, entrepreneur, militant associatif<\/span><\/p>\n<p><span class=\"c4\">Samir<\/span> <strong>Bouzid<\/strong><span class=\"c4\">, militant associatif, Maroc<\/span><\/p>\n<p><span class=\"c4\">Ali<\/span> <strong>Brahimi<\/strong><span class=\"c4\">, juriste, Alg\u00e9rie<\/span><\/p>\n<p><span class=\"c4\">Fran\u00e7oise<\/span> <strong>Carrasse<\/strong><span class=\"c4\">, militante associative<\/span><\/p>\n<p><span class=\"c4\">Kh\u00e9ma\u00efes<\/span><strong>Chammari<\/strong><span class=\"c4\">, militant des droits humains, Tunisie<\/span><\/p>\n<p><span class=\"c4\">Taoufik<\/span><strong>Chammari<\/strong><span class=\"c4\">, militant contre la corruption, Tunisie<\/span><\/p>\n<p><span class=\"c4\">Kacem<\/span><strong>Chebab<\/strong><span class=\"c4\">, militant associatif FMVJ, Maroc\u00a0<\/span><\/p>\n<p><span class=\"c4\">Amina<\/span> <strong>Chabellah<\/strong><span class=\"c4\">, militante associative (Tharwa n\u2019Fadma n\u2019Soumer).<\/span><\/p>\n<p><span class=\"c4\">Houssem<\/span><strong>Cheikhrouhou<\/strong><span class=\"c4\">, militant des droits humains, Tunisie<\/span><\/p>\n<p><span class=\"c4\">H\u00e9di<\/span><strong>Chenchabi<\/strong><span class=\"c4\">, militant associatif et culturel, Tunisie\/France<\/span><\/p>\n<p><span class=\"c4\">Mouhieddine<\/span><strong>Cherbib<\/strong><span class=\"c4\">, militant associatif<\/span><\/p>\n<p><span class=\"c4\">Khadija<\/span> <strong>Ch\u00e9rif<\/strong><span class=\"c4\">, militante f\u00e9ministe, Tunisie<\/span><\/p>\n<p><span class=\"c4\">Mondher<\/span><strong>Cherni<\/strong><span class=\"c4\">, pr\u00e9sident de l\u2019OCT, Tunisie\u00a0\u00a0<\/span><\/p>\n<p><span class=\"c4\">Alice<\/span> <strong>Cherki<\/strong><span class=\"c4\">, psychiatre, psychanalyste,essayiste<\/span><\/p>\n<p><span class=\"c4\">Larbi<\/span><strong>Chouikha<\/strong><span class=\"c4\">, universitaire, Tunisie<\/span><\/p>\n<p><span class=\"c4\">Martine<\/span> <strong>Cohen<\/strong><span class=\"c4\">, sociologue, militante LDH, Paris<\/span><\/p>\n<p><span class=\"c4\">Ahmed<\/span><strong>Dahmani<\/strong><span class=\"c4\">, \u00e9conomiste, France\/Alg\u00e9rie<\/span><\/p>\n<p><span class=\"c4\">Jocelyne<\/span> <strong>Dakhlia<\/strong><span class=\"c4\">, universitaire, France\/Tunisie<\/span><\/p>\n<p><span class=\"c4\">Soufiane<\/span><strong>Denane<\/strong><span class=\"c4\">, militant des droits de l\u2019Homme, Alg\u00e9rie<\/span><\/p>\n<p><span class=\"c4\">Nacer<\/span><strong>Djabi<\/strong><span class=\"c4\">, sociologue, Alg\u00e9rie<\/span><\/p>\n<p><span class=\"c4\">Tawfik<\/span><strong>Djafari<\/strong><span class=\"c4\">, militant du collectif \u00ab\u00a0Debout l\u2019Alg\u00e9rie\u00a0\u00bb, Marrakech<\/span><\/p>\n<p><span class=\"c4\">Daho<\/span> <strong>Djerbal<\/strong><span class=\"c4\">, universitaire<\/span><\/p>\n<p><span class=\"c4\">Mohsen<\/span><strong>Dridi<\/strong><span class=\"c4\">, militant associatif, France\/Tunisie<\/span><\/p>\n<p><span class=\"c4\">Louiza<\/span><strong>Dris-A\u00eft Hamadouche<\/strong><span class=\"c4\">, universitaire, Alg\u00e9rie<\/span><\/p>\n<p><span class=\"c4\">Lalia<\/span><strong>Ducos<\/strong><span class=\"c4\">, militante associative<\/span><\/p>\n<p><span class=\"c4\">Nassera<\/span><strong>Dutour<\/strong><span class=\"c4\">, pr\u00e9sidente du Collectif des familles de disparus (CFDA)<\/span><\/p>\n<p><span class=\"c4\">Mohammed-Lakhdar<\/span> <strong>Ellala<\/strong><span class=\"c4\">, militant associatif<\/span><\/p>\n<p><span class=\"c4\">Mohamed<\/span> <strong>El-Khamlichi<\/strong><span class=\"c4\">, coordinateur de Coalition des sites de conscience\u00a0<\/span><\/p>\n<p><span class=\"c4\">Driss<\/span> <strong>El-Khorchi<\/strong><span class=\"c4\">, militant associatif, Belgique<\/span><\/p>\n<p><span class=\"c4\">Sihem<\/span> <strong>El Mabrouk Chaouachi<\/strong><span class=\"c4\">, militante des droits humains, Tunisie<\/span><\/p>\n<p><span class=\"c4\">Najia<\/span><strong>El Rhaoui<\/strong><span class=\"c4\">, membre de l\u2019AMDH-Paris et militante associative<\/span><\/p>\n<p><span class=\"c4\">Mohamed<\/span> <strong>Ennouhi<\/strong><span class=\"c4\">, vice-pr\u00e9sident de l\u2019IMDH, Maroc\u00a0<\/span><\/p>\n<p><span class=\"c4\">Patrick<\/span> <strong>Farbiaz<\/strong><span class=\"c4\">, \u00e9crivain, militant \u00e9cologiste<\/span><\/p>\n<p><span class=\"c4\">Feriel<\/span><strong>Fat\u00e8s<\/strong><span class=\"c4\">, anthropologue, Alg\u00e9rie\/France<\/span><\/p>\n<p><span class=\"c4\">Djallal<\/span><strong>FirasFarhat<\/strong><span class=\"c4\">, militant pour la d\u00e9mocratie, Oran, Alg\u00e9rie<\/span><\/p>\n<p><span class=\"c4\">Rachid<\/span> <strong>Fengal<\/strong><span class=\"c4\">, militant politique, associatif, doctorant, Paris\/Beja\u00efa<\/span><span class=\"c4\"><br \/><\/span><span class=\"c4\">Farah<\/span> <strong>Ferroudj<\/strong><span class=\"c4\">, militant, blogueur et enseignant<\/span><\/p>\n<p><span class=\"c4\">Yosra<\/span><strong>Frawes<\/strong><span class=\"c4\">, pr\u00e9sidente de l\u2019ATFD, Tunisie\u00a0<\/span><\/p>\n<p><span class=\"c4\">Abderrahmane<\/span><strong>Frihi<\/strong><span class=\"c4\">, syndicaliste, France\/Tunisie<\/span><\/p>\n<p><span class=\"c4\">Jacques<\/span> <strong>Gaillot<\/strong><span class=\"c4\">, \u00e9v\u00eaque\u00a0<\/span><\/p>\n<p><span class=\"c4\">Ahmed<\/span><strong>Galai<\/strong><span class=\"c4\">, membre du comite scientifique de IADH, Tunisie<\/span><\/p>\n<p><span class=\"c4\">Yasmine<\/span> <strong>Graine<\/strong><span class=\"c4\">, Alg\u00e9rie<\/span><\/p>\n<p><span class=\"c4\">Assia<\/span><strong>Guechoud<\/strong><span class=\"c4\">, militante associatif, Strasbourg<\/span><\/p>\n<p><span class=\"c4\">LatefaNarriman<\/span><strong>Guemar<\/strong><span class=\"c4\">, chercheur et militante des droits des r\u00e9fugi\u00e9(e)s, Londres<\/span><\/p>\n<p><span class=\"c4\">Ali<\/span> <strong>Guenoun<\/strong><span class=\"c4\">, historien, Alg\u00e9rie\/France<\/span><\/p>\n<p><span class=\"c4\">Daniel<\/span> <strong>Guerrier<\/strong><span class=\"c4\">, anticolonialiste, pr\u00e9sident des Amis de Spartacus<\/span><\/p>\n<p><span class=\"c4\">Amel<\/span> <strong>Hadjadj<\/strong><span class=\"c4\">, militante f\u00e9ministe, Alg\u00e9rie\u00a0<\/span><\/p>\n<p><span class=\"c4\">Ratiba<\/span><strong>Hadj-Moussa<\/strong><span class=\"c4\">, professeure Canada\/Alg\u00e9rie<\/span><\/p>\n<p><span class=\"c4\">Mounia<\/span> <strong>Haji\u00e9<\/strong><span class=\"c4\">, sociologue, Italie<\/span><\/p>\n<p><span class=\"c4\">Saddek<\/span><strong>Hadjou<\/strong><span class=\"c4\">, premier secr\u00e9taire FFS-France nord<\/span><\/p>\n<p><span class=\"c4\">Bachir<\/span><strong>Hakem<\/strong><span class=\"c4\">, fondateur du CLA et du SNAPEST, Alg\u00e9rie<\/span><\/p>\n<p><span class=\"c4\">Salem<\/span><strong>Hamdi<\/strong><span class=\"c4\">, \u00e9tudiant \u00e0 l\u2019UMMTO et militant associatif, Alg\u00e9rie<\/span><\/p>\n<p><span class=\"c4\">Hamma<\/span><strong>Hammami<\/strong><span class=\"c4\">, militant politique, Tunisie<\/span><\/p>\n<p><span class=\"c4\">Mohammad<\/span><strong>Harbi<\/strong><span class=\"c4\">, historien<\/span><\/p>\n<p><span class=\"c4\">Fouad<\/span><strong>Hassam<\/strong><span class=\"c4\">, syndicaliste, militant des droits humains, Oran, Alg\u00e9rie\u00a0<\/span><\/p>\n<p><span class=\"c4\">Abderrahmane<\/span><strong>Hedhili<\/strong><span class=\"c4\">, pr\u00e9sident du FTDES, Tunisie<\/span><\/p>\n<p><span class=\"c4\">Toufik<\/span> <strong>Hedna<\/strong><span class=\"c4\">, militant associatif, Bretagne\/Alg\u00e9rie<\/span><\/p>\n<p><span class=\"c4\">Larbi<\/span><strong>Henna<\/strong><span class=\"c4\">, \u00e9tudiant \u00e0 l\u2019UMMTO et militant associatif (RAJ), Alg\u00e9rie<\/span><\/p>\n<p><span class=\"c4\">Lyes<\/span><strong>Idiri<\/strong><span class=\"c4\">, \u00e9tudiant \u00e0 l\u2019UMMTO et militant politique, Alg\u00e9rie<\/span><\/p>\n<p><span class=\"c4\">Yasmine<\/span><strong>Ingrachen<\/strong><span class=\"c4\">, \u00e9tudiante \u00e0 l\u2019UMMTO et militante associative, Alg\u00e9rie<\/span><\/p>\n<p><span class=\"c4\">Abdel<\/span><strong>Jelloul<\/strong><span class=\"c4\">, Tunisie\/France<\/span><\/p>\n<p><span class=\"c4\">Kamel<\/span><strong>Jendoubi<\/strong><span class=\"c4\">, militant des droits de l\u2019homme, Tunisie\/France\u00a0<\/span><\/p>\n<p><span class=\"c4\">Radhia<\/span><strong>Jerbi<\/strong><span class=\"c4\">, avocate, militante associative (UNFT), Tunisie<\/span><\/p>\n<p><span class=\"c4\">Abdelkebir<\/span><strong>Jmaiai<\/strong><span class=\"c4\">, militant associatif, Maroc\u00a0<\/span><\/p>\n<p><span class=\"c4\">Mohamed Larbi<\/span> <strong>Kabbaj<\/strong><span class=\"c4\">, militant du Forum marocain<\/span><\/p>\n<p><span class=\"c4\">Yasmina<\/span> <strong>Kacha<\/strong><span class=\"c4\">, citoyenne maghr\u00e9bine, militante des droits humains\u00a0<\/span><\/p>\n<p><span class=\"c4\">A\u00efssa<\/span><strong>Kadri<\/strong><span class=\"c4\">, sociologue<\/span><\/p>\n<p><span class=\"c4\">Amirouche<\/span><strong>Kamour<\/strong><span class=\"c4\">, \u00e9tudiant \u00e0 l\u2019UMMTO et militant politique, Alg\u00e9rie<\/span><\/p>\n<p><span class=\"c4\">Nacer<\/span><strong>Kefi<\/strong><span class=\"c4\">, universitaire, Tunisie<\/span><\/p>\n<p><span class=\"c4\">Myriam<\/span> <strong>Kendsi<\/strong><span class=\"c4\">, artiste peintre<\/span><\/p>\n<p><span class=\"c4\">Abdelmoumene<\/span><strong>Khelil<\/strong><span class=\"c4\">, militant des droits humains (LADDH), Alg\u00e9rie<\/span><\/p>\n<p><span class=\"c4\">Djameldin<\/span><strong>Khennane<\/strong><span class=\"c4\">, militant des droits humains, Oran, Alg\u00e9rie<\/span><\/p>\n<p><span class=\"c4\">Mohamed<\/span> <strong>Khenissi<\/strong><span class=\"c4\">, pr\u00e9sident de l\u2019Association Nachaz-Dissonances, ancien prisonnier politique et militant associatif,<\/span><\/p>\n<p><span class=\"c4\">Ramy<\/span><strong>Khouli<\/strong><span class=\"c4\">, militant des droits humains, Tunisie<\/span><\/p>\n<p><span class=\"c4\">Abdellatif<\/span><strong>Laabi<\/strong><span class=\"c4\">, \u00e9crivain po\u00e8te<\/span><\/p>\n<p><span class=\"c4\">Youssef<\/span><strong>Laaraj<\/strong><span class=\"c4\">, acteur associatif, Maroc<\/span><\/p>\n<p><span class=\"c4\">Souad<\/span> <strong>Labbize<\/strong><span class=\"c4\">, \u00e9crivain, Toulouse<\/span><\/p>\n<p><span class=\"c4\">Kamel<\/span><strong>Lahbib<\/strong><span class=\"c4\">, militant associatif, Maroc<\/span><\/p>\n<p><span class=\"c4\">Hosni<\/span><strong>Lahmar<\/strong><span class=\"c4\">, PSL, Tunisie<\/span><\/p>\n<p><span class=\"c4\">Annie<\/span> <strong>Lahmer<\/strong><span class=\"c4\">, conseill\u00e8re r\u00e9gionale d\u2019\u00cele-de-France<\/span><\/p>\n<p><span class=\"c4\">Makhlouf<\/span><strong>La\u00effa<\/strong><span class=\"c4\">, citoyen alg\u00e9rien<\/span><\/p>\n<p><span class=\"c4\">Nacer<\/span><strong>Lamara<\/strong><span class=\"c4\">, citoyen alg\u00e9rien<\/span><\/p>\n<p><span class=\"c4\">Abdou<\/span><strong>Lassouad<\/strong><span class=\"c4\">, militant associatif, Belgique<\/span><\/p>\n<p><span class=\"c4\">Olivier<\/span> <strong>Le Cour Grandmaison<\/strong><span class=\"c4\">, universitaire<\/span><\/p>\n<p><span class=\"c4\">Jean-Marc<\/span> <strong>L\u00e9vy-Leblond<\/strong><span class=\"c4\">, professeur \u00e9m\u00e9rite de l\u2019Universit\u00e9<\/span><\/p>\n<p><span class=\"c4\">Djamel<\/span> <strong>Limane<\/strong><span class=\"c4\">, charg\u00e9 d\u2019enseignement Universit\u00e9 C\u00f4te-d\u2019Azur<\/span><\/p>\n<p><span class=\"c4\">Youssef<\/span> <strong>Loldj<\/strong><span class=\"c4\">, citoyen alg\u00e9rien, Californie<\/span><\/p>\n<p><span class=\"c4\">Patrice<\/span> <strong>Loraux<\/strong><span class=\"c4\">, philosophe<\/span><\/p>\n<p><span class=\"c4\">Mohamed<\/span> <strong>Maali<\/strong><span class=\"c4\">, journaliste, \u00e9crivain, Tunisie\u00a0<\/span><\/p>\n<p><span class=\"c4\">Larbi<\/span> <strong>Maaninou<\/strong><span class=\"c4\">, enseignant, France\/Maroc<\/span><\/p>\n<p><span class=\"c4\">Tahar<\/span> <strong>Majdoub<\/strong><span class=\"c4\">, journaliste retrait\u00e9<\/span><\/p>\n<p><span class=\"c4\">Gilles<\/span><strong>Manceron<\/strong><span class=\"c4\">, historien<\/span><\/p>\n<p><span class=\"c4\">Far\u00e8s<\/span><strong>Mansouri<\/strong><span class=\"c4\">, militant LADDH, Alg\u00e9rie<\/span><\/p>\n<p><span class=\"c4\">Karim<\/span> <strong>Messaoudi<\/strong><span class=\"c4\">, militant associatif<\/span><\/p>\n<p><span class=\"c4\">Gustavo<\/span><strong>Massiah<\/strong><span class=\"c4\">, \u00e9conomiste<\/span><\/p>\n<p><span class=\"c4\">Abdou<\/span><strong>Menebhi<\/strong><span class=\"c4\">, pr\u00e9sident du Emcemo, Amsterdam<\/span><\/p>\n<p><span class=\"c4\">Amine<\/span> <strong>Menadi<\/strong><span class=\"c4\">, entrepreneur et militant des droits humains, Canada\/Alg\u00e9rie<\/span><\/p>\n<p><span class=\"c4\">Fa\u00efza<\/span><strong>Mena\u00ef<\/strong><span class=\"c4\">, collectif \u00ab\u00a0Debout l\u2019Alg\u00e9rie\u00a0\u00bb, France\/Alg\u00e9rie<\/span><\/p>\n<p><span class=\"c4\">Umit<\/span><strong>Metin<\/strong><span class=\"c4\">, coordinateur ACORT<\/span><\/p>\n<p><span class=\"c4\">Nadia<\/span> <strong>Mezhoud<\/strong><span class=\"c4\">, militante associative, Lyon<\/span><\/p>\n<p><span class=\"c4\">Ezzeddine<\/span><strong>Mhedhbi<\/strong><span class=\"c4\">, militant contre la corruption, Tunisie<\/span><\/p>\n<p><span class=\"c4\">Abdelmajid<\/span><strong>Mhenni<\/strong><span class=\"c4\">, journaliste, militant politique et de droits humains, Alg\u00e9rie<\/span><\/p>\n<p><span class=\"c4\">Tarik<\/span> <strong>Mira<\/strong><span class=\"c4\">, co-animateur du CAMAN, Alg\u00e9rie<\/span><\/p>\n<p><span class=\"c4\">Aziz<\/span><strong>Mkechri<\/strong><span class=\"c4\">, militant, associatif, Belgique<\/span><\/p>\n<p><span class=\"c4\">Dalila<\/span> <strong>Morsly<\/strong><span class=\"c4\">, chercheure en sociolinguistique<\/span><\/p>\n<p><span class=\"c4\">Rosa<\/span> <strong>Moussaoui<\/strong><span class=\"c4\">, grand reporter \u00e0 \u00ab\u00a0L\u2019Humanit\u00e9\u00a0\u00bb<\/span><\/p>\n<p><span class=\"c4\">Bachir<\/span><strong>Moutik<\/strong><span class=\"c4\">, militant associatif sahraoui<\/span><\/p>\n<p><span class=\"c4\">Mohammed Cherif<\/span> <strong>Nacerddine<\/strong><span class=\"c4\">, retrait\u00e9 actif, Alg\u00e9rie<\/span><\/p>\n<p><span class=\"c4\">Radhia<\/span><strong>Nasraoui<\/strong><span class=\"c4\">, militante des droits de l\u2019homme, Tunisie<\/span><\/p>\n<p><span class=\"c4\">Kamel<\/span> <strong>Nemmiche<\/strong><span class=\"c4\">, militant associatif (RAJ)<\/span><\/p>\n<p><span class=\"c4\">Zouhour<\/span><strong>Ouamara<\/strong><span class=\"c4\">, enseignante universitaire en droit public et consultante r\u00e9gionale, Alg\u00e9rie\u00a0<\/span><\/p>\n<p><span class=\"c4\">Habib<\/span><strong>Ouarda<\/strong><span class=\"c4\">, France\/Tunisie<\/span><\/p>\n<p><span class=\"c4\">Nadia<\/span> <strong>OuarekAmedjout<\/strong><span class=\"c4\">, citoyenne, Alg\u00e9rie<\/span><\/p>\n<p><span class=\"c4\">Salah<\/span> <strong>Oudahar<\/strong><span class=\"c4\">, acteur culturel, directeur du festival Strasbourg-M\u00e9diterran\u00e9e<\/span><\/p>\n<p><span class=\"c4\">Jean-Philippe<\/span> <strong>OuldAoudia<\/strong><span class=\"c4\">, m\u00e9decin<\/span><\/p>\n<p><span class=\"c4\">Mohamed<\/span><strong>Ouni<\/strong><span class=\"c4\">, Maroc<\/span><\/p>\n<p><span class=\"c4\">Herv\u00e9<\/span> <strong>Paris<\/strong><span class=\"c4\">, militant Altercarto, France<\/span><\/p>\n<p><span class=\"c4\">A\u00efssa<\/span><strong>Rahmoune<\/strong><span class=\"c4\">, militant associatif LADDH, Alg\u00e9rie<\/span><\/p>\n<p><span class=\"c4\">Bernard<\/span> <strong>Ravenel<\/strong><span class=\"c4\">, historien<\/span><\/p>\n<p><span class=\"c4\">Leila<\/span> <strong>Reba\u00ef<\/strong><span class=\"c4\">, animatrice Euromed Droits, Tunisie\u00a0<\/span><\/p>\n<p><span class=\"c4\">Sadek<\/span><strong>Reba\u00ef<\/strong><span class=\"c4\">, maire de la commune A\u00eft Sma\u00efl (Beja\u00efa)<\/span><\/p>\n<p><span class=\"c4\">Kahina<\/span> <strong>Redjala<\/strong><span class=\"c4\">, militante associative<\/span><\/p>\n<p><span class=\"c4\">Rahim<\/span><strong>Rezigat<\/strong><span class=\"c4\">, responsable associatif<\/span><\/p>\n<p><span class=\"c4\">Marguerite<\/span> <strong>Rollinde<\/strong><span class=\"c4\">, militante des droits humains, France<\/span><\/p>\n<p><span class=\"c4\">Messaoud<\/span><strong>Romdhani<\/strong><span class=\"c4\">, militant des droits humains, Tunisie<\/span><\/p>\n<p><span class=\"c4\">Djamel<\/span><strong>Rouani<\/strong><span class=\"c4\">, syndicaliste retrait\u00e9, Alg\u00e9rie<\/span><\/p>\n<p><span class=\"c4\">Zoheir<\/span><strong>Rouis<\/strong><span class=\"c4\">, secr\u00e9taire national de Jil Jadid, Alg\u00e9rie<\/span><\/p>\n<p><span class=\"c4\">Khadija<\/span><strong>Ryadi<\/strong><span class=\"c4\">, laur\u00e9ate 2013 du Prix des droits de l\u2019Homme des Nations unies, Maroc<\/span><\/p>\n<p><span class=\"c4\">Selima<\/span><strong>Saadi<\/strong><span class=\"c4\">, adjointe au maire de Metz\u00a0<\/span><\/p>\n<p><span class=\"c4\">Lana<\/span> <strong>Sadeq<\/strong><span class=\"c4\">, militante de Forum Palestine Citoyennet\u00e9<\/span><\/p>\n<p><span class=\"c4\">Toufik<\/span> <strong>Sa\u00efd<\/strong><span class=\"c4\">, citoyen alg\u00e9rien, Berne, Suisse<\/span><\/p>\n<p><span class=\"c4\">Djamel<\/span> <strong>Saidouni<\/strong><span class=\"c4\">, journaliste<\/span><\/p>\n<p><span class=\"c4\">Nassira<\/span><strong>Sa\u00efdi<\/strong><span class=\"c4\">, ex-libraire, Alg\u00e9rie<\/span><\/p>\n<p><span class=\"c4\">Hocine<\/span> <strong>Salah<\/strong><span class=\"c4\">, r\u00e9gisseur technicien du cin\u00e9ma, France\/Alg\u00e9rie<\/span><\/p>\n<p><span class=\"c4\">Rami<\/span> <strong>Salhi<\/strong><span class=\"c4\">, animateur Euromed Droits, Tunisie<\/span><\/p>\n<p><span class=\"c4\">Sa\u00efd<\/span><strong>Salhi<\/strong><span class=\"c4\">, vice-pr\u00e9sident de la LADDH, Alg\u00e9rie\u00a0<\/span><\/p>\n<p><span class=\"c4\">Jamila<\/span><strong>Sayouri<\/strong><span class=\"c4\">, pr\u00e9sidente Association Adala, Maroc<\/span><\/p>\n<p><span class=\"c4\">Le\u00efla<\/span> <strong>Sebbar<\/strong><span class=\"c4\">, \u00e9crivain, France\/Alg\u00e9rie<\/span><\/p>\n<p><span class=\"c4\">Aldja Samia<\/span><strong>Seghir<\/strong><span class=\"c4\">, militante du Mouvement Ibtykar, Alg\u00e9rie<\/span><\/p>\n<p><span class=\"c4\">Yosra<\/span><strong>Seghir<\/strong><span class=\"c4\">, universitaire, Tunisie<\/span><\/p>\n<p><span class=\"c4\">Brahim<\/span> <strong>Senouci<\/strong><span class=\"c4\">, \u00e9crivain, ma\u00eetre de conf\u00e9rences, Alg\u00e9rie\/France<\/span><\/p>\n<p><span class=\"c4\">Madjid<\/span> <strong>Seraoui<\/strong><span class=\"c4\">, enseignant, Orly\/Alg\u00e9rie\u00a0<\/span><\/p>\n<p><span class=\"c4\">Ridha<\/span><strong>Sfaxi<\/strong><span class=\"c4\">, Tunisie\/France<\/span><\/p>\n<p><span class=\"c4\">Houcine<\/span><strong>Sifaoui<\/strong><span class=\"c4\">, Alg\u00e9rie<\/span><\/p>\n<p><span class=\"c4\">Abdelatif<\/span> <strong>Si Hadj Mohand<\/strong><span class=\"c4\">, enseignant, militant\u00a0politique,\u00a0ancien membre du conseil national\u00a0du CNAPESTE<\/span><\/p>\n<p><span class=\"c4\">Catherine<\/span> <strong>Simon<\/strong><span class=\"c4\">, journaliste\u00a0<\/span><\/p>\n<p><span class=\"c4\">Abderrahim<\/span><strong>Sioui<\/strong><span class=\"c4\">, d\u00e9fenseur des droits de l\u2019Homme, Maroc\u00a0<\/span><\/p>\n<p><span class=\"c4\">Hassen<\/span> <strong>Slama<\/strong><span class=\"c4\">, universitaire, Italie\/Tunisie\u00a0<\/span><\/p>\n<p><span class=\"c4\">Mohammed<\/span> <strong>Smida<\/strong><span class=\"c4\">, militant associatif et politique, France\/Tunisie<\/span><\/p>\n<p><span class=\"c4\">Taoufiq<\/span> <strong>Tahani<\/strong><span class=\"c4\">, universitaire, Maroc\/France<\/span><\/p>\n<p><span class=\"c4\">Djamel<\/span><strong>Takka<\/strong><span class=\"c4\">, Alg\u00e9rie<\/span><\/p>\n<p><span class=\"c4\">Amar<\/span> <strong>Taleb<\/strong><span class=\"c4\">, m\u00e9decin, Alg\u00e9rie<\/span><\/p>\n<p><span class=\"c4\">Khaoula<\/span><strong>Taleb-Ibrahimi<\/strong><span class=\"c4\">, sociolinguiste, universitaire<\/span><\/p>\n<p><span class=\"c4\">Meriem<\/span><strong>Tangour<\/strong><span class=\"c4\">, militante des droits humains, Tunisie<\/span><\/p>\n<p><span class=\"c4\">Kaci<\/span> <strong>Tansaout<\/strong><span class=\"c4\">, militant politique et droits l\u2019homme, Alg\u00e9rie<\/span><\/p>\n<p><span class=\"c4\">Giovanna<\/span> <strong>Tanzarella<\/strong><span class=\"c4\">, membre de l\u2019IREMMO et vice-pr\u00e9sidente du R\u00e9seau Euromed France\u00a0<\/span><\/p>\n<p><span class=\"c4\">Youssef<\/span> <strong>Tazibt<\/strong> <span class=\"c4\">d\u00e9put\u00e9 PT d\u00e9missionnaire de l\u2019APN, Alg\u00e9rie<\/span><\/p>\n<p><span class=\"c4\">Sa\u00efd<\/span><strong>Tbel<\/strong><span class=\"c4\">, militant des droits humains, Maroc<\/span><\/p>\n<p><span class=\"c4\">Emmanuel<\/span> <strong>Terray<\/strong><span class=\"c4\">, anthropologue<\/span><\/p>\n<p><span class=\"c4\">Ridha<\/span><strong>Tlili<\/strong><span class=\"c4\">, Fondation Ahmed-Tlili, Tunisie<\/span><\/p>\n<p><span class=\"c4\">Abdelkrim<\/span><strong>Tounsy<\/strong><span class=\"c4\">, enseignant, Tunisie\u00a0<\/span><\/p>\n<p><span class=\"c4\">Mokhtar<\/span><strong>Trifi<\/strong><span class=\"c4\">, ancien pr\u00e9sident de la LDHT, Tunisie\u00a0<\/span><\/p>\n<p><span class=\"c4\">Souad<\/span><strong>Triki<\/strong><span class=\"c4\">, universitaire, Tunisie<\/span><\/p>\n<p><span class=\"c4\">Souad<\/span><strong>Wheidi<\/strong><span class=\"c4\">, Observatory on Gender in Crisis, Maroc<\/span><\/p>\n<p><span class=\"c4\">Moh<\/span><strong>Yakoub<\/strong><span class=\"c4\">, responsable du FFS, Alg\u00e9rie\/France<\/span><\/p>\n<p><span class=\"c4\">Djaouida<\/span><strong>Zmerli<\/strong><span class=\"c4\">, Alg\u00e9rie<\/span><\/p>\n<p><span class=\"c4\">Abdallah<\/span><strong>Zniber<\/strong><span class=\"c4\">, militant associatif, Maroc\/France<\/span><\/p>\n<p><span class=\"c4\">Zoubir<\/span><strong>Rouina<\/strong><span class=\"c4\">, secr\u00e9taire g\u00e9n\u00e9ral du syndicat CLA, Alg\u00e9rie<\/span><\/p>\n<p><strong>Contacts<\/strong><\/p>\n<p><span class=\"c4\">FRANCE<\/span><\/p>\n<p><span class=\"c4\">Tewfik<\/span><strong>Allal<\/strong> <span class=\"c4\">:<\/span> <a href=\"\/cdn-cgi\/l\/email-protection#25514052434c4e0b44494944496548444c4943570b464a48\"><span class=\"c4\"><span class=\"__cf_email__\" data-cfemail=\"d5a1b0a2b3bcbefbb4b9b9b4b995b8b4bcb9b3a7fbb6bab8\">[email\u00a0protected]<\/span><\/span><\/a> <span class=\"c4\">\u2013 00 33 (0)6 81 60 65 43\u00a0<\/span><\/p>\n<p><span class=\"c4\">Mouhieddine<\/span><strong>Cherbib<\/strong> <span class=\"c4\">:<\/span><a href=\"\/cdn-cgi\/l\/email-protection#e18c8e948988848585888f8482898493838883a1868c80888dcf828e8c\"><span class=\"c4\"><span class=\"__cf_email__\" data-cfemail=\"a7cac8d2cfcec2c3c3cec9c2c4cfc2d5c5cec5e7c0cac6cecb89c4c8ca\">[email\u00a0protected]<\/span><\/span><\/a> <span class=\"c4\">00 33 (0)650520416\u00a0<\/span><\/p>\n<p><span class=\"c4\">Abdallah<\/span> <strong>Zniber<\/strong> <span class=\"c4\">:<\/span> <a href=\"\/cdn-cgi\/l\/email-protection#d5b4b7b1b4b9b9b4bdfbafbbbcb7b0a795a2b4bbb4b1babafbb3a7\"><span class=\"c4\"><span class=\"__cf_email__\" data-cfemail=\"9cfdfef8fdf0f0fdf4b2e6f2f5fef9eedcebfdf2fdf8f3f3b2faee\">[email\u00a0protected]<\/span><\/span><\/a> <span class=\"c4\">\u2013 00 33 (0)6 71 21 35 54\u00a0<\/span><\/p>\n<p><span class=\"c4\">ALGERIE<\/span><\/p>\n<p><span class=\"c4\">Kamel<\/span> <strong>Nemmiche\u00a0<\/strong><span class=\"c4\">:<\/span> <a href=\"\/cdn-cgi\/l\/email-protection#93fdf6fefefaf0fbf6f8d3eaf2fbfcfcbdf5e1\"><span class=\"c4\"><span class=\"__cf_email__\" data-cfemail=\"127c777f7f7b717a7779526b737a7d7d3c7460\">[email\u00a0protected]<\/span><\/span><\/a> <span class=\"c4\">\u2013 00 213 7 79 16 02 18<\/span><\/p>\n<p><span class=\"c4\">MAROC<\/span><\/p>\n<p><span class=\"c4\">Kamel<\/span> <strong>Lahbib<\/strong> <span class=\"c4\">:<\/span><a href=\"\/cdn-cgi\/l\/email-protection#117a707c707d3f7d707973787351767c70787d3f727e7c\"><span class=\"c4\"><span class=\"__cf_email__\" data-cfemail=\"caa1aba7aba6e4a6aba2a8a3a88aada7aba3a6e4a9a5a7\">[email\u00a0protected]<\/span><\/span><\/a> <span class=\"c4\">\u2013 00 212 6 61 14 24 60\u00a0<\/span><\/p>\n<p><span class=\"c4\">TUNISIE<\/span><\/p>\n<p><span class=\"c4\">Messaoud<\/span> <strong>Romdhani\u00a0<\/strong><span class=\"c4\">:<\/span><a href=\"\/cdn-cgi\/l\/email-protection#bed3dfd690cadfd2dcd7fed9d3dfd7d290ddd1d3\"><span class=\"c4\"><span class=\"__cf_email__\" data-cfemail=\"79141811570d18151b10391e14181015571a1614\">[email\u00a0protected]<\/span><\/span><\/a> <span class=\"c4\">\u2013\u00a0 00 216 97 32 29 21<\/span><\/p>\n<p><span class=\"post-views-label\">Post Views:<\/span> <span class=\"post-views-count\">629<\/span><\/p>\n<p><br class=\"c2\"\/><br class=\"c6\"\/><br \/>\nAuteur: Mohand Yahiaoui<br \/>\n<a href=\"https:\/\/www.elwatan.com\/pages-hebdo\/france-actu\/pour-la-liberation-dabdelouahabfersaouiet-de-tous-les-detenues-du-hirak-23-02-2020\">Cliquez ici pour lire l&rsquo;article depuis sa source.<\/a><\/p>\n","protected":false},"excerpt":{"rendered":"<p>Il y a plus d\u2019un an, en Alg\u00e9rie, a surgi un mouvement populaire massif et in\u00e9dit dans l\u2019histoire de ce pays, qui a fait rena\u00eetre l\u2019espoir pour les Alg\u00e9riennes et les Alg\u00e9riens et, au-del\u00e0, pour tout le Maghreb\u00a0: l\u2019espoir d\u2019un pays libre et d\u00e9mocratique,o\u00f9 les citoyennes et citoyens vivraient dans la s\u00e9curit\u00e9 et dans la [&hellip;]<\/p>\n","protected":false},"author":1743,"featured_media":0,"comment_status":"closed","ping_status":"closed","sticky":false,"template":"","format":"standard","meta":{"fifu_image_url":"","fifu_image_alt":"","footnotes":""},"categories":[73,53],"tags":[],"class_list":["post-76960","post","type-post","status-publish","format-standard","hentry","category-actualite","category-algerie"],"_links":{"self":[{"href":"https:\/\/linitiative.ca\/International\/wp-json\/wp\/v2\/posts\/76960","targetHints":{"allow":["GET"]}}],"collection":[{"href":"https:\/\/linitiative.ca\/International\/wp-json\/wp\/v2\/posts"}],"about":[{"href":"https:\/\/linitiative.ca\/International\/wp-json\/wp\/v2\/types\/post"}],"author":[{"embeddable":true,"href":"https:\/\/linitiative.ca\/International\/wp-json\/wp\/v2\/users\/1743"}],"replies":[{"embeddable":true,"href":"https:\/\/linitiative.ca\/International\/wp-json\/wp\/v2\/comments?post=76960"}],"version-history":[{"count":0,"href":"https:\/\/linitiative.ca\/International\/wp-json\/wp\/v2\/posts\/76960\/revisions"}],"wp:attachment":[{"href":"https:\/\/linitiative.ca\/International\/wp-json\/wp\/v2\/media?parent=76960"}],"wp:term":[{"taxonomy":"category","embeddable":true,"href":"https:\/\/linitiative.ca\/International\/wp-json\/wp\/v2\/categories?post=76960"},{"taxonomy":"post_tag","embeddable":true,"href":"https:\/\/linitiative.ca\/International\/wp-json\/wp\/v2\/tags?post=76960"}],"curies":[{"name":"wp","href":"https:\/\/api.w.org\/{rel}","templated":true}]}}