{"id":76969,"date":"2020-02-23T02:48:25","date_gmt":"2020-02-23T07:48:25","guid":{"rendered":"https:\/\/linitiative.ca\/International\/le-stade-de-la-violence-a-la-recherche-du-pere-perdu\/"},"modified":"2020-02-23T02:48:25","modified_gmt":"2020-02-23T07:48:25","slug":"le-stade-de-la-violence-a-la-recherche-du-pere-perdu","status":"publish","type":"post","link":"https:\/\/linitiative.ca\/International\/le-stade-de-la-violence-a-la-recherche-du-pere-perdu\/","title":{"rendered":"Le stade de la violence : A la recherche du P\u00e8re perdu"},"content":{"rendered":"<p>Des excit\u00e9s arm\u00e9s viennent \u00ab foutre \u00bb le bazar autour d\u2019un match de football et voil\u00e0 que tous, (journalistes, analystes, consultants, autorit\u00e9s civiles et politiques) se retrouvent \u00e0 chanter en ch\u0153ur le refrain sempiternel sur les hooligans, les ultras et tutti quanti.<\/p>\n<div class=\"c10\"\/>\n<p>Le pire c\u2019est qu\u2019\u00e0 chaque fois ces gens-l\u00e0 donnent l\u2019impression d\u2019avoir red\u00e9couvert l\u2019eau chaude ou le fil \u00e0 couper le beurre.<\/p>\n<p>A force de lire ou d\u2019\u00e9couter leurs analyses, raisonnements et jugements, on devient aussi perdus qu\u2019ils le sont et l\u2019on rejoint le clan de tous ceux qui veulent exclure le football de la soci\u00e9t\u00e9, sous le pr\u00e9texte que ce sport n\u2019augure que des comportements de bruts et de criminels qui viennent y assouvir leurs bas instincts.<\/p>\n<p>Et puis il y a les autres, les intellos qui, du haut de leurs convictions, vous ass\u00e8nent que tout cela n\u2019est que le fait de groupes d\u2019extr\u00eame droite qui prennent les stades en otage pour d\u00e9verser leur haine et fourbir leurs armes, pour plus tard, prendre le pouvoir.\u00a0<\/p>\n<p>Bigre, rien que \u00e7a\u2026 Alors donc le football serait devenu dangereux pour le r\u00e9gime d\u2019un Etat qui le cautionne et l\u2019alimente \u00e0 coups de milliards? Qui pourrait croire \u00e0 cette inversion des donn\u00e9es ?\u00a0<\/p>\n<p>Donn\u00e9es qui voulaient faire du football, l\u2019opium des peuples, le moyen d\u2019endormir toutes vell\u00e9it\u00e9s de contestation sociale.<\/p>\n<p>A suivre les analyses de pseudo-connaisseurs de la chose politique, on y perdrait son latin si tant est que quelqu\u2019un pigerait encore goutte aux versions grecques et latines d\u2019antan.<\/p>\n<p>Cela fait longtemps que la langue latine a disparu des manuels scolaires mais l\u2019expression \u00abperdre son latin\u00bb est rest\u00e9e, comme quoi il y a des axiomes qui ont la vie dure. Tout autant que la b\u00eatise humaine qui, de son c\u00f4t\u00e9, n\u2019est pas pr\u00e8s de disparaitre du monde o\u00f9 nous vivons.<\/p>\n<p>C\u2019est ce qui explique que de nombreuses personnes ont des avis contradictoires sur le football qui passe de sport-roi \u00e0 sport dangereux pour les populaces.<\/p>\n<p>En v\u00e9rit\u00e9, le football n\u2019est ni le meilleur ni le pire des loisirs que le monde a engendr\u00e9s. Pensez bien que s\u2019il avait \u00e9t\u00e9 aussi dangereux que veulent le faire croire les bien-pensants, il y a longtemps qu\u2019il aurait disparu, car les dirigeants des pays se seraient arrang\u00e9s pour l\u2019\u00e9radiquer. Aucune personne sens\u00e9e ne peut tol\u00e9rer quelque chose capable de provoquer sa perte, et disons-le tout net, si le foot ne sert pas le Pouvoir, le Pouvoir a tous les moyens de s\u2019en passer.<\/p>\n<p>Or, le football, malgr\u00e9 ses d\u00e9rives est plus populaire et plus soutenu que jamais.<\/p>\n<p>Son \u00e9conomie, on devrait dire son industrie, engendre des milliards \u00e0 longueur d\u2019ann\u00e9es, et il n\u2019est pas appel\u00e9 \u00e0 disparaitre. Sa magie passionne les foules \u00e0 travers le monde, et les droits T.V, sont devenus une v\u00e9ritable guerre \u00e9conomique pour en obtenir le privil\u00e8ge des retransmissions.<\/p>\n<p>Alors de quoi parle-t-on en fait, et surtout comment expliquer le raisonnement de ceux qui veulent clouer le football au pilori ?<\/p>\n<p>La r\u00e9ponse est toute simple, c\u2019est que le football, hyper m\u00e9diatis\u00e9, est en fait sous analys\u00e9. Et quand les \u00ab intellos \u00bb de fa\u00e7ade daignent s\u2019y int\u00e9resser, c\u2019est pour le d\u00e9nigrer, et pour, \u00e0 la moindre incartade, au moindre d\u00e9bordement, venir hurler les <em>\u00abJe vous l\u2019avais bien dit, \u00bb<\/em> qui font l\u2019essentiel de leur constat.<\/p>\n<p>En v\u00e9rit\u00e9, le foot n\u2019est ni l\u2019opium ni le vomissoire du peuple. Il en est tout simplement le miroir, un miroir qui refl\u00e8te la soci\u00e9t\u00e9 au sein de laquelle il vit.<\/p>\n<p>Tant que l\u2019on n\u2019a pas compris les \u00e9volutions et les circonvolutions de notre soci\u00e9t\u00e9, on ne comprendra rien \u00e0 ce qui se passe dans notre football.<\/p>\n<p>Les interdictions des stades aux mineurs, les huis-clos, les sanctions \u00e0 tour de bras, les arrestations et emprisonnements de jeunes \u00e9cervel\u00e9s et d\u00e9boussol\u00e9s, apr\u00e8s chaque escalade, sont aussi efficaces qu\u2019un caut\u00e8re sur une jambe de bois.<\/p>\n<p>On multiplie les agents d\u2019autorit\u00e9 dans les tribunes et autour des champs de jeu, mais cela ne fait qu\u2019amplifier la grogne et dor\u00e9navant les d\u00e9g\u00e2ts que subissent les forces de l\u2019ordre, pris r\u00e9guli\u00e8rement pour cibles, connaissent des proportions inqui\u00e9tantes. A Safi et Rabat, pour ne parler que des matchs les plus r\u00e9cents, les v\u00e9hicules officiels de la S\u00fbret\u00e9 Nationale ont \u00e9t\u00e9 plus endommag\u00e9s que les voitures particuli\u00e8res.\u00a0<\/p>\n<p>Alors o\u00f9 va-t-on et surtout contre qui se bat-on ?<\/p>\n<p>Contre une soci\u00e9t\u00e9 qui a perdu tout rep\u00e8re depuis qu\u2019elle a abandonn\u00e9 les principales valeurs \u00e9ducatives.\u00a0<\/p>\n<p>Chaque soci\u00e9t\u00e9 est un groupe form\u00e9 de citoyens et citoyennes, ces individus sont le fruit d\u2019une \u00e9ducation, laquelle \u00e9ducation commence d\u2019abord dans le cercle familial. Avant que d\u2019aller \u00e0 l\u2019\u00e9cole o\u00f9 l\u2019instituteur doit continuer l\u2019\u00e9ducation de l\u2019enfant, celui-ci est sous la responsabilit\u00e9 de ses parents. Si ceux-l\u00e0 n\u2019accomplissent pas cette premi\u00e8re \u00e9tape qui doit \u00eatre faite de respect, d\u2019attention et d\u2019autorit\u00e9, l\u2019enfant est quasiment perdu pour la soci\u00e9t\u00e9. Qui n\u2019a jamais appris \u00e0 respecter l\u2019autorit\u00e9 familiale sera r\u00e9tif \u00e0 toute forme d\u2019autorit\u00e9, sauf \u00e0 celle de la force et de la violence.<\/p>\n<p>Au Maroc, h\u00e9las, pour des raisons que tout le monde connait, et qu\u2019il serait trop long et inutile de d\u00e9velopper ici, beaucoup de nos enfants arrivent \u00e0 l\u2019adolescence sans n\u2019avoir jamais compris ce que c\u2019est d\u2019ob\u00e9ir. Un enfant peut s\u2019autoriser \u00e0 dire \u00e0 son propre p\u00e8re : <em>\u00ab Tu n\u2019avais qu\u2019\u00e0 ne pas me mettre au monde si tu n\u2019as pas les moyens de m\u2019\u00e9lever \u00bb<\/em>. Phrase horrible que bien des parents avouent avoir d\u00e9j\u00e0 entendu de la part de leurs rejetons.<\/p>\n<p>C\u2019est l\u00e0 le comble de l\u2019irrespect et il est partag\u00e9 plus qu\u2019on ne le suppose. Ce scandale est g\u00e9n\u00e9ral et on l\u2019attribue plus \u00e0 la d\u00e9mission des parents qu\u2019\u00e0 la paup\u00e9risation des familles. Certes, pauvret\u00e9 est m\u00e8re de tous les vices, mais c\u2019est aussi une excuse bien commode car il doit y avoir des limites \u00e0 ne pas d\u00e9passer. Au sein de la famille, les limites normales ont \u00e9t\u00e9 d\u00e9pass\u00e9es, alors aucune autre force ne peut plus corriger quoi que ce soit. Le reste, dans les stades et ailleurs d\u00e9coule de cette terrible \u00e9vidence.<\/p>\n<div class=\"c17\">\n<fieldset class=\"c16\">\n<legend><strong><span class=\"c11\">Challenge<\/span><span class=\"c12\">news<\/span><\/strong><\/legend>\n<div class=\"c15\">Le meilleur de Challenge s\u00e9lectionn\u00e9 par la r\u00e9daction :<\/p>\n<\/div>\n<\/fieldset>\n<\/div>\n<p>Auteur: Najib Salmi<br \/>\n<a href=\"https:\/\/www.challenge.ma\/le-stade-de-la-violence-a-la-recherche-du-pere-perdu-130696\/\">Cliquez ici pour lire l&rsquo;article depuis sa source.<\/a><\/p>\n","protected":false},"excerpt":{"rendered":"<p>Des excit\u00e9s arm\u00e9s viennent \u00ab foutre \u00bb le bazar autour d\u2019un match de football et voil\u00e0 que tous, (journalistes, analystes, consultants, autorit\u00e9s civiles et politiques) se retrouvent \u00e0 chanter en ch\u0153ur le refrain sempiternel sur les hooligans, les ultras et tutti quanti. Le pire c\u2019est qu\u2019\u00e0 chaque fois ces gens-l\u00e0 donnent l\u2019impression d\u2019avoir red\u00e9couvert l\u2019eau [&hellip;]<\/p>\n","protected":false},"author":1787,"featured_media":0,"comment_status":"closed","ping_status":"closed","sticky":false,"template":"","format":"standard","meta":{"fifu_image_url":"","fifu_image_alt":"","footnotes":""},"categories":[78,54],"tags":[],"class_list":["post-76969","post","type-post","status-publish","format-standard","hentry","category-economie","category-maroc"],"_links":{"self":[{"href":"https:\/\/linitiative.ca\/International\/wp-json\/wp\/v2\/posts\/76969","targetHints":{"allow":["GET"]}}],"collection":[{"href":"https:\/\/linitiative.ca\/International\/wp-json\/wp\/v2\/posts"}],"about":[{"href":"https:\/\/linitiative.ca\/International\/wp-json\/wp\/v2\/types\/post"}],"author":[{"embeddable":true,"href":"https:\/\/linitiative.ca\/International\/wp-json\/wp\/v2\/users\/1787"}],"replies":[{"embeddable":true,"href":"https:\/\/linitiative.ca\/International\/wp-json\/wp\/v2\/comments?post=76969"}],"version-history":[{"count":0,"href":"https:\/\/linitiative.ca\/International\/wp-json\/wp\/v2\/posts\/76969\/revisions"}],"wp:attachment":[{"href":"https:\/\/linitiative.ca\/International\/wp-json\/wp\/v2\/media?parent=76969"}],"wp:term":[{"taxonomy":"category","embeddable":true,"href":"https:\/\/linitiative.ca\/International\/wp-json\/wp\/v2\/categories?post=76969"},{"taxonomy":"post_tag","embeddable":true,"href":"https:\/\/linitiative.ca\/International\/wp-json\/wp\/v2\/tags?post=76969"}],"curies":[{"name":"wp","href":"https:\/\/api.w.org\/{rel}","templated":true}]}}