{"id":76972,"date":"2020-02-23T06:07:44","date_gmt":"2020-02-23T11:07:44","guid":{"rendered":"https:\/\/linitiative.ca\/International\/lafactory-ouvre-une-base-a-dakar\/"},"modified":"2020-02-23T06:07:44","modified_gmt":"2020-02-23T11:07:44","slug":"lafactory-ouvre-une-base-a-dakar","status":"publish","type":"post","link":"https:\/\/linitiative.ca\/International\/lafactory-ouvre-une-base-a-dakar\/","title":{"rendered":"Lafactory ouvre une base \u00e0 Dakar"},"content":{"rendered":"<p><strong>Trois ans apr\u00e8s sa cr\u00e9ation au Maroc, Lafactory, l\u2019usine \u00e0 startups, a annonc\u00e9, vendredi 21 f\u00e9vrier, l\u2019ouverture d\u2019un bureau \u00e0 Dakar.<\/strong><\/p>\n<div class=\"c10\"\/>\n<p><strong>Lafactory<\/strong> poursuit son extension en Afrique. \u00ab\u00a0Ayant d\u00e9ploy\u00e9 des projets dans plus de 10 pays africains, il est temps pour La Startup Factory d\u2019ouvrir une base habit\u00e9e dans un second pays et ce sera \u00e0 Dakar au S\u00e9n\u00e9gal\u00a0\u00bb, a annonc\u00e9 son fondateur Mehdi Alaoui, vendredi, lors d\u2019une pr\u00e9sentation qui a vu la participation de Papa Amadou, ministre, d\u00e9l\u00e9gu\u00e9 g\u00e9n\u00e9ral \u00e0 l\u2019Entrepreneuriat.<\/p>\n<p>Lire aussi : <a href=\"https:\/\/www.challenge.ma\/lafactory-fete-sa-premiere-annee-dincubation-des-startups-au-maroc-99309\/\">LaFactory f\u00eate sa premi\u00e8re ann\u00e9e d\u2019incubation des startups au Maroc<\/a><\/p>\n<p>Lafactory, qui a sign\u00e9 deux partenariats, notamment avec <strong>Emerging Valley<\/strong>, bas\u00e9 \u00e0 Marseille et l\u2019Agence de Coop\u00e9ration Internationale Allemande, GIZ, a affich\u00e9 son ambition, entre autres, d\u2019accompagner les grands groupes \u00c0 travers le programme <strong>Maghreb Fintech<\/strong> d\u2019Open innovation en partenariat avec la banque mondiale et les cinq banques centrales du Maghreb. Objectif\u00a0: identifier et d\u00e9ployer des technologies num\u00e9riques disruptives permettant d\u2019offrir des transactions abordables, instantan\u00e9es et fiables op\u00e9rations B2C et B2B \u00e0 l\u2019\u00e9chelle du Maghreb.<\/p>\n<p><img decoding=\"async\" src=\"https:\/\/www.challenge.ma\/wp-content\/uploads\/2020\/02\/39e31dfb-27f8-4e16-bc36-ded422fb4780-1024x768.jpeg\" alt=\"\" class=\"wp-image-130766\" srcset=\"https:\/\/www.challenge.ma\/wp-content\/uploads\/2020\/02\/39e31dfb-27f8-4e16-bc36-ded422fb4780-1024x768.jpeg 1024w, https:\/\/www.challenge.ma\/wp-content\/uploads\/2020\/02\/39e31dfb-27f8-4e16-bc36-ded422fb4780-300x225.jpeg 300w, https:\/\/www.challenge.ma\/wp-content\/uploads\/2020\/02\/39e31dfb-27f8-4e16-bc36-ded422fb4780-768x576.jpeg 768w, https:\/\/www.challenge.ma\/wp-content\/uploads\/2020\/02\/39e31dfb-27f8-4e16-bc36-ded422fb4780-360x270.jpeg 360w, https:\/\/www.challenge.ma\/wp-content\/uploads\/2020\/02\/39e31dfb-27f8-4e16-bc36-ded422fb4780-750x563.jpeg 750w, https:\/\/www.challenge.ma\/wp-content\/uploads\/2020\/02\/39e31dfb-27f8-4e16-bc36-ded422fb4780.jpeg 1280w\" sizes=\"(max-width: 1024px) 100vw, 1024px\"\/>Mehdi Alaoui avec Papa Amadou, ministre, d\u00e9l\u00e9gu\u00e9 g\u00e9n\u00e9ral \u00e0 l\u2019Entrepreneuriat.<\/p>\n<div class=\"c17\">\n<fieldset class=\"c16\">\n<legend><strong><span class=\"c11\">Challenge<\/span><span class=\"c12\">news<\/span><\/strong><\/legend>\n<div class=\"c15\">Le meilleur de Challenge s\u00e9lectionn\u00e9 par la r\u00e9daction :<\/p>\n<\/div>\n<\/fieldset>\n<\/div>\n<p>Auteur: Hassan Manyani<br \/>\n<a href=\"https:\/\/www.challenge.ma\/lafactory-ouvre-une-base-a-dakar-130764\/\">Cliquez ici pour lire l&rsquo;article depuis sa source.<\/a><\/p>\n","protected":false},"excerpt":{"rendered":"<p>Trois ans apr\u00e8s sa cr\u00e9ation au Maroc, Lafactory, l\u2019usine \u00e0 startups, a annonc\u00e9, vendredi 21 f\u00e9vrier, l\u2019ouverture d\u2019un bureau \u00e0 Dakar. Lafactory poursuit son extension en Afrique. \u00ab\u00a0Ayant d\u00e9ploy\u00e9 des projets dans plus de 10 pays africains, il est temps pour La Startup Factory d\u2019ouvrir une base habit\u00e9e dans un second pays et ce sera [&hellip;]<\/p>\n","protected":false},"author":1787,"featured_media":76973,"comment_status":"closed","ping_status":"closed","sticky":false,"template":"","format":"standard","meta":{"fifu_image_url":"","fifu_image_alt":"","footnotes":""},"categories":[78,54],"tags":[],"class_list":["post-76972","post","type-post","status-publish","format-standard","has-post-thumbnail","hentry","category-economie","category-maroc"],"_links":{"self":[{"href":"https:\/\/linitiative.ca\/International\/wp-json\/wp\/v2\/posts\/76972","targetHints":{"allow":["GET"]}}],"collection":[{"href":"https:\/\/linitiative.ca\/International\/wp-json\/wp\/v2\/posts"}],"about":[{"href":"https:\/\/linitiative.ca\/International\/wp-json\/wp\/v2\/types\/post"}],"author":[{"embeddable":true,"href":"https:\/\/linitiative.ca\/International\/wp-json\/wp\/v2\/users\/1787"}],"replies":[{"embeddable":true,"href":"https:\/\/linitiative.ca\/International\/wp-json\/wp\/v2\/comments?post=76972"}],"version-history":[{"count":0,"href":"https:\/\/linitiative.ca\/International\/wp-json\/wp\/v2\/posts\/76972\/revisions"}],"wp:featuredmedia":[{"embeddable":true,"href":"https:\/\/linitiative.ca\/International\/wp-json\/"}],"wp:attachment":[{"href":"https:\/\/linitiative.ca\/International\/wp-json\/wp\/v2\/media?parent=76972"}],"wp:term":[{"taxonomy":"category","embeddable":true,"href":"https:\/\/linitiative.ca\/International\/wp-json\/wp\/v2\/categories?post=76972"},{"taxonomy":"post_tag","embeddable":true,"href":"https:\/\/linitiative.ca\/International\/wp-json\/wp\/v2\/tags?post=76972"}],"curies":[{"name":"wp","href":"https:\/\/api.w.org\/{rel}","templated":true}]}}