{"id":76980,"date":"2020-02-23T14:17:30","date_gmt":"2020-02-23T19:17:30","guid":{"rendered":"https:\/\/linitiative.ca\/International\/tunisie-fakhfakh-se-reunit-avec-les-membres-de-son-equipe\/"},"modified":"2020-02-23T14:17:30","modified_gmt":"2020-02-23T19:17:30","slug":"tunisie-fakhfakh-se-reunit-avec-les-membres-de-son-equipe","status":"publish","type":"post","link":"https:\/\/linitiative.ca\/International\/tunisie-fakhfakh-se-reunit-avec-les-membres-de-son-equipe\/","title":{"rendered":"Tunisie \u2013 Fakhfakh se r\u00e9unit avec les membres de son \u00e9quipe"},"content":{"rendered":"<div class=\"post-cont-in left relative\">\n<p>Le chef du gouvernement d\u00e9sign\u00e9, <a href=\"https:\/\/www.tunisienumerique.com\/tunisie-actualite\/elyes-fakhfakh\/\" title=\"Elyes Fakhfakh\" target=\"_top\" class=\"auto-link\" rel=\"noopener noreferrer\">Elyes Fakhfakh<\/a>, s\u2019est entretenu, ce dimanche \u00e0 Dar Dhiafa, avec les ministres propos\u00e9s dans son cabinet.<\/p>\n<div class=\"code-block code-block-1 c3\"><ins class=\"adsbygoogle c2\" data-ad-layout=\"in-article\" data-ad-format=\"fluid\" data-ad-client=\"ca-pub-2102118777505746\" data-ad-slot=\"7301775417\"\/> <\/div>\n<p>Fakhfakh a mis l\u2019accent sur les principaux crit\u00e8res qui l\u2019ont conduit \u00e0 choisir cette \u00e9quipe, et qui sont l\u2019int\u00e9grit\u00e9 et la comp\u00e9tence, ainsi que la volont\u00e9 de travailler pour l\u2019int\u00e9r\u00eat du pays.<\/p>\n<p>Fakhfakha, par la suite, pr\u00e9sent\u00e9 \u00e0 son \u00e9quipe sa vision du travail \u00e0 accomplir, ainsi que la feuille de route comprenant ses premi\u00e8res priorit\u00e9s.<\/p>\n<div class=\"swp_social_panel swp_horizontal_panel swp_flat_fresh swp_default_full_color swp_individual_full_color swp_other_full_color scale-100 scale-\" data-min-width=\"1100\" data-float-color=\"#ffffff\" data-float=\"bottom\" data-float-mobile=\"bottom\" data-transition=\"slide\">\n<div class=\"nc_tweetContainer swp_share_button total_shares total_sharesalt\"><span class=\"swp_count\">10 <span class=\"swp_label\">Partages<\/span><\/span><\/div>\n<\/div>\n<p><strong>Que se passe-t-il en Tunisie?<\/strong><br \/>Nous expliquons sur notre <a href=\"https:\/\/www.youtube.com\/channel\/UCRzypVq0B_yBad5eGrwBx0Q?sub_confirmation=1\" target=\"_blank\" rel=\"noopener noreferrer\">cha\u00eene YouTube<\/a> . <a href=\"https:\/\/www.youtube.com\/channel\/UCRzypVq0B_yBad5eGrwBx0Q?sub_confirmation=1\" target=\"_blank\" rel=\"noopener noreferrer\">Abonnez-vous!<\/a><\/p>\n<div class=\"mvp-org-wrap mvp-org-logo\" itemprop=\"publisher\" itemscope=\"\" itemtype=\"https:\/\/schema.org\/Organization\"><img decoding=\"async\" src=\"https:\/\/www.tunisienumerique.com\/wp-content\/uploads\/2017\/02\/logo_tunisie_numerique.png\"\/><\/div>\n<div class=\"mvp-related-posts left relative\">\n<h4 class=\"post-header\"><span class=\"post-header\">Lire aussi<\/span><\/h4>\n<\/div>\n<\/div>\n<p>Auteur: LM<br \/>\n<a href=\"https:\/\/www.tunisienumerique.com\/tunisie-fakhfakh-se-reunit-avec-les-membres-de-son-equipe\/\">Cliquez ici pour lire l&rsquo;article depuis sa source.<\/a><\/p>\n","protected":false},"excerpt":{"rendered":"<p>Le chef du gouvernement d\u00e9sign\u00e9, Elyes Fakhfakh, s\u2019est entretenu, ce dimanche \u00e0 Dar Dhiafa, avec les ministres propos\u00e9s dans son cabinet. Fakhfakh a mis l\u2019accent sur les principaux crit\u00e8res qui l\u2019ont conduit \u00e0 choisir cette \u00e9quipe, et qui sont l\u2019int\u00e9grit\u00e9 et la comp\u00e9tence, ainsi que la volont\u00e9 de travailler pour l\u2019int\u00e9r\u00eat du pays. Fakhfakha, par [&hellip;]<\/p>\n","protected":false},"author":1789,"featured_media":76981,"comment_status":"closed","ping_status":"closed","sticky":false,"template":"","format":"standard","meta":{"fifu_image_url":"","fifu_image_alt":"","footnotes":""},"categories":[73,55],"tags":[],"class_list":["post-76980","post","type-post","status-publish","format-standard","has-post-thumbnail","hentry","category-actualite","category-tunisie"],"_links":{"self":[{"href":"https:\/\/linitiative.ca\/International\/wp-json\/wp\/v2\/posts\/76980","targetHints":{"allow":["GET"]}}],"collection":[{"href":"https:\/\/linitiative.ca\/International\/wp-json\/wp\/v2\/posts"}],"about":[{"href":"https:\/\/linitiative.ca\/International\/wp-json\/wp\/v2\/types\/post"}],"author":[{"embeddable":true,"href":"https:\/\/linitiative.ca\/International\/wp-json\/wp\/v2\/users\/1789"}],"replies":[{"embeddable":true,"href":"https:\/\/linitiative.ca\/International\/wp-json\/wp\/v2\/comments?post=76980"}],"version-history":[{"count":0,"href":"https:\/\/linitiative.ca\/International\/wp-json\/wp\/v2\/posts\/76980\/revisions"}],"wp:featuredmedia":[{"embeddable":true,"href":"https:\/\/linitiative.ca\/International\/wp-json\/"}],"wp:attachment":[{"href":"https:\/\/linitiative.ca\/International\/wp-json\/wp\/v2\/media?parent=76980"}],"wp:term":[{"taxonomy":"category","embeddable":true,"href":"https:\/\/linitiative.ca\/International\/wp-json\/wp\/v2\/categories?post=76980"},{"taxonomy":"post_tag","embeddable":true,"href":"https:\/\/linitiative.ca\/International\/wp-json\/wp\/v2\/tags?post=76980"}],"curies":[{"name":"wp","href":"https:\/\/api.w.org\/{rel}","templated":true}]}}