{"id":76982,"date":"2020-02-23T14:39:03","date_gmt":"2020-02-23T19:39:03","guid":{"rendered":"https:\/\/linitiative.ca\/International\/tunisie-une-priorite-imperieuse-attend-le-nouveau-ministre-de-lagriculture-sil-veut-eviter-une-catastrophe\/"},"modified":"2020-02-23T14:39:03","modified_gmt":"2020-02-23T19:39:03","slug":"tunisie-une-priorite-imperieuse-attend-le-nouveau-ministre-de-lagriculture-sil-veut-eviter-une-catastrophe","status":"publish","type":"post","link":"https:\/\/linitiative.ca\/International\/tunisie-une-priorite-imperieuse-attend-le-nouveau-ministre-de-lagriculture-sil-veut-eviter-une-catastrophe\/","title":{"rendered":"Tunisie \u2013 Une priorit\u00e9 imp\u00e9rieuse attend le nouveau ministre de l\u2019agriculture s\u2019il veut \u00e9viter une catastrophe"},"content":{"rendered":"<div class=\"post-cont-in left relative\">\n<p>Le nouveau ministre de l\u2019agriculture va avoir \u00e0 r\u00e9agir au quart de tour, d\u00e8s le jour de sa prise de fonctions. Il va devoir s\u2019attabler sur le premier probl\u00e8me qu\u2019il va rencontrer, et qui, s\u2019il ne l\u2019anticipe pas, va mener le pays, directement vers la catastrophe. Une catastrophe sans pr\u00e9c\u00e9dent, qui guette la Tunisie.<\/p>\n<div class=\"code-block code-block-1 c3\"><ins class=\"adsbygoogle c2\" data-ad-layout=\"in-article\" data-ad-format=\"fluid\" data-ad-client=\"ca-pub-2102118777505746\" data-ad-slot=\"7301775417\"\/> <\/div>\n<p>En effet, la s\u00e9cheresse qui s\u00e9vit en Tunisie, a, d\u00e9finitivement, compromis la saison des grandes cultures, notamment, et surtout, les cultures fourrag\u00e8res. Car avec ce manque flagrant en pluviom\u00e9trie, il faudra s\u2019attendre \u00e0 un manque crucial de fourrage, \u00e0 partir du mois d\u2019avril prochain. Car les agriculteurs n\u2019auront rien \u00e0 moissonner. Et, du coup, les \u00e9leveurs vont se trouver en manque de fourrages.<\/p>\n<p>Et si le minist\u00e8re de l\u2019agriculture ne r\u00e9agit pas par anticipation, pour r\u00e9guler le march\u00e9 du fourrage, et contr\u00f4ler les prix, les \u00e9leveurs vont se trouver d\u00e9pass\u00e9s, ne pouvant plus fournir du fourrage \u00e0 leur b\u00e9tail. Du coup, quelque soit le prix du kilogramme de viande, ils seront, toujours, d\u00e9ficitaires, ne pouvant, certainement, pas r\u00e9cup\u00e9rer le prix de revient, en comptant le fourrage. Ile sera de m\u00eame pour la fili\u00e8re laiti\u00e8re.<\/p>\n<p>De ce fait, il va falloir s\u2019attendre \u00e0 une recrudescence du ph\u00e9nom\u00e8ne de contrebande, avec la vente du b\u00e9tail dans les pays voisins, o\u00f9 sa valeur est, de loin, sup\u00e9rieure au cours local. Ce qui aura pour cons\u00e9quence le gaspillage du cheptel national, et la d\u00e9structuration compl\u00e8te et irr\u00e9versible des fili\u00e8res laiti\u00e8re et de viande rouge.<\/p>\n<p>Il va, donc, falloir entamer les op\u00e9rations d\u2019importation du fourrage des aliments pour b\u00e9tail, d\u00e8s maintenant, et \u00e9tablir un programme d\u2019aide aux agriculteurs et \u00e9leveurs, pour leur permettre de d\u00e9passer la crise. Et il faudra, aussi, se pr\u00e9parer \u00e0 s\u00e9vir contre les sp\u00e9culateurs qui vont, in\u00e9vitablement, essayer de d\u00e9tourner les quotas de fourrage, pour les revendre \u00e0 prix fort, comme il faudra pr\u00e9parer un plan pour emp\u00eacher la contrebande du b\u00e9tail.<\/p>\n<div class=\"swp_social_panel swp_horizontal_panel swp_flat_fresh swp_default_full_color swp_individual_full_color swp_other_full_color scale-100 scale-\" data-min-width=\"1100\" data-float-color=\"#ffffff\" data-float=\"bottom\" data-float-mobile=\"bottom\" data-transition=\"slide\">\n<div class=\"nc_tweetContainer swp_share_button total_shares total_sharesalt\"><span class=\"swp_count\">14 <span class=\"swp_label\">Partages<\/span><\/span><\/div>\n<\/div>\n<p><strong>Que se passe-t-il en Tunisie?<\/strong><br \/>Nous expliquons sur notre <a href=\"https:\/\/www.youtube.com\/channel\/UCRzypVq0B_yBad5eGrwBx0Q?sub_confirmation=1\" target=\"_blank\" rel=\"noopener noreferrer\">cha\u00eene YouTube<\/a> . <a href=\"https:\/\/www.youtube.com\/channel\/UCRzypVq0B_yBad5eGrwBx0Q?sub_confirmation=1\" target=\"_blank\" rel=\"noopener noreferrer\">Abonnez-vous!<\/a><\/p>\n<div class=\"mvp-org-wrap mvp-org-logo\" itemprop=\"publisher\" itemscope=\"\" itemtype=\"https:\/\/schema.org\/Organization\"><img decoding=\"async\" src=\"https:\/\/www.tunisienumerique.com\/wp-content\/uploads\/2017\/02\/logo_tunisie_numerique.png\"\/><\/div>\n<div class=\"mvp-related-posts left relative\">\n<h4 class=\"post-header\"><span class=\"post-header\">Lire aussi<\/span><\/h4>\n<\/div>\n<\/div>\n<p>Auteur: Saber .<br \/>\n<a href=\"https:\/\/www.tunisienumerique.com\/tunisie-une-priorite-imperieuse-attend-le-nouveau-ministre-de-lagriculture-sil-veut-eviter-une-catastrophe\/\">Cliquez ici pour lire l&rsquo;article depuis sa source.<\/a><\/p>\n","protected":false},"excerpt":{"rendered":"<p>Le nouveau ministre de l\u2019agriculture va avoir \u00e0 r\u00e9agir au quart de tour, d\u00e8s le jour de sa prise de fonctions. Il va devoir s\u2019attabler sur le premier probl\u00e8me qu\u2019il va rencontrer, et qui, s\u2019il ne l\u2019anticipe pas, va mener le pays, directement vers la catastrophe. Une catastrophe sans pr\u00e9c\u00e9dent, qui guette la Tunisie. En [&hellip;]<\/p>\n","protected":false},"author":1789,"featured_media":76983,"comment_status":"closed","ping_status":"closed","sticky":false,"template":"","format":"standard","meta":{"fifu_image_url":"","fifu_image_alt":"","footnotes":""},"categories":[73,55],"tags":[],"class_list":["post-76982","post","type-post","status-publish","format-standard","has-post-thumbnail","hentry","category-actualite","category-tunisie"],"_links":{"self":[{"href":"https:\/\/linitiative.ca\/International\/wp-json\/wp\/v2\/posts\/76982","targetHints":{"allow":["GET"]}}],"collection":[{"href":"https:\/\/linitiative.ca\/International\/wp-json\/wp\/v2\/posts"}],"about":[{"href":"https:\/\/linitiative.ca\/International\/wp-json\/wp\/v2\/types\/post"}],"author":[{"embeddable":true,"href":"https:\/\/linitiative.ca\/International\/wp-json\/wp\/v2\/users\/1789"}],"replies":[{"embeddable":true,"href":"https:\/\/linitiative.ca\/International\/wp-json\/wp\/v2\/comments?post=76982"}],"version-history":[{"count":0,"href":"https:\/\/linitiative.ca\/International\/wp-json\/wp\/v2\/posts\/76982\/revisions"}],"wp:featuredmedia":[{"embeddable":true,"href":"https:\/\/linitiative.ca\/International\/wp-json\/"}],"wp:attachment":[{"href":"https:\/\/linitiative.ca\/International\/wp-json\/wp\/v2\/media?parent=76982"}],"wp:term":[{"taxonomy":"category","embeddable":true,"href":"https:\/\/linitiative.ca\/International\/wp-json\/wp\/v2\/categories?post=76982"},{"taxonomy":"post_tag","embeddable":true,"href":"https:\/\/linitiative.ca\/International\/wp-json\/wp\/v2\/tags?post=76982"}],"curies":[{"name":"wp","href":"https:\/\/api.w.org\/{rel}","templated":true}]}}