{"id":76984,"date":"2020-02-23T15:32:56","date_gmt":"2020-02-23T20:32:56","guid":{"rendered":"https:\/\/linitiative.ca\/International\/presidentielle-au-togo\/"},"modified":"2020-02-23T15:32:56","modified_gmt":"2020-02-23T20:32:56","slug":"presidentielle-au-togo","status":"publish","type":"post","link":"https:\/\/linitiative.ca\/International\/presidentielle-au-togo\/","title":{"rendered":"PRESIDENTIELLE AU TOGO"},"content":{"rendered":"<div class=\"stream-item stream-item-above-post-content\">\n<p><noscript><\/p>\n<p><a href=\"\/\/www3.smartadserver.com\/ac?jump=1&#038;nwid=2136&#038;siteid=240610&#038;pgname=rg&#038;fmtid=49046&#038;visit=m&#038;tmstp=[timestamp]&#038;out=nonrich\" target=\"_blank\" rel=\"noopener noreferrer\"><img decoding=\"async\" src=\"\/\/www3.smartadserver.com\/ac?out=nonrich&#038;nwid=2136&#038;siteid=240610&#038;pgname=rg&#038;fmtid=49046&#038;visit=m&#038;tmstp=[timestamp]\" border=\"0\" alt=\"\"\/><\/a><\/p>\n<p><\/noscript><\/div>\n<p class=\"c3\"><em>Les Togolais avaient rendez-vous avec les urnes samedi dernier pour choisir qui des sept candidats en lice apr\u00e8s l\u2019\u00e9cr\u00e9mage de la Cour constitutionnelle, pr\u00e9sidera aux destin\u00e9es de leur pays pour les cinq prochaines ann\u00e9es. Il n\u2019y a certes pas eu de longues files \u00e0 l\u2019entr\u00e9e de tous les bureaux de vote, mais pour un pays connu pour ses faibles taux de participation aux diff\u00e9rentes \u00e9lections, le nombre d\u2019\u00e9lecteurs enregistr\u00e9 \u00e0 l\u2019occasion de cette pr\u00e9sidentielle, est tout de m\u00eame satisfaisant, m\u00eame si l\u2019on ne dispose pas, pour l\u2019instant, de chiffres exacts \u00e9manant de la Commission \u00e9lectorale nationale ind\u00e9pendante. En attendant les r\u00e9sultats provisoires annonc\u00e9s pour cette semaine, on peut se f\u00e9liciter du d\u00e9roulement, dans le calme, du scrutin alors qu\u2019on redoutait une sanglante impasse avec des \u00e9lecteurs aveugl\u00e9s, des ann\u00e9es durant, par des frustrations diverses et surtout au regard des enjeux actuels depuis que la Constitution adopt\u00e9e en mai 2019, dispose que le pr\u00e9sident de la R\u00e9publique est \u00e9lu au scrutin uninominal majoritaire \u00e0 deux tours et \u00e0 la majorit\u00e9 absolue des suffrages exprim\u00e9s.<\/em><\/p>\n<p class=\"c3\"><strong><em>Ce serait une erreur de parallaxe que de croire que les lignes de la magouille \u00e9lectorale ont d\u00e9finitivement boug\u00e9<\/em><\/strong><\/p>\n<p class=\"c3\"><em>Fort heureusement, il n\u2019en a rien \u00e9t\u00e9, et m\u00eame si des manquements ont \u00e9t\u00e9 signal\u00e9s \u00e7\u00e0 et l\u00e0, notamment dans la capitale Lom\u00e9 qui est historiquement acquise \u00e0 l\u2019opposition, l\u2019\u00e9lection de cette ann\u00e9e n\u2019a pas donn\u00e9 lieu \u00e0 un festival de fraudes \u00e9hont\u00e9es comme ce fut le cas lors des pr\u00e9c\u00e9dents scrutins. C\u2019est d\u00e9j\u00e0 un bon signe pour la d\u00e9mocratie dans ce pays, qu\u2019en plus du changement du mode de scrutin obtenu sous la pression populaire, le pr\u00e9sident Faure Gnassingb\u00e9 qui est seul maitre \u00e0 bord du rafiot togolais depuis son \u00ab\u00a0intronisation\u00a0\u00bb en 2005 par les officiers nordistes, en vienne \u00e0 rivaliser avec ses adversaires dans des conditions moins critiquables. Toutefois, ce serait une erreur de parallaxe que de croire que les lignes de la magouille \u00e9lectorale, m\u00eame trac\u00e9es avec plus de subtilit\u00e9 et de finesse, ont d\u00e9finitivement boug\u00e9 dans ce pays. N\u2019oublions pas, en effet, que la nouvelle Constitution n\u2019a pas fait que lever les scell\u00e9s de la limitation des mandats au profit \u00e9videmment de l\u2019actuel pr\u00e9sident de la R\u00e9publique. Elle a aussi permis au r\u00e9gime de r\u00e9duire sa vuln\u00e9rabilit\u00e9 \u00e0 la contestation populaire \u00e0 travers la loi qui restreint les manifestations publiques, d\u00e9sormais interdites avant 11h et apr\u00e8s 18h, avec la possibilit\u00e9 pour l\u2019administration d\u2019en limiter le nombre. A c\u00f4t\u00e9 de ces moyens liberticides contre d\u2019\u00e9ventuels opposants \u00e0 la r\u00e9\u00e9lection du candidat \u00e0 sa propre succession, le parti au pouvoir a proc\u00e9d\u00e9, cette fois-ci encore et m\u00eame pendant les votes, \u00e0 l\u2019achat de consciences \u00e0 travers la distribution massive de sacs de riz estampill\u00e9s \u00ab\u00a0Faure\u00a0\u00bb et de l\u2019argent public, pour une victoire sans nuance de leur champion \u00e0 l\u2019issue du scrutin. Et que dire de l\u2019in\u00e9galit\u00e9 de traitement entre les pr\u00e9tendants au sacre, le pr\u00e9sident en exercice ayant b\u00e9n\u00e9fici\u00e9 des moyens de l\u2019appareil d\u2019Etat et des faveurs des m\u00e9dias publics\u00a0? Avec tous ces moyens de r\u00e9pression et ces avantages dont dispose Faure Gnassingb\u00e9, on se demande pourquoi les autres candidats qui sont tous de l\u2019opposition, et qui disent r\u00eaver d\u2019une alternance \u00e0 l\u2019occasion de cette \u00e9lection a priori jouable, n\u2019ont pas d\u00e9cid\u00e9 d\u2019une strat\u00e9gie commune, c\u2019est-\u00e0-dire de se pr\u00e9parer \u00e0 faire bloc derri\u00e8re celui qui serait qualifi\u00e9 pour le second tour, afin de sortir enfin le sortant dans les quinze jours suivants.<\/em><\/p>\n<p class=\"c3\"><strong><em>La r\u00e9\u00e9lection de Faure Gnassingb\u00e9 ne rel\u00e8ve plus d\u2019une hypoth\u00e8se d\u2019\u00e9cole, mais d\u2019une quasi-certitude<\/em><\/strong><\/p>\n<p class=\"c3\"><em>La r\u00e9ponse \u00e0 cette interrogation est \u00e0 chercher dans le d\u00e9ficit de confiance r\u00e9ciproque entre les t\u00e9nors de cette opposition et dans les \u00e9ternelles querelles picrocholines qui ont toujours fini par avoir raison de sa coh\u00e9sion et de l\u2019espoir qu\u2019elle a suscit\u00e9 \u00e0 un moment donn\u00e9 chez tous ces Togolais assoiff\u00e9s d\u2019alternance. En tout \u00e9tat de cause, l\u2019implosion de la Coalition des 14 partis de l\u2019opposition qui avait drain\u00e9 des foules gigantesques dans les rues des principales villes togolaises, en 2017 et 2018, l\u2019irruption impromptue sur la sc\u00e8ne politique de candidats ind\u00e9pendants et\/ou centristes dont certains sont de parfaits inconnus, la connivence avec le parti au pouvoir de quasiment tous les corps constitu\u00e9s qui ne sont pas pr\u00eats \u00e0 renoncer \u00e0 la manne financi\u00e8re officielle ou officieuse offerte par les tenants du pouvoir, ont fait en sorte que la r\u00e9\u00e9lection de Faure Gnassingb\u00e9 ne rel\u00e8ve plus d\u2019une hypoth\u00e8se d\u2019\u00e9cole, mais d\u2019une quasi-certitude malgr\u00e9 les j\u00e9r\u00e9miades in\u00e9vitables de ses principaux challengers. Pour \u00eatre davantage pr\u00e9cis, c\u2019est sur du velours que le natif de Afagnan est vraisemblablement en train actuellement de rouler pour effectuer son quatri\u00e8me tour de piste pr\u00e9sidentielle, et r\u00eave peut-\u00eatre d\u00e9j\u00e0 du cinqui\u00e8me que lui autorise la nouvelle Constitution. En attendant que la CENI confirme ce que l\u2019on imagine d\u00e9j\u00e0, Faure Gnassingb\u00e9 se mure dans le silence probablement pour se fabriquer des r\u00e9sultats juste suffisants pour le faire passer pour un chef d\u2019Etat v\u00e9ritablement \u00e9lu \u00e0 la r\u00e9guli\u00e8re\u00a0: pas de score fleuve et g\u00eanant \u00e0 la Noursoultan Nazarbaev, mais\u2026attention, il ne poussera pas la modestie ou l\u2019humilit\u00e9 jusqu\u2019\u00e0 s\u2019octroyer un pourcentage qui flirtera avec la ligne rouge du ballotage. Jusqu\u2019en 2025 au moins, lui qui dirige le seul pays de l\u2019Afrique de l\u2019Ouest qui n\u2019a jamais connu d\u2019alternance d\u00e9mocratique, pourrait continuer \u00e0 faire figure d\u2019exception parmi ses pairs de la sous-r\u00e9gion, avec la b\u00e9n\u00e9diction et les f\u00e9licitations de l\u2019ancienne puissance coloniale fran\u00e7aise qui, m\u00eame si elle n\u2019a pas d\u2019amis au Togo, a beaucoup d\u2019int\u00e9r\u00eats dans ce pays qui esp\u00e8re devenir un hub r\u00e9gional avec son taux de croissance s\u00e9ducteur de 5%, l\u2019absence de groupes terroristes actifs sur son territoire, son nouvel a\u00e9roport international et son port en eaux profondes. Des atouts \u00e9normes qui pourraient ouvrir le boulevard \u00e0 cet homme qui nourrit secr\u00e8tement l\u2019ambition de faire mieux que son p\u00e8re qui a r\u00e9gn\u00e9 sans partage sur le Togo trente-huit ans durant, car, m\u00eame si la Constitution actuelle limite ses mandats \u00e0 deux, rien n\u2019indique qu\u2019avec l\u2019Assembl\u00e9e nationale actuellement largement domin\u00e9e par son parti, le calendrier des ajustements constitutionnels soit compl\u00e8tement boucl\u00e9 pour les ann\u00e9es \u00e0 venir.<\/em><\/p>\n<p class=\"c3\"><strong><em>\u00ab\u00a0Le Pays\u00a0\u00bb<\/em><\/strong><\/p>\n<p>Auteur: Le Pays<br \/>\n<a href=\"http:\/\/lepays.bf\/presidentielle-au-togo\/\">Cliquez ici pour lire l&rsquo;article depuis sa source.<\/a><\/p>\n","protected":false},"excerpt":{"rendered":"<p>Les Togolais avaient rendez-vous avec les urnes samedi dernier pour choisir qui des sept candidats en lice apr\u00e8s l\u2019\u00e9cr\u00e9mage de la Cour constitutionnelle, pr\u00e9sidera aux destin\u00e9es de leur pays pour les cinq prochaines ann\u00e9es. Il n\u2019y a certes pas eu de longues files \u00e0 l\u2019entr\u00e9e de tous les bureaux de vote, mais pour un pays [&hellip;]<\/p>\n","protected":false},"author":1813,"featured_media":0,"comment_status":"closed","ping_status":"closed","sticky":false,"template":"","format":"standard","meta":{"fifu_image_url":"","fifu_image_alt":"","footnotes":""},"categories":[73,81],"tags":[],"class_list":["post-76984","post","type-post","status-publish","format-standard","hentry","category-actualite","category-burkina-faso"],"_links":{"self":[{"href":"https:\/\/linitiative.ca\/International\/wp-json\/wp\/v2\/posts\/76984","targetHints":{"allow":["GET"]}}],"collection":[{"href":"https:\/\/linitiative.ca\/International\/wp-json\/wp\/v2\/posts"}],"about":[{"href":"https:\/\/linitiative.ca\/International\/wp-json\/wp\/v2\/types\/post"}],"author":[{"embeddable":true,"href":"https:\/\/linitiative.ca\/International\/wp-json\/wp\/v2\/users\/1813"}],"replies":[{"embeddable":true,"href":"https:\/\/linitiative.ca\/International\/wp-json\/wp\/v2\/comments?post=76984"}],"version-history":[{"count":0,"href":"https:\/\/linitiative.ca\/International\/wp-json\/wp\/v2\/posts\/76984\/revisions"}],"wp:attachment":[{"href":"https:\/\/linitiative.ca\/International\/wp-json\/wp\/v2\/media?parent=76984"}],"wp:term":[{"taxonomy":"category","embeddable":true,"href":"https:\/\/linitiative.ca\/International\/wp-json\/wp\/v2\/categories?post=76984"},{"taxonomy":"post_tag","embeddable":true,"href":"https:\/\/linitiative.ca\/International\/wp-json\/wp\/v2\/tags?post=76984"}],"curies":[{"name":"wp","href":"https:\/\/api.w.org\/{rel}","templated":true}]}}